{"id":1514,"date":"2020-06-08T09:16:31","date_gmt":"2020-06-08T07:16:31","guid":{"rendered":"http:\/\/agora.xtec.cat\/escfonollosa\/?p=1514"},"modified":"2020-06-08T09:16:31","modified_gmt":"2020-06-08T07:16:31","slug":"reptes-plastics","status":"publish","type":"post","link":"https:\/\/agora.xtec.cat\/escfonollosa\/infantil\/reptes-plastics\/","title":{"rendered":"REPTES PL\u00c0STICS"},"content":{"rendered":"<p>En el seg\u00fcent enlla\u00e7 trobareu algunes idees per treballar l&#8217;expressi\u00f3 pl\u00e0stica. Espero que us agradin i ens feu arribar les vostres obres d&#8217;art.<\/p>\n<p><a href=\"https:\/\/drive.google.com\/open?id=1XxwCQriiB0CyN14mVd7BLs4Wh9ocHIuz\"><img loading=\"lazy\" decoding=\"async\" class=\"aligncenter size-large wp-image-1518\" src=\"https:\/\/agora.xtec.cat\/escfonollosa\/wp-content\/uploads\/usu1840\/2020\/06\/canva_plastica-410x1024.jpg\" alt=\"\" width=\"410\" height=\"1024\" srcset=\"https:\/\/agora.xtec.cat\/escfonollosa\/wp-content\/uploads\/usu1840\/2020\/06\/canva_plastica-410x1024.jpg 410w, https:\/\/agora.xtec.cat\/escfonollosa\/wp-content\/uploads\/usu1840\/2020\/06\/canva_plastica-120x300.jpg 120w, https:\/\/agora.xtec.cat\/escfonollosa\/wp-content\/uploads\/usu1840\/2020\/06\/canva_plastica-768x1920.jpg 768w, https:\/\/agora.xtec.cat\/escfonollosa\/wp-content\/uploads\/usu1840\/2020\/06\/canva_plastica.jpg 800w\" sizes=\"auto, (max-width: 410px) 100vw, 410px\" \/><\/a><a href=\"https:\/\/www.canva.com\/design\/DAD-Fbm7SS0\/-zS64LA_vCRGUNh8P2Bffg\/view?utm_content=DAD-Fbm7SS0&amp;utm_campaign=designshare&amp;utm_medium=link&amp;utm_source=publishsharelink\"><br \/>\n<\/a><\/p>\n","protected":false},"excerpt":{"rendered":"<p>En el seg\u00fcent enlla\u00e7 trobareu algunes idees per treballar l&#8217;expressi\u00f3 pl\u00e0stica. Espero que us agradin i ens feu arribar les vostres obres d&#8217;art.<br \/>\n<a href=\"https:\/\/drive.google.com\/open?id=1XxwCQriiB0CyN14mVd7BLs4Wh9ocHIuz\"><\/a><a href=\"https:\/\/www.canva.com\/design\/DAD-Fbm7SS0\/-zS64LA_vCRGUNh8P2Bffg\/view?utm_content=DAD-Fbm7SS0&amp;utm_campaign=designshare&amp;utm_medium=link&amp;utm_source=publishsharelink\"><br \/>\n<\/a><\/p>\n","protected":false},"author":14,"featured_media":0,"comment_status":"closed","ping_status":"closed","sticky":false,"template":"","format":"standard","meta":{"_bbp_topic_count":0,"_bbp_reply_count":0,"_bbp_total_topic_count":0,"_bbp_total_reply_count":0,"_bbp_voice_count":0,"_bbp_anonymous_reply_count":0,"_bbp_topic_count_hidden":0,"_bbp_reply_count_hidden":0,"_bbp_forum_subforum_count":0,"footnotes":""},"categories":[2],"tags":[83,63],"class_list":["post-1514","post","type-post","status-publish","format-standard","hentry","category-infantil","tag-curs-2019-2020","tag-educacio-infantil"],"post_mailing_queue_ids":[],"_links":{"self":[{"href":"https:\/\/agora.xtec.cat\/escfonollosa\/wp-json\/wp\/v2\/posts\/1514","targetHints":{"allow":["GET"]}}],"collection":[{"href":"https:\/\/agora.xtec.cat\/escfonollosa\/wp-json\/wp\/v2\/posts"}],"about":[{"href":"https:\/\/agora.xtec.cat\/escfonollosa\/wp-json\/wp\/v2\/types\/post"}],"author":[{"embeddable":true,"href":"https:\/\/agora.xtec.cat\/escfonollosa\/wp-json\/wp\/v2\/users\/14"}],"replies":[{"embeddable":true,"href":"https:\/\/agora.xtec.cat\/escfonollosa\/wp-json\/wp\/v2\/comments?post=1514"}],"version-history":[{"count":3,"href":"https:\/\/agora.xtec.cat\/escfonollosa\/wp-json\/wp\/v2\/posts\/1514\/revisions"}],"predecessor-version":[{"id":1519,"href":"https:\/\/agora.xtec.cat\/escfonollosa\/wp-json\/wp\/v2\/posts\/1514\/revisions\/1519"}],"wp:attachment":[{"href":"https:\/\/agora.xtec.cat\/escfonollosa\/wp-json\/wp\/v2\/media?parent=1514"}],"wp:term":[{"taxonomy":"category","embeddable":true,"href":"https:\/\/agora.xtec.cat\/escfonollosa\/wp-json\/wp\/v2\/categories?post=1514"},{"taxonomy":"post_tag","embeddable":true,"href":"https:\/\/agora.xtec.cat\/escfonollosa\/wp-json\/wp\/v2\/tags?post=1514"}],"curies":[{"name":"wp","href":"https:\/\/api.w.org\/{rel}","templated":true}]}}