{"id":1043,"date":"2020-01-29T17:39:55","date_gmt":"2020-01-29T16:39:55","guid":{"rendered":"http:\/\/agora.xtec.cat\/escfonollosa\/?p=1043"},"modified":"2020-01-29T17:39:55","modified_gmt":"2020-01-29T16:39:55","slug":"les-planes-de-son","status":"publish","type":"post","link":"https:\/\/agora.xtec.cat\/escfonollosa\/general\/les-planes-de-son\/","title":{"rendered":"LES PLANES DE SON"},"content":{"rendered":"<p style=\"text-align: justify;\">Degut al risc d&#8217;allaus i pel fet que la pista per on havien d&#8217;anar els taxis estava plena de neu, l&#8217;activitat prevista de raquetes al Parc Nacional d&#8217;Aig\u00fcestortes a la zona del llac de Sant Maurici no ha sigut possible. Hem hagut de canviar de zona i hem fet l&#8217;activitat a les planes de Son. Hem apr\u00e8s a descobrir restes i rastres d&#8217;animals i pantes i n&#8217;hem trobat a cabassos. A m\u00e9s a m\u00e9s, hem pogut veure esquirols, cabirols i fins i tot una guineu. Tamb\u00e9 ens han explicat com es van formar els Pirineus i de quina mena de roques est\u00e0 formada aquesta serralada. Si cliqueu <a href=\"https:\/\/drive.google.com\/drive\/folders\/15ym4KsN9jEFYmBf7PZ2L4CBlyuCC9Dba?usp=sharing\">AQU\u00cd<\/a> hi trobareu les fotos que vam penjar ahir i les d&#8217;avui. La mala not\u00edcia del dia \u00e9s que el Biel Reyes l&#8217;han hagut de venir a buscar perqu\u00e8 ahir es va posar malalt. \u00c9s tota una ll\u00e0stima. Esperem que es recuperi aviat.<\/p>\n<p><a href=\"https:\/\/agora.xtec.cat\/escfonollosa\/wp-content\/uploads\/usu1840\/2020\/01\/IMG-20200129-WA0024.jpg\"><img loading=\"lazy\" decoding=\"async\" class=\"aligncenter size-large wp-image-1044\" src=\"https:\/\/agora.xtec.cat\/escfonollosa\/wp-content\/uploads\/usu1840\/2020\/01\/IMG-20200129-WA0024-1024x768.jpg\" alt=\"\" width=\"1024\" height=\"768\" srcset=\"https:\/\/agora.xtec.cat\/escfonollosa\/wp-content\/uploads\/usu1840\/2020\/01\/IMG-20200129-WA0024-1024x768.jpg 1024w, https:\/\/agora.xtec.cat\/escfonollosa\/wp-content\/uploads\/usu1840\/2020\/01\/IMG-20200129-WA0024-300x225.jpg 300w, https:\/\/agora.xtec.cat\/escfonollosa\/wp-content\/uploads\/usu1840\/2020\/01\/IMG-20200129-WA0024-768x576.jpg 768w, https:\/\/agora.xtec.cat\/escfonollosa\/wp-content\/uploads\/usu1840\/2020\/01\/IMG-20200129-WA0024-200x150.jpg 200w, https:\/\/agora.xtec.cat\/escfonollosa\/wp-content\/uploads\/usu1840\/2020\/01\/IMG-20200129-WA0024.jpg 1600w\" sizes=\"auto, (max-width: 1024px) 100vw, 1024px\" \/><\/a><\/p>\n","protected":false},"excerpt":{"rendered":"<p>Degut al risc d&#8217;allaus i pel fet que la pista per on havien d&#8217;anar els taxis estava plena de neu, l&#8217;activitat prevista de raquetes al Parc Nacional d&#8217;Aig\u00fcestortes a la zona del llac de Sant Maurici no ha sigut possible. Hem hagut de canviar de&hellip;  <a href=\"https:\/\/agora.xtec.cat\/escfonollosa\/general\/les-planes-de-son\/\" title=\"Read LES PLANES DE SON\">Llegeix m\u00e9s\u00bb<\/a><\/p>\n","protected":false},"author":4,"featured_media":0,"comment_status":"closed","ping_status":"closed","sticky":false,"template":"","format":"standard","meta":{"_bbp_topic_count":0,"_bbp_reply_count":0,"_bbp_total_topic_count":0,"_bbp_total_reply_count":0,"_bbp_voice_count":0,"_bbp_anonymous_reply_count":0,"_bbp_topic_count_hidden":0,"_bbp_reply_count_hidden":0,"_bbp_forum_subforum_count":0,"footnotes":""},"categories":[60,1],"tags":[65,68,83,16],"class_list":["post-1043","post","type-post","status-publish","format-standard","hentry","category-cm","category-general","tag-cicle-mitja","tag-colonies","tag-curs-2019-2020","tag-sortides"],"post_mailing_queue_ids":[],"_links":{"self":[{"href":"https:\/\/agora.xtec.cat\/escfonollosa\/wp-json\/wp\/v2\/posts\/1043","targetHints":{"allow":["GET"]}}],"collection":[{"href":"https:\/\/agora.xtec.cat\/escfonollosa\/wp-json\/wp\/v2\/posts"}],"about":[{"href":"https:\/\/agora.xtec.cat\/escfonollosa\/wp-json\/wp\/v2\/types\/post"}],"author":[{"embeddable":true,"href":"https:\/\/agora.xtec.cat\/escfonollosa\/wp-json\/wp\/v2\/users\/4"}],"replies":[{"embeddable":true,"href":"https:\/\/agora.xtec.cat\/escfonollosa\/wp-json\/wp\/v2\/comments?post=1043"}],"version-history":[{"count":3,"href":"https:\/\/agora.xtec.cat\/escfonollosa\/wp-json\/wp\/v2\/posts\/1043\/revisions"}],"predecessor-version":[{"id":1047,"href":"https:\/\/agora.xtec.cat\/escfonollosa\/wp-json\/wp\/v2\/posts\/1043\/revisions\/1047"}],"wp:attachment":[{"href":"https:\/\/agora.xtec.cat\/escfonollosa\/wp-json\/wp\/v2\/media?parent=1043"}],"wp:term":[{"taxonomy":"category","embeddable":true,"href":"https:\/\/agora.xtec.cat\/escfonollosa\/wp-json\/wp\/v2\/categories?post=1043"},{"taxonomy":"post_tag","embeddable":true,"href":"https:\/\/agora.xtec.cat\/escfonollosa\/wp-json\/wp\/v2\/tags?post=1043"}],"curies":[{"name":"wp","href":"https:\/\/api.w.org\/{rel}","templated":true}]}}