{"id":742,"date":"2016-07-04T18:16:08","date_gmt":"2016-07-04T17:16:08","guid":{"rendered":"http:\/\/agora.xtec.cat\/escferreriguardiagranollers\/?p=742"},"modified":"2016-07-07T09:08:43","modified_gmt":"2016-07-07T08:08:43","slug":"bon-estiu","status":"publish","type":"post","link":"https:\/\/agora.xtec.cat\/escferreriguardiagranollers\/primaria\/5e-i-6e\/bon-estiu\/","title":{"rendered":"BON ESTIU!"},"content":{"rendered":"<p><b>Un cop acabat el curs volem desitjar-vos a totes i tots un bon estiu. Aprofiteu-lo per descansar de l&#8217;esfor\u00e7 fet durant el curs per\u00f2 no oblideu les vostres responsabilitats.\u00a0<\/b><\/p>\n<div style=\"text-align: justify;\"><b>Acomiadem els alumnes de 6\u00e8 que el proper curs ja no seran en aquest bloc. Us desitgem que us vagi molt b\u00e9 a l&#8217;Institut!<\/b><\/div>\n<div style=\"text-align: justify;\"><b>Acomiadem tamb\u00e9 a la Ma Rosa, que ha estat la nostra mestra d&#8217;angl\u00e8s durant la nostra Prim\u00e0ria. Moltes gr\u00e0cies i molta sort!<\/b><\/div>\n<div style=\"text-align: justify;\"><\/div>\n<div><\/div>\n<div>\n<div><b><a href=\"https:\/\/4.bp.blogspot.com\/-wzqaoEYM73Y\/V3fXlPBlK4I\/AAAAAAAAEAc\/frqjftDD710lHj3sAPFAlxQVrl6AeB1ywCLcB\/s1600\/IMG_7481.JPG\"><img loading=\"lazy\" decoding=\"async\" class=\"aligncenter\" src=\"https:\/\/4.bp.blogspot.com\/-wzqaoEYM73Y\/V3fXlPBlK4I\/AAAAAAAAEAc\/frqjftDD710lHj3sAPFAlxQVrl6AeB1ywCLcB\/s640\/IMG_7481.JPG\" alt=\"\" width=\"640\" height=\"480\" border=\"0\" \/><\/a><\/b><\/div>\n<\/div>\n<div><\/div>\n<div><\/div>\n<div><\/div>\n<div><\/div>\n<div><span style=\"color: #ffa500;\">I als alumnes de 5\u00e8 us esperem el mes de setembre amb moltes ganes de ser, per un curs, els m\u00e9s grans de l&#8217;escola.<\/span><\/div>\n<div><\/div>\n<div style=\"text-align: center;\"><span style=\"color: #ffa500;\"><a href=\"https:\/\/2.bp.blogspot.com\/-qrppLTkDavY\/V3fYGTBvJVI\/AAAAAAAAEAg\/h9cQw5_SJRo0pK8UtKgCvFe4ydiB76-2wCLcB\/s1600\/IMG_0450.JPG\"><img loading=\"lazy\" decoding=\"async\" src=\"https:\/\/2.bp.blogspot.com\/-qrppLTkDavY\/V3fYGTBvJVI\/AAAAAAAAEAg\/h9cQw5_SJRo0pK8UtKgCvFe4ydiB76-2wCLcB\/s640\/IMG_0450.JPG\" alt=\"\" width=\"640\" height=\"356\" border=\"0\" \/><\/a><\/span><\/div>\n<div style=\"text-align: center;\">A REVEURE!<\/div>\n","protected":false},"excerpt":{"rendered":"<p>Un cop acabat el curs volem desitjar-vos a totes i tots un bon estiu. Aprofiteu-lo per descansar de l&#8217;esfor\u00e7 fet durant el curs per\u00f2 no oblideu les vostres responsabilitats.\u00a0<br \/>\nAcomiadem els alumnes de 6\u00e8 que el proper curs ja no seran en aquest bloc. Us desitgem&hellip;  <a href=\"https:\/\/agora.xtec.cat\/escferreriguardiagranollers\/primaria\/5e-i-6e\/bon-estiu\/\" title=\"Read BON ESTIU!\">Llegeix m\u00e9s\u00bb<\/a><\/p>\n","protected":false},"author":1,"featured_media":943,"comment_status":"open","ping_status":"open","sticky":false,"template":"","format":"standard","meta":{"_bbp_topic_count":0,"_bbp_reply_count":0,"_bbp_total_topic_count":0,"_bbp_total_reply_count":0,"_bbp_voice_count":0,"_bbp_anonymous_reply_count":0,"_bbp_topic_count_hidden":0,"_bbp_reply_count_hidden":0,"_bbp_forum_subforum_count":0,"footnotes":""},"categories":[12],"tags":[],"class_list":["post-742","post","type-post","status-publish","format-standard","has-post-thumbnail","hentry","category-5e-i-6e"],"post_mailing_queue_ids":[],"_links":{"self":[{"href":"https:\/\/agora.xtec.cat\/escferreriguardiagranollers\/wp-json\/wp\/v2\/posts\/742","targetHints":{"allow":["GET"]}}],"collection":[{"href":"https:\/\/agora.xtec.cat\/escferreriguardiagranollers\/wp-json\/wp\/v2\/posts"}],"about":[{"href":"https:\/\/agora.xtec.cat\/escferreriguardiagranollers\/wp-json\/wp\/v2\/types\/post"}],"author":[{"embeddable":true,"href":"https:\/\/agora.xtec.cat\/escferreriguardiagranollers\/wp-json\/wp\/v2\/users\/1"}],"replies":[{"embeddable":true,"href":"https:\/\/agora.xtec.cat\/escferreriguardiagranollers\/wp-json\/wp\/v2\/comments?post=742"}],"version-history":[{"count":2,"href":"https:\/\/agora.xtec.cat\/escferreriguardiagranollers\/wp-json\/wp\/v2\/posts\/742\/revisions"}],"predecessor-version":[{"id":944,"href":"https:\/\/agora.xtec.cat\/escferreriguardiagranollers\/wp-json\/wp\/v2\/posts\/742\/revisions\/944"}],"wp:featuredmedia":[{"embeddable":true,"href":"https:\/\/agora.xtec.cat\/escferreriguardiagranollers\/wp-json\/wp\/v2\/media\/943"}],"wp:attachment":[{"href":"https:\/\/agora.xtec.cat\/escferreriguardiagranollers\/wp-json\/wp\/v2\/media?parent=742"}],"wp:term":[{"taxonomy":"category","embeddable":true,"href":"https:\/\/agora.xtec.cat\/escferreriguardiagranollers\/wp-json\/wp\/v2\/categories?post=742"},{"taxonomy":"post_tag","embeddable":true,"href":"https:\/\/agora.xtec.cat\/escferreriguardiagranollers\/wp-json\/wp\/v2\/tags?post=742"}],"curies":[{"name":"wp","href":"https:\/\/api.w.org\/{rel}","templated":true}]}}