{"id":7320,"date":"2026-06-21T10:49:22","date_gmt":"2026-06-21T08:49:22","guid":{"rendered":"https:\/\/agora.xtec.cat\/escferreriguardiagranollers\/?p=7320"},"modified":"2026-06-21T10:53:17","modified_gmt":"2026-06-21T08:53:17","slug":"tanquem-el-nostre-primer-curs-a-lescola","status":"publish","type":"post","link":"https:\/\/agora.xtec.cat\/escferreriguardiagranollers\/infantil\/tanquem-el-nostre-primer-curs-a-lescola\/","title":{"rendered":"TANQUEM EL NOSTRE PRIMER CURS A  L&#8217;ESCOLA"},"content":{"rendered":"<p class=\"isSelectedEnd\"><img loading=\"lazy\" decoding=\"async\" class=\"aligncenter\" src=\"https:\/\/encrypted-tbn0.gstatic.com\/images?q=tbn:ANd9GcTOU8jUAebl04U8taGhTwiMYfjH5XMmfdS-VkcLmshIkQ&amp;s=10\" alt=\"Taules d&#96;estaci\u00f3 Waldorf\" width=\"299\" height=\"264\" \/><\/p>\n<p class=\"isSelectedEnd\" style=\"text-align: center;\">Arribem al final del curs 25-26 amb el cor ben ple.<\/p>\n<p class=\"isSelectedEnd\" style=\"text-align: left;\">Ha estat un curs intens, s\u00ed, per\u00f2 sobretot ha estat un curs molt bonic. El primer curs d\u2019entrada a l\u2019escola, un temps de descobertes, d\u2019adaptacions, de primeres vegades i de molts moments compartits que, de mica en mica, han anat construint el nostre dia a dia.<\/p>\n<p class=\"isSelectedEnd\" style=\"text-align: left;\">Hem apr\u00e8s a con\u00e8ixer-nos, a confiar, a jugar plegats, a esperar, a escoltar, a abra\u00e7ar, a riure i tamb\u00e9 a sostenir-nos quan ha calgut. Hem creat vincles, hem fet cam\u00ed junts i hem viscut experi\u00e8ncies que ens han ajudat a cr\u00e9ixer, cadasc\u00fa al seu ritme, per\u00f2 sempre acompanyats i acompanyades.<\/p>\n<p class=\"isSelectedEnd\" style=\"text-align: left;\">Ens emportem mirades, paraules, complicitats, can\u00e7ons, contes, converses, mans petites que busquen altres mans i molts moments que quedaran guardats amb molta estima.<\/p>\n<p class=\"isSelectedEnd\" style=\"text-align: left;\">Gr\u00e0cies a totes les fam\u00edlies per la confian\u00e7a, per l\u2019acompanyament i per haver format part d\u2019aquest primer curs tan especial. Ha estat un plaer compartir-lo amb vosaltres i veure com els infants han anat fent seva l\u2019escola, omplint-la de vida, tendresa i alegria.<\/p>\n<p class=\"isSelectedEnd\" style=\"text-align: left;\">Ara toca descansar, jugar, gaudir del temps sense presses i carregar-nos d\u2019estiu.<\/p>\n<p class=\"isSelectedEnd\" style=\"text-align: left;\">Us desitgem unes vacances molt boniques, plenes de calma, rialles, abra\u00e7ades i moments per compartir.<\/p>\n<p style=\"text-align: left;\"><strong>Bon estiu, fam\u00edlies!<\/strong><\/p>\n","protected":false},"excerpt":{"rendered":"<p>Arribem al final del curs 25-26 amb el cor ben ple.<br \/>\nHa estat un curs intens, s\u00ed, per\u00f2 sobretot ha estat un curs molt bonic. El primer curs d\u2019entrada a l\u2019escola, un temps de descobertes, d\u2019adaptacions, de primeres vegades i de molts moments compartits que, de&hellip;  <a href=\"https:\/\/agora.xtec.cat\/escferreriguardiagranollers\/infantil\/tanquem-el-nostre-primer-curs-a-lescola\/\" title=\"Read TANQUEM EL NOSTRE PRIMER CURS A  L&#8217;ESCOLA\">Llegeix m\u00e9s\u00bb<\/a><\/p>\n","protected":false},"author":3,"featured_media":0,"comment_status":"open","ping_status":"open","sticky":false,"template":"","format":"standard","meta":{"_bbp_topic_count":0,"_bbp_reply_count":0,"_bbp_total_topic_count":0,"_bbp_total_reply_count":0,"_bbp_voice_count":0,"_bbp_anonymous_reply_count":0,"_bbp_topic_count_hidden":0,"_bbp_reply_count_hidden":0,"_bbp_forum_subforum_count":0,"footnotes":""},"categories":[2,3],"tags":[],"class_list":["post-7320","post","type-post","status-publish","format-standard","hentry","category-infantil","category-p3"],"post_mailing_queue_ids":[],"_links":{"self":[{"href":"https:\/\/agora.xtec.cat\/escferreriguardiagranollers\/wp-json\/wp\/v2\/posts\/7320","targetHints":{"allow":["GET"]}}],"collection":[{"href":"https:\/\/agora.xtec.cat\/escferreriguardiagranollers\/wp-json\/wp\/v2\/posts"}],"about":[{"href":"https:\/\/agora.xtec.cat\/escferreriguardiagranollers\/wp-json\/wp\/v2\/types\/post"}],"author":[{"embeddable":true,"href":"https:\/\/agora.xtec.cat\/escferreriguardiagranollers\/wp-json\/wp\/v2\/users\/3"}],"replies":[{"embeddable":true,"href":"https:\/\/agora.xtec.cat\/escferreriguardiagranollers\/wp-json\/wp\/v2\/comments?post=7320"}],"version-history":[{"count":4,"href":"https:\/\/agora.xtec.cat\/escferreriguardiagranollers\/wp-json\/wp\/v2\/posts\/7320\/revisions"}],"predecessor-version":[{"id":7324,"href":"https:\/\/agora.xtec.cat\/escferreriguardiagranollers\/wp-json\/wp\/v2\/posts\/7320\/revisions\/7324"}],"wp:attachment":[{"href":"https:\/\/agora.xtec.cat\/escferreriguardiagranollers\/wp-json\/wp\/v2\/media?parent=7320"}],"wp:term":[{"taxonomy":"category","embeddable":true,"href":"https:\/\/agora.xtec.cat\/escferreriguardiagranollers\/wp-json\/wp\/v2\/categories?post=7320"},{"taxonomy":"post_tag","embeddable":true,"href":"https:\/\/agora.xtec.cat\/escferreriguardiagranollers\/wp-json\/wp\/v2\/tags?post=7320"}],"curies":[{"name":"wp","href":"https:\/\/api.w.org\/{rel}","templated":true}]}}