{"id":7266,"date":"2026-03-13T20:12:38","date_gmt":"2026-03-13T19:12:38","guid":{"rendered":"https:\/\/agora.xtec.cat\/escferreriguardiagranollers\/?p=7266"},"modified":"2026-03-15T18:34:57","modified_gmt":"2026-03-15T17:34:57","slug":"hem-anat-a-la-granja","status":"publish","type":"post","link":"https:\/\/agora.xtec.cat\/escferreriguardiagranollers\/infantil\/p3\/hem-anat-a-la-granja\/","title":{"rendered":"HEM ANAT A LA GRANJA!!"},"content":{"rendered":"<p style=\"text-align: center;\"><a href=\"https:\/\/agora.xtec.cat\/escferreriguardiagranollers\/wp-content\/uploads\/usu988\/2026\/03\/Picsart_26-03-13_20-06-06-588-1-scaled.jpg\"><img loading=\"lazy\" decoding=\"async\" class=\"aligncenter wp-image-7267 size-medium\" src=\"https:\/\/agora.xtec.cat\/escferreriguardiagranollers\/wp-content\/uploads\/usu988\/2026\/03\/Picsart_26-03-13_20-06-06-588-1-300x300.jpg\" alt=\"\" width=\"300\" height=\"300\" srcset=\"https:\/\/agora.xtec.cat\/escferreriguardiagranollers\/wp-content\/uploads\/usu988\/2026\/03\/Picsart_26-03-13_20-06-06-588-1-300x300.jpg 300w, https:\/\/agora.xtec.cat\/escferreriguardiagranollers\/wp-content\/uploads\/usu988\/2026\/03\/Picsart_26-03-13_20-06-06-588-1-1024x1024.jpg 1024w, https:\/\/agora.xtec.cat\/escferreriguardiagranollers\/wp-content\/uploads\/usu988\/2026\/03\/Picsart_26-03-13_20-06-06-588-1-150x150.jpg 150w, https:\/\/agora.xtec.cat\/escferreriguardiagranollers\/wp-content\/uploads\/usu988\/2026\/03\/Picsart_26-03-13_20-06-06-588-1-768x768.jpg 768w, https:\/\/agora.xtec.cat\/escferreriguardiagranollers\/wp-content\/uploads\/usu988\/2026\/03\/Picsart_26-03-13_20-06-06-588-1-1536x1536.jpg 1536w, https:\/\/agora.xtec.cat\/escferreriguardiagranollers\/wp-content\/uploads\/usu988\/2026\/03\/Picsart_26-03-13_20-06-06-588-1-2048x2048.jpg 2048w\" sizes=\"auto, (max-width: 300px) 100vw, 300px\" \/><\/a><\/p>\n<p style=\"text-align: center;\">En aquest enlla\u00e7\u00a0 podreu trobar el recull de la sortida.<\/p>\n<p style=\"text-align: center;\"><a href=\"https:\/\/drive.google.com\/file\/d\/1Vnot-JCtb6GMo3taRqFcqSgWaZhcNX0-\/view?usp=drive_link\">\u00a0RECULL SORTIDA A LA GRANJA<\/a><\/p>\n<p style=\"text-align: center;\">Els nens i les nenes d&#8217;i3 hem gaudit d&#8217;una sortida a la granja de Can Plana. Ha estat un dia fant\u00e0stic on ens hem esfor\u00e7at de valent fent de grangers i grangeres. Hem pogut con\u00e8ixer els diferents animals que tenen i hem col\u00b7laborat amb les tasques de donar de menjar i netejar els animals. Ha estat un dia ple d&#8217;aventures i moments per a compartir plegats.<\/p>\n<p style=\"text-align: center;\">A l&#8217;aula seguirem aprofundint en els aprenentatges que hem encetat a la sortida.<\/p>\n<p style=\"text-align: center;\">\n","protected":false},"excerpt":{"rendered":"<p><a href=\"https:\/\/agora.xtec.cat\/escferreriguardiagranollers\/wp-content\/uploads\/usu988\/2026\/03\/Picsart_26-03-13_20-06-06-588-1-scaled.jpg\"><\/a><br \/>\nEn aquest enlla\u00e7\u00a0 podreu trobar el recull de la sortida.<br \/>\n<a href=\"https:\/\/drive.google.com\/file\/d\/1Vnot-JCtb6GMo3taRqFcqSgWaZhcNX0-\/view?usp=drive_link\">\u00a0RECULL SORTIDA A LA GRANJA<\/a><br \/>\nEls nens i les nenes d&#8217;i3 hem gaudit d&#8217;una sortida a la granja de Can Plana. Ha estat un dia fant\u00e0stic on ens hem esfor\u00e7at de valent fent de grangers&hellip;  <a href=\"https:\/\/agora.xtec.cat\/escferreriguardiagranollers\/infantil\/p3\/hem-anat-a-la-granja\/\" title=\"Read HEM ANAT A LA GRANJA!!\">Llegeix m\u00e9s\u00bb<\/a><\/p>\n","protected":false},"author":3,"featured_media":7267,"comment_status":"open","ping_status":"open","sticky":false,"template":"","format":"standard","meta":{"_bbp_topic_count":0,"_bbp_reply_count":0,"_bbp_total_topic_count":0,"_bbp_total_reply_count":0,"_bbp_voice_count":0,"_bbp_anonymous_reply_count":0,"_bbp_topic_count_hidden":0,"_bbp_reply_count_hidden":0,"_bbp_forum_subforum_count":0,"footnotes":""},"categories":[3],"tags":[],"class_list":["post-7266","post","type-post","status-publish","format-standard","has-post-thumbnail","hentry","category-p3"],"post_mailing_queue_ids":[],"_links":{"self":[{"href":"https:\/\/agora.xtec.cat\/escferreriguardiagranollers\/wp-json\/wp\/v2\/posts\/7266","targetHints":{"allow":["GET"]}}],"collection":[{"href":"https:\/\/agora.xtec.cat\/escferreriguardiagranollers\/wp-json\/wp\/v2\/posts"}],"about":[{"href":"https:\/\/agora.xtec.cat\/escferreriguardiagranollers\/wp-json\/wp\/v2\/types\/post"}],"author":[{"embeddable":true,"href":"https:\/\/agora.xtec.cat\/escferreriguardiagranollers\/wp-json\/wp\/v2\/users\/3"}],"replies":[{"embeddable":true,"href":"https:\/\/agora.xtec.cat\/escferreriguardiagranollers\/wp-json\/wp\/v2\/comments?post=7266"}],"version-history":[{"count":4,"href":"https:\/\/agora.xtec.cat\/escferreriguardiagranollers\/wp-json\/wp\/v2\/posts\/7266\/revisions"}],"predecessor-version":[{"id":7272,"href":"https:\/\/agora.xtec.cat\/escferreriguardiagranollers\/wp-json\/wp\/v2\/posts\/7266\/revisions\/7272"}],"wp:featuredmedia":[{"embeddable":true,"href":"https:\/\/agora.xtec.cat\/escferreriguardiagranollers\/wp-json\/wp\/v2\/media\/7267"}],"wp:attachment":[{"href":"https:\/\/agora.xtec.cat\/escferreriguardiagranollers\/wp-json\/wp\/v2\/media?parent=7266"}],"wp:term":[{"taxonomy":"category","embeddable":true,"href":"https:\/\/agora.xtec.cat\/escferreriguardiagranollers\/wp-json\/wp\/v2\/categories?post=7266"},{"taxonomy":"post_tag","embeddable":true,"href":"https:\/\/agora.xtec.cat\/escferreriguardiagranollers\/wp-json\/wp\/v2\/tags?post=7266"}],"curies":[{"name":"wp","href":"https:\/\/api.w.org\/{rel}","templated":true}]}}