{"id":722,"date":"2016-07-04T17:54:49","date_gmt":"2016-07-04T16:54:49","guid":{"rendered":"http:\/\/agora.xtec.cat\/escferreriguardiagranollers\/?p=722"},"modified":"2016-09-21T12:04:34","modified_gmt":"2016-09-21T11:04:34","slug":"cinque-projecte-interdisciplinari-estalgia","status":"publish","type":"post","link":"https:\/\/agora.xtec.cat\/escferreriguardiagranollers\/primaria\/5e-i-6e\/cinque-projecte-interdisciplinari-estalgia\/","title":{"rendered":"CINQU\u00c8: Projecte interdisciplinari: ESTALGIA"},"content":{"rendered":"<p><strong><span style=\"color: #666666; font-family: Verdana;\">Aquest curs hem fet un Projecte interdisciplinari sobre l&#8217;estalvi energ\u00e8tic.\u00a0<\/span><\/strong><\/p>\n<div><span style=\"color: #666666; font-family: 'verdana' , sans-serif;\"><b>Hem apr\u00e8s un munt de coses sobre l&#8217;energia, les seves formes, les fonts d&#8217;energia, la manera d&#8217;estalviar energia, el reciclatge, l&#8217;efecte hivernacle&#8230;<\/b><\/span><\/div>\n<div><span style=\"color: #666666; font-family: 'verdana' , sans-serif;\"><b>Per\u00f2 sobretot hem apr\u00e8s a treballar en grup cooperatiu, utilitzant recursos inform\u00e0tics, v\u00eddeos, fent mapes conceptuals, debats&#8230;<\/b><\/span><\/div>\n<div><span style=\"color: #666666; font-family: 'verdana' , sans-serif;\"><b>I, a m\u00e9s, hem fet moltes activitats molt interessants entorn al projecte.<\/b><\/span><\/div>\n<div><span style=\"color: #666666; font-family: 'verdana' , sans-serif;\"><b>Us en deixem el testimoni:<\/b><\/span><\/div>\n<p>&nbsp;<\/p>\n<p><span style=\"color: #666666; font-family: 'verdana' , sans-serif;\"><b><iframe loading=\"lazy\" src=\"\/\/player.vimeo.com\/video\/173189255?title=0&amp;amp;byline=0\" width=\"640\" height=\"512\" frameborder=\"0\" allowfullscreen=\"allowfullscreen\"><\/iframe><\/b><\/span><\/p>\n<p>&nbsp;<\/p>\n<p>&nbsp;<\/p>\n<div><\/div>\n","protected":false},"excerpt":{"rendered":"<p>Aquest curs hem fet un Projecte interdisciplinari sobre l&#8217;estalvi energ\u00e8tic.\u00a0<br \/>\nHem apr\u00e8s un munt de coses sobre l&#8217;energia, les seves formes, les fonts d&#8217;energia, la manera d&#8217;estalviar energia, el reciclatge, l&#8217;efecte hivernacle&#8230;<br \/>\nPer\u00f2 sobretot hem apr\u00e8s a treballar en grup cooperatiu, utilitzant recursos inform\u00e0tics, v\u00eddeos, fent mapes&hellip;  <a href=\"https:\/\/agora.xtec.cat\/escferreriguardiagranollers\/primaria\/5e-i-6e\/cinque-projecte-interdisciplinari-estalgia\/\" title=\"Read CINQU\u00c8: Projecte interdisciplinari: ESTALGIA\">Llegeix m\u00e9s\u00bb<\/a><\/p>\n","protected":false},"author":1,"featured_media":1079,"comment_status":"open","ping_status":"open","sticky":false,"template":"","format":"standard","meta":{"_bbp_topic_count":0,"_bbp_reply_count":0,"_bbp_total_topic_count":0,"_bbp_total_reply_count":0,"_bbp_voice_count":0,"_bbp_anonymous_reply_count":0,"_bbp_topic_count_hidden":0,"_bbp_reply_count_hidden":0,"_bbp_forum_subforum_count":0,"footnotes":""},"categories":[12],"tags":[],"class_list":["post-722","post","type-post","status-publish","format-standard","has-post-thumbnail","hentry","category-5e-i-6e"],"post_mailing_queue_ids":[],"_links":{"self":[{"href":"https:\/\/agora.xtec.cat\/escferreriguardiagranollers\/wp-json\/wp\/v2\/posts\/722","targetHints":{"allow":["GET"]}}],"collection":[{"href":"https:\/\/agora.xtec.cat\/escferreriguardiagranollers\/wp-json\/wp\/v2\/posts"}],"about":[{"href":"https:\/\/agora.xtec.cat\/escferreriguardiagranollers\/wp-json\/wp\/v2\/types\/post"}],"author":[{"embeddable":true,"href":"https:\/\/agora.xtec.cat\/escferreriguardiagranollers\/wp-json\/wp\/v2\/users\/1"}],"replies":[{"embeddable":true,"href":"https:\/\/agora.xtec.cat\/escferreriguardiagranollers\/wp-json\/wp\/v2\/comments?post=722"}],"version-history":[{"count":1,"href":"https:\/\/agora.xtec.cat\/escferreriguardiagranollers\/wp-json\/wp\/v2\/posts\/722\/revisions"}],"predecessor-version":[{"id":723,"href":"https:\/\/agora.xtec.cat\/escferreriguardiagranollers\/wp-json\/wp\/v2\/posts\/722\/revisions\/723"}],"wp:featuredmedia":[{"embeddable":true,"href":"https:\/\/agora.xtec.cat\/escferreriguardiagranollers\/wp-json\/wp\/v2\/media\/1079"}],"wp:attachment":[{"href":"https:\/\/agora.xtec.cat\/escferreriguardiagranollers\/wp-json\/wp\/v2\/media?parent=722"}],"wp:term":[{"taxonomy":"category","embeddable":true,"href":"https:\/\/agora.xtec.cat\/escferreriguardiagranollers\/wp-json\/wp\/v2\/categories?post=722"},{"taxonomy":"post_tag","embeddable":true,"href":"https:\/\/agora.xtec.cat\/escferreriguardiagranollers\/wp-json\/wp\/v2\/tags?post=722"}],"curies":[{"name":"wp","href":"https:\/\/api.w.org\/{rel}","templated":true}]}}