{"id":720,"date":"2016-07-04T17:52:52","date_gmt":"2016-07-04T16:52:52","guid":{"rendered":"http:\/\/agora.xtec.cat\/escferreriguardiagranollers\/?p=720"},"modified":"2016-09-21T12:18:56","modified_gmt":"2016-09-21T11:18:56","slug":"23-de-juny-de-2016","status":"publish","type":"post","link":"https:\/\/agora.xtec.cat\/escferreriguardiagranollers\/general\/fem-radio\/23-de-juny-de-2016\/","title":{"rendered":"\u00daLTIMS ENREGISTRAMENTS"},"content":{"rendered":"<p><b><span lang=\"CA\"><b><span style=\"color: #741b47; line-height: 115%; font-family: 'arial' , 'helvetica' , sans-serif;\">Acabem el curs deixant-vos l&#8217;\u00faltim programa que hem enregistrat. Aquest programa \u00e9s el resultat del treball de l&#8217;Aleix Mart\u00edn, que us parlar\u00e0 de la boxa, la Cam\u00e8lia, la Wessal, la Nerea i en Bernat que us explicaran not\u00edcies, la Nicole i la Yajun que us ensenyaran com fer dues receptes tradicionals dels seus pa\u00efsos d&#8217;origen i en Faust, en Monaim i l&#8217;Aleix Berengueras que han fet una entrevista a la que va ser tutora de l&#8217;Aula d&#8217;Acollida de la nostra escola fins que la van tancar.<\/span><\/b><\/span><\/b><\/p>\n<div><b><span lang=\"CA\"><b><span style=\"color: #741b47; line-height: 115%; font-family: 'arial' , 'helvetica' , sans-serif;\">Esperem que us agradi!<\/span><\/b><\/span><\/b><\/div>\n<div><\/div>\n<div><span lang=\"CA\"><b><span style=\"color: #741b47; line-height: 115%; font-family: 'arial' , 'helvetica' , sans-serif;\"><a href=\"http:\/\/www.ivoox.com\/ultim-programa-curs-2015-2016-audios-mp3_rf_12007270_1.html\"><u><span style=\"color: #0066cc;\">http:\/\/www.ivoox.com\/ultim-programa-curs-2015-2016-audios-mp3_rf_12007270_1.html<\/span><\/u><\/a><\/span><\/b><\/span><\/div>\n","protected":false},"excerpt":{"rendered":"<p>Acabem el curs deixant-vos l&#8217;\u00faltim programa que hem enregistrat. Aquest programa \u00e9s el resultat del treball de l&#8217;Aleix Mart\u00edn, que us parlar\u00e0 de la boxa, la Cam\u00e8lia, la Wessal, la Nerea i en Bernat que us explicaran not\u00edcies, la Nicole i la Yajun que us&hellip;  <a href=\"https:\/\/agora.xtec.cat\/escferreriguardiagranollers\/general\/fem-radio\/23-de-juny-de-2016\/\" title=\"Read \u00daLTIMS ENREGISTRAMENTS\">Llegeix m\u00e9s\u00bb<\/a><\/p>\n","protected":false},"author":1,"featured_media":1080,"comment_status":"open","ping_status":"open","sticky":false,"template":"","format":"standard","meta":{"_bbp_topic_count":0,"_bbp_reply_count":0,"_bbp_total_topic_count":0,"_bbp_total_reply_count":0,"_bbp_voice_count":0,"_bbp_anonymous_reply_count":0,"_bbp_topic_count_hidden":0,"_bbp_reply_count_hidden":0,"_bbp_forum_subforum_count":0,"footnotes":""},"categories":[37],"tags":[],"class_list":["post-720","post","type-post","status-publish","format-standard","has-post-thumbnail","hentry","category-fem-radio"],"post_mailing_queue_ids":[],"_links":{"self":[{"href":"https:\/\/agora.xtec.cat\/escferreriguardiagranollers\/wp-json\/wp\/v2\/posts\/720","targetHints":{"allow":["GET"]}}],"collection":[{"href":"https:\/\/agora.xtec.cat\/escferreriguardiagranollers\/wp-json\/wp\/v2\/posts"}],"about":[{"href":"https:\/\/agora.xtec.cat\/escferreriguardiagranollers\/wp-json\/wp\/v2\/types\/post"}],"author":[{"embeddable":true,"href":"https:\/\/agora.xtec.cat\/escferreriguardiagranollers\/wp-json\/wp\/v2\/users\/1"}],"replies":[{"embeddable":true,"href":"https:\/\/agora.xtec.cat\/escferreriguardiagranollers\/wp-json\/wp\/v2\/comments?post=720"}],"version-history":[{"count":3,"href":"https:\/\/agora.xtec.cat\/escferreriguardiagranollers\/wp-json\/wp\/v2\/posts\/720\/revisions"}],"predecessor-version":[{"id":1085,"href":"https:\/\/agora.xtec.cat\/escferreriguardiagranollers\/wp-json\/wp\/v2\/posts\/720\/revisions\/1085"}],"wp:featuredmedia":[{"embeddable":true,"href":"https:\/\/agora.xtec.cat\/escferreriguardiagranollers\/wp-json\/wp\/v2\/media\/1080"}],"wp:attachment":[{"href":"https:\/\/agora.xtec.cat\/escferreriguardiagranollers\/wp-json\/wp\/v2\/media?parent=720"}],"wp:term":[{"taxonomy":"category","embeddable":true,"href":"https:\/\/agora.xtec.cat\/escferreriguardiagranollers\/wp-json\/wp\/v2\/categories?post=720"},{"taxonomy":"post_tag","embeddable":true,"href":"https:\/\/agora.xtec.cat\/escferreriguardiagranollers\/wp-json\/wp\/v2\/tags?post=720"}],"curies":[{"name":"wp","href":"https:\/\/api.w.org\/{rel}","templated":true}]}}