{"id":715,"date":"2016-07-04T17:49:52","date_gmt":"2016-07-04T16:49:52","guid":{"rendered":"http:\/\/agora.xtec.cat\/escferreriguardiagranollers\/?p=715"},"modified":"2016-09-21T12:19:27","modified_gmt":"2016-09-21T11:19:27","slug":"20-de-marc-de-2016","status":"publish","type":"post","link":"https:\/\/agora.xtec.cat\/escferreriguardiagranollers\/general\/fem-radio\/20-de-marc-de-2016\/","title":{"rendered":"PRIMERS PROGRAMES CURS 2015-2016"},"content":{"rendered":"<p><span style=\"color: #073763; font-family: 'arial' , sans-serif; font-size: medium;\"><b><span style=\"color: #444444; line-height: 36.8px; font-family: 'verdana' , sans-serif;\">Volem acabar el trimestre oferint-vos el nostres primers programes d&#8217;aquest curs.\u00a0<\/span><\/b><\/span><\/p>\n<div>\n<div><span style=\"color: #073763; font-family: 'arial' , sans-serif; font-size: medium;\"><b><span style=\"line-height: 36.8px; font-family: 'verdana' , sans-serif;\">El segon es tracta d&#8217;un programa en el que alguns alumnes de 6\u00e8 us parlaran de les seves inquietuds. Sabreu qu\u00e8 pensen en Faust, en Bernat, l&#8217;Andrea, en Monaim, en Pol, la Wessal, la Norah, la Sara, en Gen\u00eds, la Cam\u00e8lia, en Thierno i la Nerea sobre l&#8217;adolesc\u00e8ncia i el pas a l&#8217;institut.<\/span><\/b><\/span><\/div>\n<\/div>\n<div><span style=\"color: #073763; font-family: 'arial' , sans-serif; font-size: medium;\"><b><span style=\"color: #444444; line-height: 36.8px; font-family: 'verdana' , sans-serif;\"><a href=\"http:\/\/www.ivoox.com\/l-adolescencia-audios-mp3_rf_10872900_1.html\"><u><span style=\"color: #0066cc;\">http:\/\/www.ivoox.com\/l-adolescencia-audios-mp3_rf_10872900_1.html<\/span><\/u><\/a><\/span><\/b><\/span><\/div>\n<div><\/div>\n<div>\n<p><span style=\"color: #073763; font-family: 'arial' , sans-serif; font-size: medium;\"><b><span style=\"color: #660000; line-height: 36.8px; font-family: 'verdana' , sans-serif;\">El primer es tracta d&#8217;un programa musical en el que us explicarem quin tipus de musica ens agrada escoltar i us en posarem un fragment.\u00a0<\/span><\/b><\/span><\/p>\n<div>\n<div><span style=\"color: #073763; font-family: 'arial' , sans-serif; font-size: medium;\"><b><span style=\"color: #660000; line-height: 36.8px; font-family: 'verdana' , sans-serif;\">Coneixereu\u00a0 els gustos musicals de l&#8217;Eva, la Lav\u00ednia, la Lourdes, la Yajun, l&#8217;Ariadna, la Nicole i l&#8217;Aleix Mart\u00edn.\u00a0<\/span><\/b><\/span><b><span style=\"color: #660000; line-height: 36.8px; font-family: 'verdana' , sans-serif;\">I comprovareu quines qualitats radiof\u00f2niques tenen tots!<\/span><\/b><\/div>\n<div><\/div>\n<div><span style=\"color: #073763; font-family: 'arial' , sans-serif; font-size: medium;\"><b><span style=\"color: #444444; line-height: 36.8px; font-family: 'verdana' , sans-serif;\"><a href=\"http:\/\/www.ivoox.com\/musica-escoltem-audios-mp3_rf_10843271_1.html\"><u><span style=\"color: #0066cc;\">http:\/\/www.ivoox.com\/musica-escoltem-audios-mp3_rf_10843271_1.html<\/span><\/u><\/a><\/span><\/b><\/span><\/div>\n<div><\/div>\n<\/div>\n<div><span style=\"color: #073763; font-family: 'arial' , sans-serif; font-size: large;\"><b>\u00a0<\/b><\/span><\/div>\n<\/div>\n","protected":false},"excerpt":{"rendered":"<p>Volem acabar el trimestre oferint-vos el nostres primers programes d&#8217;aquest curs.\u00a0<\/p>\n<p>El segon es tracta d&#8217;un programa en el que alguns alumnes de 6\u00e8 us parlaran de les seves inquietuds. Sabreu qu\u00e8 pensen en Faust, en Bernat, l&#8217;Andrea, en Monaim, en Pol, la Wessal, la Norah,&hellip;  <a href=\"https:\/\/agora.xtec.cat\/escferreriguardiagranollers\/general\/fem-radio\/20-de-marc-de-2016\/\" title=\"Read PRIMERS PROGRAMES CURS 2015-2016\">Llegeix m\u00e9s\u00bb<\/a><\/p>\n","protected":false},"author":1,"featured_media":1083,"comment_status":"open","ping_status":"open","sticky":false,"template":"","format":"standard","meta":{"_bbp_topic_count":0,"_bbp_reply_count":0,"_bbp_total_topic_count":0,"_bbp_total_reply_count":0,"_bbp_voice_count":0,"_bbp_anonymous_reply_count":0,"_bbp_topic_count_hidden":0,"_bbp_reply_count_hidden":0,"_bbp_forum_subforum_count":0,"footnotes":""},"categories":[37],"tags":[],"class_list":["post-715","post","type-post","status-publish","format-standard","has-post-thumbnail","hentry","category-fem-radio"],"post_mailing_queue_ids":[],"_links":{"self":[{"href":"https:\/\/agora.xtec.cat\/escferreriguardiagranollers\/wp-json\/wp\/v2\/posts\/715","targetHints":{"allow":["GET"]}}],"collection":[{"href":"https:\/\/agora.xtec.cat\/escferreriguardiagranollers\/wp-json\/wp\/v2\/posts"}],"about":[{"href":"https:\/\/agora.xtec.cat\/escferreriguardiagranollers\/wp-json\/wp\/v2\/types\/post"}],"author":[{"embeddable":true,"href":"https:\/\/agora.xtec.cat\/escferreriguardiagranollers\/wp-json\/wp\/v2\/users\/1"}],"replies":[{"embeddable":true,"href":"https:\/\/agora.xtec.cat\/escferreriguardiagranollers\/wp-json\/wp\/v2\/comments?post=715"}],"version-history":[{"count":3,"href":"https:\/\/agora.xtec.cat\/escferreriguardiagranollers\/wp-json\/wp\/v2\/posts\/715\/revisions"}],"predecessor-version":[{"id":1086,"href":"https:\/\/agora.xtec.cat\/escferreriguardiagranollers\/wp-json\/wp\/v2\/posts\/715\/revisions\/1086"}],"wp:featuredmedia":[{"embeddable":true,"href":"https:\/\/agora.xtec.cat\/escferreriguardiagranollers\/wp-json\/wp\/v2\/media\/1083"}],"wp:attachment":[{"href":"https:\/\/agora.xtec.cat\/escferreriguardiagranollers\/wp-json\/wp\/v2\/media?parent=715"}],"wp:term":[{"taxonomy":"category","embeddable":true,"href":"https:\/\/agora.xtec.cat\/escferreriguardiagranollers\/wp-json\/wp\/v2\/categories?post=715"},{"taxonomy":"post_tag","embeddable":true,"href":"https:\/\/agora.xtec.cat\/escferreriguardiagranollers\/wp-json\/wp\/v2\/tags?post=715"}],"curies":[{"name":"wp","href":"https:\/\/api.w.org\/{rel}","templated":true}]}}