{"id":713,"date":"2016-07-04T17:47:59","date_gmt":"2016-07-04T16:47:59","guid":{"rendered":"http:\/\/agora.xtec.cat\/escferreriguardiagranollers\/?p=713"},"modified":"2016-09-21T12:20:31","modified_gmt":"2016-09-21T11:20:31","slug":"28-de-gener-de-2016","status":"publish","type":"post","link":"https:\/\/agora.xtec.cat\/escferreriguardiagranollers\/general\/fem-radio\/28-de-gener-de-2016\/","title":{"rendered":"XERRADA AL CTUG"},"content":{"rendered":"<p><span style=\"font-family: 'verdana' , sans-serif; font-size: small;\">Dilluns passat, 18 de gener, v\u00e0rem anar al CTUG on la Laia Coll ens va fer una xerrada sobre l&#8217;ofici de periodista i com es fa un programa de r\u00e0dio.\u00a0I aquest dilluns, 25 de gener, l&#8217;Enric Bartel i la Sara Heredera ens han ensenyat les instal\u00b7lacions de Granollers Audiovisual i ens han explicat com funciona aix\u00f2 de fer r\u00e0dio o televisi\u00f3.<\/span><\/p>\n<h3><span style=\"text-align: center; color: #0c343d; line-height: 36.8px; font-family: 'verdana' , sans-serif; font-size: small;\">Moltes gr\u00e0cies a tots tres per explicar-nos-ho tan b\u00e9!<\/span><\/h3>\n<p><iframe loading=\"lazy\" src=\"\/\/player.vimeo.com\/video\/153567853?title=0&amp;amp;byline=0\" width=\"640\" height=\"480\" frameborder=\"0\" allowfullscreen=\"allowfullscreen\"><\/iframe><\/p>\n","protected":false},"excerpt":{"rendered":"<p>Dilluns passat, 18 de gener, v\u00e0rem anar al CTUG on la Laia Coll ens va fer una xerrada sobre l&#8217;ofici de periodista i com es fa un programa de r\u00e0dio.\u00a0I aquest dilluns, 25 de gener, l&#8217;Enric Bartel i la Sara Heredera ens han ensenyat les&hellip;  <a href=\"https:\/\/agora.xtec.cat\/escferreriguardiagranollers\/general\/fem-radio\/28-de-gener-de-2016\/\" title=\"Read XERRADA AL CTUG\">Llegeix m\u00e9s\u00bb<\/a><\/p>\n","protected":false},"author":1,"featured_media":1084,"comment_status":"open","ping_status":"open","sticky":false,"template":"","format":"standard","meta":{"_bbp_topic_count":0,"_bbp_reply_count":0,"_bbp_total_topic_count":0,"_bbp_total_reply_count":0,"_bbp_voice_count":0,"_bbp_anonymous_reply_count":0,"_bbp_topic_count_hidden":0,"_bbp_reply_count_hidden":0,"_bbp_forum_subforum_count":0,"footnotes":""},"categories":[37],"tags":[],"class_list":["post-713","post","type-post","status-publish","format-standard","has-post-thumbnail","hentry","category-fem-radio"],"post_mailing_queue_ids":[],"_links":{"self":[{"href":"https:\/\/agora.xtec.cat\/escferreriguardiagranollers\/wp-json\/wp\/v2\/posts\/713","targetHints":{"allow":["GET"]}}],"collection":[{"href":"https:\/\/agora.xtec.cat\/escferreriguardiagranollers\/wp-json\/wp\/v2\/posts"}],"about":[{"href":"https:\/\/agora.xtec.cat\/escferreriguardiagranollers\/wp-json\/wp\/v2\/types\/post"}],"author":[{"embeddable":true,"href":"https:\/\/agora.xtec.cat\/escferreriguardiagranollers\/wp-json\/wp\/v2\/users\/1"}],"replies":[{"embeddable":true,"href":"https:\/\/agora.xtec.cat\/escferreriguardiagranollers\/wp-json\/wp\/v2\/comments?post=713"}],"version-history":[{"count":2,"href":"https:\/\/agora.xtec.cat\/escferreriguardiagranollers\/wp-json\/wp\/v2\/posts\/713\/revisions"}],"predecessor-version":[{"id":1087,"href":"https:\/\/agora.xtec.cat\/escferreriguardiagranollers\/wp-json\/wp\/v2\/posts\/713\/revisions\/1087"}],"wp:featuredmedia":[{"embeddable":true,"href":"https:\/\/agora.xtec.cat\/escferreriguardiagranollers\/wp-json\/wp\/v2\/media\/1084"}],"wp:attachment":[{"href":"https:\/\/agora.xtec.cat\/escferreriguardiagranollers\/wp-json\/wp\/v2\/media?parent=713"}],"wp:term":[{"taxonomy":"category","embeddable":true,"href":"https:\/\/agora.xtec.cat\/escferreriguardiagranollers\/wp-json\/wp\/v2\/categories?post=713"},{"taxonomy":"post_tag","embeddable":true,"href":"https:\/\/agora.xtec.cat\/escferreriguardiagranollers\/wp-json\/wp\/v2\/tags?post=713"}],"curies":[{"name":"wp","href":"https:\/\/api.w.org\/{rel}","templated":true}]}}