{"id":7100,"date":"2025-06-22T18:59:56","date_gmt":"2025-06-22T16:59:56","guid":{"rendered":"https:\/\/agora.xtec.cat\/escferreriguardiagranollers\/?p=7100"},"modified":"2025-06-22T18:59:56","modified_gmt":"2025-06-22T16:59:56","slug":"molt-bones-vacances","status":"publish","type":"post","link":"https:\/\/agora.xtec.cat\/escferreriguardiagranollers\/infantil\/molt-bones-vacances\/","title":{"rendered":"MOLT BONES VACANCES!"},"content":{"rendered":"<p>Hem arribat al final d&#8217;aquest curs i tanquem un any ple de treball, de viv\u00e8ncies i de mestres que han deixat petjada en les nenes i els nens del nostre cicle d&#8217;infantil. De tot plegat ens n&#8217;enduem un bon record. Alguns i algunes us seguirem tenint l&#8217;any vinent a infantil, per\u00f2 hi ha vint-i-dues personetes que inicien el seu viatge cap a prim\u00e0ria. Molta sort en aquesta nova aventura!<\/p>\n<p>Ens acomiadem desitjant a tothom un bon estiu. Gr\u00e0cies, fam\u00edlies, per la vostra implicaci\u00f3 i per ajudar als vostres infants a avan\u00e7ar i cr\u00e9ixer com a persones. Ens retrobem al setembre amb les piles ben carregades per comen\u00e7ar amb energia!!!<\/p>\n<p>L&#8217;equip de mestres d&#8217;Infantil<a href=\"https:\/\/agora.xtec.cat\/escferreriguardiagranollers\/wp-content\/uploads\/usu988\/2025\/06\/474625532_1190173105804470_1978794473045166121_n.jpg\"><br \/>\n<img loading=\"lazy\" decoding=\"async\" class=\" wp-image-7103 aligncenter\" src=\"https:\/\/agora.xtec.cat\/escferreriguardiagranollers\/wp-content\/uploads\/usu988\/2025\/06\/474625532_1190173105804470_1978794473045166121_n-235x300.jpg\" alt=\"\" width=\"345\" height=\"440\" srcset=\"https:\/\/agora.xtec.cat\/escferreriguardiagranollers\/wp-content\/uploads\/usu988\/2025\/06\/474625532_1190173105804470_1978794473045166121_n-235x300.jpg 235w, https:\/\/agora.xtec.cat\/escferreriguardiagranollers\/wp-content\/uploads\/usu988\/2025\/06\/474625532_1190173105804470_1978794473045166121_n.jpg 502w\" sizes=\"auto, (max-width: 345px) 100vw, 345px\" \/><\/a><\/p>\n","protected":false},"excerpt":{"rendered":"<p>Hem arribat al final d&#8217;aquest curs i tanquem un any ple de treball, de viv\u00e8ncies i de mestres que han deixat petjada en les nenes i els nens del nostre cicle d&#8217;infantil. De tot plegat ens n&#8217;enduem un bon record. Alguns i algunes us seguirem&hellip;  <a href=\"https:\/\/agora.xtec.cat\/escferreriguardiagranollers\/infantil\/molt-bones-vacances\/\" title=\"Read MOLT BONES VACANCES!\">Llegeix m\u00e9s\u00bb<\/a><\/p>\n","protected":false},"author":3,"featured_media":0,"comment_status":"open","ping_status":"open","sticky":false,"template":"","format":"standard","meta":{"_bbp_topic_count":0,"_bbp_reply_count":0,"_bbp_total_topic_count":0,"_bbp_total_reply_count":0,"_bbp_voice_count":0,"_bbp_anonymous_reply_count":0,"_bbp_topic_count_hidden":0,"_bbp_reply_count_hidden":0,"_bbp_forum_subforum_count":0,"footnotes":""},"categories":[2],"tags":[],"class_list":["post-7100","post","type-post","status-publish","format-standard","hentry","category-infantil"],"post_mailing_queue_ids":[],"_links":{"self":[{"href":"https:\/\/agora.xtec.cat\/escferreriguardiagranollers\/wp-json\/wp\/v2\/posts\/7100","targetHints":{"allow":["GET"]}}],"collection":[{"href":"https:\/\/agora.xtec.cat\/escferreriguardiagranollers\/wp-json\/wp\/v2\/posts"}],"about":[{"href":"https:\/\/agora.xtec.cat\/escferreriguardiagranollers\/wp-json\/wp\/v2\/types\/post"}],"author":[{"embeddable":true,"href":"https:\/\/agora.xtec.cat\/escferreriguardiagranollers\/wp-json\/wp\/v2\/users\/3"}],"replies":[{"embeddable":true,"href":"https:\/\/agora.xtec.cat\/escferreriguardiagranollers\/wp-json\/wp\/v2\/comments?post=7100"}],"version-history":[{"count":4,"href":"https:\/\/agora.xtec.cat\/escferreriguardiagranollers\/wp-json\/wp\/v2\/posts\/7100\/revisions"}],"predecessor-version":[{"id":7106,"href":"https:\/\/agora.xtec.cat\/escferreriguardiagranollers\/wp-json\/wp\/v2\/posts\/7100\/revisions\/7106"}],"wp:attachment":[{"href":"https:\/\/agora.xtec.cat\/escferreriguardiagranollers\/wp-json\/wp\/v2\/media?parent=7100"}],"wp:term":[{"taxonomy":"category","embeddable":true,"href":"https:\/\/agora.xtec.cat\/escferreriguardiagranollers\/wp-json\/wp\/v2\/categories?post=7100"},{"taxonomy":"post_tag","embeddable":true,"href":"https:\/\/agora.xtec.cat\/escferreriguardiagranollers\/wp-json\/wp\/v2\/tags?post=7100"}],"curies":[{"name":"wp","href":"https:\/\/api.w.org\/{rel}","templated":true}]}}