{"id":6889,"date":"2024-12-17T23:02:59","date_gmt":"2024-12-17T22:02:59","guid":{"rendered":"https:\/\/agora.xtec.cat\/escferreriguardiagranollers\/?p=6889"},"modified":"2024-12-17T23:04:27","modified_gmt":"2024-12-17T22:04:27","slug":"trimestre-al-sac","status":"publish","type":"post","link":"https:\/\/agora.xtec.cat\/escferreriguardiagranollers\/infantil\/p4\/trimestre-al-sac\/","title":{"rendered":"&#8230; Trimestre al sac!&#8230;."},"content":{"rendered":"<p>Sembla que era ahir que comen\u00e7ava l&#8217;escola, amb aquella combinaci\u00f3 d&#8217;emoci\u00f3 i nervis. An\u00e0vem amb m\u00e0niga curta i ens explic\u00e0vem les vacances d&#8217;estiu.<\/p>\n<p>Han passat gaireb\u00e9 quatre mesos que han donat molt de s\u00ed: Ens hem conegut, hem creat nous vincles, hem apr\u00e8s. Al llarg d&#8217;aquestes setmanes ens hem fet grans, experimentant, manipulant, tenint converses m\u00e0giques, rient plegats i formant sentiment d&#8217;equip.<\/p>\n<p>Les girafes d&#8217;I4 anem de vacances amb el cor ple i la motxilla plena d&#8217;aventures i an\u00e8cdotes d&#8217;aquest primer trimestre.<\/p>\n<p>Us desitgem que gaudiu d&#8217;aquests dies en fam\u00edlia, que passegeu pels carrers il\u00b7luminats, que abra\u00e7eu molt i feu que cada moment compti.<\/p>\n<p>Recordeu que el millor regal el tindreu al costat.<\/p>\n<p>Bones festes i molt feli\u00e7 2025<\/p>\n<p>Les mestres d&#8217;I4<\/p>\n<p><a href=\"https:\/\/agora.xtec.cat\/escferreriguardiagranollers\/wp-content\/uploads\/usu988\/2024\/12\/IMG_0275.jpeg\"><img loading=\"lazy\" decoding=\"async\" class=\"alignnone size-medium wp-image-6892\" src=\"https:\/\/agora.xtec.cat\/escferreriguardiagranollers\/wp-content\/uploads\/usu988\/2024\/12\/IMG_0275-300x225.jpeg\" alt=\"\" width=\"300\" height=\"225\" srcset=\"https:\/\/agora.xtec.cat\/escferreriguardiagranollers\/wp-content\/uploads\/usu988\/2024\/12\/IMG_0275-300x225.jpeg 300w, https:\/\/agora.xtec.cat\/escferreriguardiagranollers\/wp-content\/uploads\/usu988\/2024\/12\/IMG_0275-1024x768.jpeg 1024w, https:\/\/agora.xtec.cat\/escferreriguardiagranollers\/wp-content\/uploads\/usu988\/2024\/12\/IMG_0275-768x576.jpeg 768w, https:\/\/agora.xtec.cat\/escferreriguardiagranollers\/wp-content\/uploads\/usu988\/2024\/12\/IMG_0275-1536x1152.jpeg 1536w, https:\/\/agora.xtec.cat\/escferreriguardiagranollers\/wp-content\/uploads\/usu988\/2024\/12\/IMG_0275-200x150.jpeg 200w, https:\/\/agora.xtec.cat\/escferreriguardiagranollers\/wp-content\/uploads\/usu988\/2024\/12\/IMG_0275.jpeg 2000w\" sizes=\"auto, (max-width: 300px) 100vw, 300px\" \/><\/a><\/p>\n","protected":false},"excerpt":{"rendered":"<p>Sembla que era ahir que comen\u00e7ava l&#8217;escola, amb aquella combinaci\u00f3 d&#8217;emoci\u00f3 i nervis. An\u00e0vem amb m\u00e0niga curta i ens explic\u00e0vem les vacances d&#8217;estiu.<br \/>\nHan passat gaireb\u00e9 quatre mesos que han donat molt de s\u00ed: Ens hem conegut, hem creat nous vincles, hem apr\u00e8s. Al llarg d&#8217;aquestes&hellip;  <a href=\"https:\/\/agora.xtec.cat\/escferreriguardiagranollers\/infantil\/p4\/trimestre-al-sac\/\" title=\"Read &#8230; Trimestre al sac!&#8230;.\">Llegeix m\u00e9s\u00bb<\/a><\/p>\n","protected":false},"author":1,"featured_media":6890,"comment_status":"open","ping_status":"closed","sticky":false,"template":"","format":"standard","meta":{"_bbp_topic_count":0,"_bbp_reply_count":0,"_bbp_total_topic_count":0,"_bbp_total_reply_count":0,"_bbp_voice_count":0,"_bbp_anonymous_reply_count":0,"_bbp_topic_count_hidden":0,"_bbp_reply_count_hidden":0,"_bbp_forum_subforum_count":0,"footnotes":""},"categories":[8],"tags":[],"class_list":["post-6889","post","type-post","status-publish","format-standard","has-post-thumbnail","hentry","category-p4"],"post_mailing_queue_ids":[],"_links":{"self":[{"href":"https:\/\/agora.xtec.cat\/escferreriguardiagranollers\/wp-json\/wp\/v2\/posts\/6889","targetHints":{"allow":["GET"]}}],"collection":[{"href":"https:\/\/agora.xtec.cat\/escferreriguardiagranollers\/wp-json\/wp\/v2\/posts"}],"about":[{"href":"https:\/\/agora.xtec.cat\/escferreriguardiagranollers\/wp-json\/wp\/v2\/types\/post"}],"author":[{"embeddable":true,"href":"https:\/\/agora.xtec.cat\/escferreriguardiagranollers\/wp-json\/wp\/v2\/users\/1"}],"replies":[{"embeddable":true,"href":"https:\/\/agora.xtec.cat\/escferreriguardiagranollers\/wp-json\/wp\/v2\/comments?post=6889"}],"version-history":[{"count":3,"href":"https:\/\/agora.xtec.cat\/escferreriguardiagranollers\/wp-json\/wp\/v2\/posts\/6889\/revisions"}],"predecessor-version":[{"id":6894,"href":"https:\/\/agora.xtec.cat\/escferreriguardiagranollers\/wp-json\/wp\/v2\/posts\/6889\/revisions\/6894"}],"wp:featuredmedia":[{"embeddable":true,"href":"https:\/\/agora.xtec.cat\/escferreriguardiagranollers\/wp-json\/wp\/v2\/media\/6890"}],"wp:attachment":[{"href":"https:\/\/agora.xtec.cat\/escferreriguardiagranollers\/wp-json\/wp\/v2\/media?parent=6889"}],"wp:term":[{"taxonomy":"category","embeddable":true,"href":"https:\/\/agora.xtec.cat\/escferreriguardiagranollers\/wp-json\/wp\/v2\/categories?post=6889"},{"taxonomy":"post_tag","embeddable":true,"href":"https:\/\/agora.xtec.cat\/escferreriguardiagranollers\/wp-json\/wp\/v2\/tags?post=6889"}],"curies":[{"name":"wp","href":"https:\/\/api.w.org\/{rel}","templated":true}]}}