{"id":6864,"date":"2024-11-01T15:05:33","date_gmt":"2024-11-01T14:05:33","guid":{"rendered":"https:\/\/agora.xtec.cat\/escferreriguardiagranollers\/?p=6864"},"modified":"2024-11-14T15:07:14","modified_gmt":"2024-11-14T14:07:14","slug":"festa-de-la-castanyada-5","status":"publish","type":"post","link":"https:\/\/agora.xtec.cat\/escferreriguardiagranollers\/general\/festa-de-la-castanyada-5\/","title":{"rendered":"Festa de la Castanyada!!"},"content":{"rendered":"<p>Un any m\u00e9s celebrem la Castanyada!!<\/p>\n<p>Hem fet activitats relacionades amb la tardor i amb la festa de la castanyada on la protagonista \u00e9s la Castanyera!<\/p>\n<p>Les mestres ens van representar el conte de la Castanyera! Ens va encantar veure-les a l&#8217;escenari!<\/p>\n<p>El dia de la festa va ploure per\u00f2 vam poder fer una mica de festeta al gimn\u00e0s amb la companyia dels nostres companys d&#8217;infantil de 3r i 5\u00e8, all\u00e0 vam fer algunes danses i vam menjar castanyes que ens havien torrat unes mares de l&#8217;escola!<\/p>\n<p>Ens encanta la tardor i poder celebrar-la en companyia de grans i petits a l&#8217;escola!!!<\/p>\n<p><a href=\"https:\/\/agora.xtec.cat\/escferreriguardiagranollers\/wp-content\/uploads\/usu988\/2024\/11\/IMG_20241114_150342-scaled.jpg\"><img loading=\"lazy\" decoding=\"async\" class=\"wp-image-6865 aligncenter\" src=\"https:\/\/agora.xtec.cat\/escferreriguardiagranollers\/wp-content\/uploads\/usu988\/2024\/11\/IMG_20241114_150342-227x300.jpg\" alt=\"\" width=\"509\" height=\"673\" \/><\/a><\/p>\n<p>&nbsp;<\/p>\n","protected":false},"excerpt":{"rendered":"<p>Un any m\u00e9s celebrem la Castanyada!!<br \/>\nHem fet activitats relacionades amb la tardor i amb la festa de la castanyada on la protagonista \u00e9s la Castanyera!<br \/>\nLes mestres ens van representar el conte de la Castanyera! Ens va encantar veure-les a l&#8217;escenari!<br \/>\nEl dia de la festa va&hellip;  <a href=\"https:\/\/agora.xtec.cat\/escferreriguardiagranollers\/general\/festa-de-la-castanyada-5\/\" title=\"Read Festa de la Castanyada!!\">Llegeix m\u00e9s\u00bb<\/a><\/p>\n","protected":false},"author":1,"featured_media":0,"comment_status":"open","ping_status":"closed","sticky":false,"template":"","format":"standard","meta":{"_bbp_topic_count":0,"_bbp_reply_count":0,"_bbp_total_topic_count":0,"_bbp_total_reply_count":0,"_bbp_voice_count":0,"_bbp_anonymous_reply_count":0,"_bbp_topic_count_hidden":0,"_bbp_reply_count_hidden":0,"_bbp_forum_subforum_count":0,"footnotes":""},"categories":[1,2,9],"tags":[],"class_list":["post-6864","post","type-post","status-publish","format-standard","hentry","category-general","category-infantil","category-p5"],"post_mailing_queue_ids":[],"_links":{"self":[{"href":"https:\/\/agora.xtec.cat\/escferreriguardiagranollers\/wp-json\/wp\/v2\/posts\/6864","targetHints":{"allow":["GET"]}}],"collection":[{"href":"https:\/\/agora.xtec.cat\/escferreriguardiagranollers\/wp-json\/wp\/v2\/posts"}],"about":[{"href":"https:\/\/agora.xtec.cat\/escferreriguardiagranollers\/wp-json\/wp\/v2\/types\/post"}],"author":[{"embeddable":true,"href":"https:\/\/agora.xtec.cat\/escferreriguardiagranollers\/wp-json\/wp\/v2\/users\/1"}],"replies":[{"embeddable":true,"href":"https:\/\/agora.xtec.cat\/escferreriguardiagranollers\/wp-json\/wp\/v2\/comments?post=6864"}],"version-history":[{"count":1,"href":"https:\/\/agora.xtec.cat\/escferreriguardiagranollers\/wp-json\/wp\/v2\/posts\/6864\/revisions"}],"predecessor-version":[{"id":6866,"href":"https:\/\/agora.xtec.cat\/escferreriguardiagranollers\/wp-json\/wp\/v2\/posts\/6864\/revisions\/6866"}],"wp:attachment":[{"href":"https:\/\/agora.xtec.cat\/escferreriguardiagranollers\/wp-json\/wp\/v2\/media?parent=6864"}],"wp:term":[{"taxonomy":"category","embeddable":true,"href":"https:\/\/agora.xtec.cat\/escferreriguardiagranollers\/wp-json\/wp\/v2\/categories?post=6864"},{"taxonomy":"post_tag","embeddable":true,"href":"https:\/\/agora.xtec.cat\/escferreriguardiagranollers\/wp-json\/wp\/v2\/tags?post=6864"}],"curies":[{"name":"wp","href":"https:\/\/api.w.org\/{rel}","templated":true}]}}