{"id":6847,"date":"2024-11-02T17:07:42","date_gmt":"2024-11-02T16:07:42","guid":{"rendered":"https:\/\/agora.xtec.cat\/escferreriguardiagranollers\/?p=6847"},"modified":"2024-11-02T17:09:27","modified_gmt":"2024-11-02T16:09:27","slug":"celebrem-la-castanyada","status":"publish","type":"post","link":"https:\/\/agora.xtec.cat\/escferreriguardiagranollers\/infantil\/celebrem-la-castanyada\/","title":{"rendered":"Celebrem la castanyada!"},"content":{"rendered":"<p>Aquesta setmana hem celebrat la castanyada a l&#8217;escola.<\/p>\n<p>A I4 hem comen\u00e7at treballant el tra\u00e7 fent grafisme creatiu de la millor manera: Pintant una castanya amb xocolata! Hem quedat sorpresos de com pinta i el millor de tot \u00e9s que ens l&#8217;hem pogut menjar quan hem acabat la tasca!! Que bona!!<\/p>\n<p><a href=\"https:\/\/agora.xtec.cat\/escferreriguardiagranollers\/wp-content\/uploads\/usu988\/2024\/11\/IMG_9585-scaled.jpeg\"><img loading=\"lazy\" decoding=\"async\" class=\"alignnone wp-image-6849 size-medium\" src=\"https:\/\/agora.xtec.cat\/escferreriguardiagranollers\/wp-content\/uploads\/usu988\/2024\/11\/IMG_9585-300x225.jpeg\" alt=\"\" width=\"300\" height=\"225\" srcset=\"https:\/\/agora.xtec.cat\/escferreriguardiagranollers\/wp-content\/uploads\/usu988\/2024\/11\/IMG_9585-300x225.jpeg 300w, https:\/\/agora.xtec.cat\/escferreriguardiagranollers\/wp-content\/uploads\/usu988\/2024\/11\/IMG_9585-1024x768.jpeg 1024w, https:\/\/agora.xtec.cat\/escferreriguardiagranollers\/wp-content\/uploads\/usu988\/2024\/11\/IMG_9585-768x576.jpeg 768w, https:\/\/agora.xtec.cat\/escferreriguardiagranollers\/wp-content\/uploads\/usu988\/2024\/11\/IMG_9585-1536x1152.jpeg 1536w, https:\/\/agora.xtec.cat\/escferreriguardiagranollers\/wp-content\/uploads\/usu988\/2024\/11\/IMG_9585-2048x1536.jpeg 2048w, https:\/\/agora.xtec.cat\/escferreriguardiagranollers\/wp-content\/uploads\/usu988\/2024\/11\/IMG_9585-200x150.jpeg 200w\" sizes=\"auto, (max-width: 300px) 100vw, 300px\" \/><\/a> <a href=\"https:\/\/agora.xtec.cat\/escferreriguardiagranollers\/wp-content\/uploads\/usu988\/2024\/11\/IMG_9593.jpeg\"><img loading=\"lazy\" decoding=\"async\" class=\"alignnone wp-image-6850 size-medium\" src=\"https:\/\/agora.xtec.cat\/escferreriguardiagranollers\/wp-content\/uploads\/usu988\/2024\/11\/IMG_9593-300x225.jpeg\" alt=\"\" width=\"300\" height=\"225\" srcset=\"https:\/\/agora.xtec.cat\/escferreriguardiagranollers\/wp-content\/uploads\/usu988\/2024\/11\/IMG_9593-300x225.jpeg 300w, https:\/\/agora.xtec.cat\/escferreriguardiagranollers\/wp-content\/uploads\/usu988\/2024\/11\/IMG_9593-768x576.jpeg 768w, https:\/\/agora.xtec.cat\/escferreriguardiagranollers\/wp-content\/uploads\/usu988\/2024\/11\/IMG_9593-200x150.jpeg 200w, https:\/\/agora.xtec.cat\/escferreriguardiagranollers\/wp-content\/uploads\/usu988\/2024\/11\/IMG_9593.jpeg 1000w\" sizes=\"auto, (max-width: 300px) 100vw, 300px\" \/><\/a><\/p>\n<p>Per celebrar la festa grossa ens hem disfressat de castanyers i castanyeres, quin goig i que guapos i guapes hem vingut! Aqu\u00ed en teniu una mostra:<\/p>\n<p><a href=\"https:\/\/agora.xtec.cat\/escferreriguardiagranollers\/wp-content\/uploads\/usu988\/2024\/11\/IMG_9650.jpeg\"><img loading=\"lazy\" decoding=\"async\" class=\"alignnone size-medium wp-image-6851\" src=\"https:\/\/agora.xtec.cat\/escferreriguardiagranollers\/wp-content\/uploads\/usu988\/2024\/11\/IMG_9650-300x225.jpeg\" alt=\"\" width=\"300\" height=\"225\" srcset=\"https:\/\/agora.xtec.cat\/escferreriguardiagranollers\/wp-content\/uploads\/usu988\/2024\/11\/IMG_9650-300x225.jpeg 300w, https:\/\/agora.xtec.cat\/escferreriguardiagranollers\/wp-content\/uploads\/usu988\/2024\/11\/IMG_9650-768x576.jpeg 768w, https:\/\/agora.xtec.cat\/escferreriguardiagranollers\/wp-content\/uploads\/usu988\/2024\/11\/IMG_9650-200x150.jpeg 200w, https:\/\/agora.xtec.cat\/escferreriguardiagranollers\/wp-content\/uploads\/usu988\/2024\/11\/IMG_9650.jpeg 1000w\" sizes=\"auto, (max-width: 300px) 100vw, 300px\" \/><\/a> <a href=\"https:\/\/agora.xtec.cat\/escferreriguardiagranollers\/wp-content\/uploads\/usu988\/2024\/11\/IMG_9651.jpeg\"><img loading=\"lazy\" decoding=\"async\" class=\"alignnone size-medium wp-image-6852\" src=\"https:\/\/agora.xtec.cat\/escferreriguardiagranollers\/wp-content\/uploads\/usu988\/2024\/11\/IMG_9651-225x300.jpeg\" alt=\"\" width=\"225\" height=\"300\" srcset=\"https:\/\/agora.xtec.cat\/escferreriguardiagranollers\/wp-content\/uploads\/usu988\/2024\/11\/IMG_9651-225x300.jpeg 225w, https:\/\/agora.xtec.cat\/escferreriguardiagranollers\/wp-content\/uploads\/usu988\/2024\/11\/IMG_9651.jpeg 750w\" sizes=\"auto, (max-width: 225px) 100vw, 225px\" \/><\/a> <a href=\"https:\/\/agora.xtec.cat\/escferreriguardiagranollers\/wp-content\/uploads\/usu988\/2024\/11\/IMG_9654.jpeg\"><img loading=\"lazy\" decoding=\"async\" class=\"alignnone size-medium wp-image-6853\" src=\"https:\/\/agora.xtec.cat\/escferreriguardiagranollers\/wp-content\/uploads\/usu988\/2024\/11\/IMG_9654-300x225.jpeg\" alt=\"\" width=\"300\" height=\"225\" srcset=\"https:\/\/agora.xtec.cat\/escferreriguardiagranollers\/wp-content\/uploads\/usu988\/2024\/11\/IMG_9654-300x225.jpeg 300w, https:\/\/agora.xtec.cat\/escferreriguardiagranollers\/wp-content\/uploads\/usu988\/2024\/11\/IMG_9654-768x576.jpeg 768w, https:\/\/agora.xtec.cat\/escferreriguardiagranollers\/wp-content\/uploads\/usu988\/2024\/11\/IMG_9654-200x150.jpeg 200w, https:\/\/agora.xtec.cat\/escferreriguardiagranollers\/wp-content\/uploads\/usu988\/2024\/11\/IMG_9654.jpeg 1000w\" sizes=\"auto, (max-width: 300px) 100vw, 300px\" \/><\/a><\/p>\n<p>Al gimn\u00e0s de l&#8217;escola hem acabat la vetllada, les mestres d&#8217;infantil han representat el conte de la castanyera i ha sigut s\u00faper divertit!<\/p>\n<p><a href=\"https:\/\/agora.xtec.cat\/escferreriguardiagranollers\/wp-content\/uploads\/usu988\/2024\/11\/IMG_9656.jpeg\"><img loading=\"lazy\" decoding=\"async\" class=\"alignnone size-medium wp-image-6854\" src=\"https:\/\/agora.xtec.cat\/escferreriguardiagranollers\/wp-content\/uploads\/usu988\/2024\/11\/IMG_9656-300x225.jpeg\" alt=\"\" width=\"300\" height=\"225\" srcset=\"https:\/\/agora.xtec.cat\/escferreriguardiagranollers\/wp-content\/uploads\/usu988\/2024\/11\/IMG_9656-300x225.jpeg 300w, https:\/\/agora.xtec.cat\/escferreriguardiagranollers\/wp-content\/uploads\/usu988\/2024\/11\/IMG_9656-768x576.jpeg 768w, https:\/\/agora.xtec.cat\/escferreriguardiagranollers\/wp-content\/uploads\/usu988\/2024\/11\/IMG_9656-200x150.jpeg 200w, https:\/\/agora.xtec.cat\/escferreriguardiagranollers\/wp-content\/uploads\/usu988\/2024\/11\/IMG_9656.jpeg 1000w\" sizes=\"auto, (max-width: 300px) 100vw, 300px\" \/><\/a><\/p>\n<p>A la tarda ha plogut i no hem pogut celebrar la festa a la pista per\u00f2 ho hem resolt ballant i menjant castanyes al gimn\u00e0s amb la companyia immillorable dels companys i companyes de 3r i 5\u00e8!<\/p>\n<p><a href=\"https:\/\/agora.xtec.cat\/escferreriguardiagranollers\/wp-content\/uploads\/usu988\/2024\/11\/IMG_9666.jpeg\"><img loading=\"lazy\" decoding=\"async\" class=\"alignnone size-medium wp-image-6855\" src=\"https:\/\/agora.xtec.cat\/escferreriguardiagranollers\/wp-content\/uploads\/usu988\/2024\/11\/IMG_9666-300x225.jpeg\" alt=\"\" width=\"300\" height=\"225\" srcset=\"https:\/\/agora.xtec.cat\/escferreriguardiagranollers\/wp-content\/uploads\/usu988\/2024\/11\/IMG_9666-300x225.jpeg 300w, https:\/\/agora.xtec.cat\/escferreriguardiagranollers\/wp-content\/uploads\/usu988\/2024\/11\/IMG_9666-768x576.jpeg 768w, https:\/\/agora.xtec.cat\/escferreriguardiagranollers\/wp-content\/uploads\/usu988\/2024\/11\/IMG_9666-200x150.jpeg 200w, https:\/\/agora.xtec.cat\/escferreriguardiagranollers\/wp-content\/uploads\/usu988\/2024\/11\/IMG_9666.jpeg 1000w\" sizes=\"auto, (max-width: 300px) 100vw, 300px\" \/><\/a><\/p>\n<p>Ha sigut fant\u00e0stic! Amb aquest recull de fotografies donem per finalitzat l&#8217;octubre i donem la benvinguda al novembre i a tot el que est\u00e0 per arribar!<\/p>\n<p>Seguiu-nos la pista&#8230;.<\/p>\n<p><a href=\"https:\/\/agora.xtec.cat\/escferreriguardiagranollers\/wp-content\/uploads\/usu988\/2024\/11\/20.jpg\"><img loading=\"lazy\" decoding=\"async\" class=\"alignnone size-medium wp-image-6857\" src=\"https:\/\/agora.xtec.cat\/escferreriguardiagranollers\/wp-content\/uploads\/usu988\/2024\/11\/20-300x200.jpg\" alt=\"\" width=\"300\" height=\"200\" srcset=\"https:\/\/agora.xtec.cat\/escferreriguardiagranollers\/wp-content\/uploads\/usu988\/2024\/11\/20-300x200.jpg 300w, https:\/\/agora.xtec.cat\/escferreriguardiagranollers\/wp-content\/uploads\/usu988\/2024\/11\/20-768x512.jpg 768w, https:\/\/agora.xtec.cat\/escferreriguardiagranollers\/wp-content\/uploads\/usu988\/2024\/11\/20.jpg 900w\" sizes=\"auto, (max-width: 300px) 100vw, 300px\" \/><\/a><\/p>\n<p>&nbsp;<\/p>\n<p>&nbsp;<\/p>\n","protected":false},"excerpt":{"rendered":"<p>Aquesta setmana hem celebrat la castanyada a l&#8217;escola.<br \/>\nA I4 hem comen\u00e7at treballant el tra\u00e7 fent grafisme creatiu de la millor manera: Pintant una castanya amb xocolata! Hem quedat sorpresos de com pinta i el millor de tot \u00e9s que ens l&#8217;hem pogut menjar quan hem&hellip;  <a href=\"https:\/\/agora.xtec.cat\/escferreriguardiagranollers\/infantil\/celebrem-la-castanyada\/\" title=\"Read Celebrem la castanyada!\">Llegeix m\u00e9s\u00bb<\/a><\/p>\n","protected":false},"author":1,"featured_media":6848,"comment_status":"open","ping_status":"closed","sticky":false,"template":"","format":"standard","meta":{"_bbp_topic_count":0,"_bbp_reply_count":0,"_bbp_total_topic_count":0,"_bbp_total_reply_count":0,"_bbp_voice_count":0,"_bbp_anonymous_reply_count":0,"_bbp_topic_count_hidden":0,"_bbp_reply_count_hidden":0,"_bbp_forum_subforum_count":0,"footnotes":""},"categories":[2,8],"tags":[],"class_list":["post-6847","post","type-post","status-publish","format-standard","has-post-thumbnail","hentry","category-infantil","category-p4"],"post_mailing_queue_ids":[],"_links":{"self":[{"href":"https:\/\/agora.xtec.cat\/escferreriguardiagranollers\/wp-json\/wp\/v2\/posts\/6847","targetHints":{"allow":["GET"]}}],"collection":[{"href":"https:\/\/agora.xtec.cat\/escferreriguardiagranollers\/wp-json\/wp\/v2\/posts"}],"about":[{"href":"https:\/\/agora.xtec.cat\/escferreriguardiagranollers\/wp-json\/wp\/v2\/types\/post"}],"author":[{"embeddable":true,"href":"https:\/\/agora.xtec.cat\/escferreriguardiagranollers\/wp-json\/wp\/v2\/users\/1"}],"replies":[{"embeddable":true,"href":"https:\/\/agora.xtec.cat\/escferreriguardiagranollers\/wp-json\/wp\/v2\/comments?post=6847"}],"version-history":[{"count":4,"href":"https:\/\/agora.xtec.cat\/escferreriguardiagranollers\/wp-json\/wp\/v2\/posts\/6847\/revisions"}],"predecessor-version":[{"id":6860,"href":"https:\/\/agora.xtec.cat\/escferreriguardiagranollers\/wp-json\/wp\/v2\/posts\/6847\/revisions\/6860"}],"wp:featuredmedia":[{"embeddable":true,"href":"https:\/\/agora.xtec.cat\/escferreriguardiagranollers\/wp-json\/wp\/v2\/media\/6848"}],"wp:attachment":[{"href":"https:\/\/agora.xtec.cat\/escferreriguardiagranollers\/wp-json\/wp\/v2\/media?parent=6847"}],"wp:term":[{"taxonomy":"category","embeddable":true,"href":"https:\/\/agora.xtec.cat\/escferreriguardiagranollers\/wp-json\/wp\/v2\/categories?post=6847"},{"taxonomy":"post_tag","embeddable":true,"href":"https:\/\/agora.xtec.cat\/escferreriguardiagranollers\/wp-json\/wp\/v2\/tags?post=6847"}],"curies":[{"name":"wp","href":"https:\/\/api.w.org\/{rel}","templated":true}]}}