{"id":6717,"date":"2024-06-11T12:12:44","date_gmt":"2024-06-11T10:12:44","guid":{"rendered":"https:\/\/agora.xtec.cat\/escferreriguardiagranollers\/?p=6717"},"modified":"2024-06-11T12:12:51","modified_gmt":"2024-06-11T10:12:51","slug":"taller-de-radio-a-4t","status":"publish","type":"post","link":"https:\/\/agora.xtec.cat\/escferreriguardiagranollers\/primaria\/taller-de-radio-a-4t\/","title":{"rendered":"Taller de R\u00e0dio a 4t"},"content":{"rendered":"<p><a href=\"https:\/\/agora.xtec.cat\/escferreriguardiagranollers\/wp-content\/uploads\/usu988\/2024\/06\/IMG_5502-scaled.jpg\"><img loading=\"lazy\" decoding=\"async\" class=\" wp-image-6718 aligncenter\" src=\"https:\/\/agora.xtec.cat\/escferreriguardiagranollers\/wp-content\/uploads\/usu988\/2024\/06\/IMG_5502-941x1024.jpg\" alt=\"\" width=\"317\" height=\"345\" srcset=\"https:\/\/agora.xtec.cat\/escferreriguardiagranollers\/wp-content\/uploads\/usu988\/2024\/06\/IMG_5502-941x1024.jpg 941w, https:\/\/agora.xtec.cat\/escferreriguardiagranollers\/wp-content\/uploads\/usu988\/2024\/06\/IMG_5502-276x300.jpg 276w, https:\/\/agora.xtec.cat\/escferreriguardiagranollers\/wp-content\/uploads\/usu988\/2024\/06\/IMG_5502-768x836.jpg 768w, https:\/\/agora.xtec.cat\/escferreriguardiagranollers\/wp-content\/uploads\/usu988\/2024\/06\/IMG_5502-1411x1536.jpg 1411w, https:\/\/agora.xtec.cat\/escferreriguardiagranollers\/wp-content\/uploads\/usu988\/2024\/06\/IMG_5502-1882x2048.jpg 1882w\" sizes=\"auto, (max-width: 317px) 100vw, 317px\" \/><\/a><\/p>\n<p><strong>Atenci\u00f3! Ja tenim enllestits els nostres podcast radiof\u00f2nics sobre el canvi clim\u00e0tic.<\/strong> Els i les alumnes de quart hem fet una entrevista, unes not\u00edcies, anuncis i acudits, un programa musical i un conte on us parlem del canvi clim\u00e0tic, projecte que vam estar treballant al llarg del segon trimestre.<\/p>\n<p><strong>Esperem que escolteu les c\u00e0psules amb molta atenci\u00f3 i desitgem que us agradin. Nosaltres ens ho hem passat molt b\u00e9 fent-ho!\u00a0<\/strong><\/p>\n<!--[if lt IE 9]><script>document.createElement('audio');<\/script><![endif]-->\n<audio class=\"wp-audio-shortcode\" id=\"audio-6717-1\" preload=\"none\" style=\"width: 100%;\" controls=\"controls\"><source type=\"audio\/mpeg\" src=\"https:\/\/agora.xtec.cat\/escferreriguardiagranollers\/wp-content\/uploads\/usu988\/2024\/06\/Anuncis.mp3?_=1\" \/><a href=\"https:\/\/agora.xtec.cat\/escferreriguardiagranollers\/wp-content\/uploads\/usu988\/2024\/06\/Anuncis.mp3\">https:\/\/agora.xtec.cat\/escferreriguardiagranollers\/wp-content\/uploads\/usu988\/2024\/06\/Anuncis.mp3<\/a><\/audio>\n<audio class=\"wp-audio-shortcode\" id=\"audio-6717-2\" preload=\"none\" style=\"width: 100%;\" controls=\"controls\"><source type=\"audio\/mpeg\" src=\"https:\/\/agora.xtec.cat\/escferreriguardiagranollers\/wp-content\/uploads\/usu988\/2024\/06\/Conte.mp3?_=2\" \/><a href=\"https:\/\/agora.xtec.cat\/escferreriguardiagranollers\/wp-content\/uploads\/usu988\/2024\/06\/Conte.mp3\">https:\/\/agora.xtec.cat\/escferreriguardiagranollers\/wp-content\/uploads\/usu988\/2024\/06\/Conte.mp3<\/a><\/audio>\n<audio class=\"wp-audio-shortcode\" id=\"audio-6717-3\" preload=\"none\" style=\"width: 100%;\" controls=\"controls\"><source type=\"audio\/mpeg\" src=\"https:\/\/agora.xtec.cat\/escferreriguardiagranollers\/wp-content\/uploads\/usu988\/2024\/06\/Entrevista.mp3?_=3\" \/><a href=\"https:\/\/agora.xtec.cat\/escferreriguardiagranollers\/wp-content\/uploads\/usu988\/2024\/06\/Entrevista.mp3\">https:\/\/agora.xtec.cat\/escferreriguardiagranollers\/wp-content\/uploads\/usu988\/2024\/06\/Entrevista.mp3<\/a><\/audio>\n<audio class=\"wp-audio-shortcode\" id=\"audio-6717-4\" preload=\"none\" style=\"width: 100%;\" controls=\"controls\"><source type=\"audio\/mpeg\" src=\"https:\/\/agora.xtec.cat\/escferreriguardiagranollers\/wp-content\/uploads\/usu988\/2024\/06\/Noticies.mp3?_=4\" \/><a href=\"https:\/\/agora.xtec.cat\/escferreriguardiagranollers\/wp-content\/uploads\/usu988\/2024\/06\/Noticies.mp3\">https:\/\/agora.xtec.cat\/escferreriguardiagranollers\/wp-content\/uploads\/usu988\/2024\/06\/Noticies.mp3<\/a><\/audio>\n<audio class=\"wp-audio-shortcode\" id=\"audio-6717-5\" preload=\"none\" style=\"width: 100%;\" controls=\"controls\"><source type=\"audio\/mpeg\" src=\"https:\/\/agora.xtec.cat\/escferreriguardiagranollers\/wp-content\/uploads\/usu988\/2024\/06\/Musica.mp3?_=5\" \/><a href=\"https:\/\/agora.xtec.cat\/escferreriguardiagranollers\/wp-content\/uploads\/usu988\/2024\/06\/Musica.mp3\">https:\/\/agora.xtec.cat\/escferreriguardiagranollers\/wp-content\/uploads\/usu988\/2024\/06\/Musica.mp3<\/a><\/audio>\n","protected":false},"excerpt":{"rendered":"<p><a href=\"https:\/\/agora.xtec.cat\/escferreriguardiagranollers\/wp-content\/uploads\/usu988\/2024\/06\/IMG_5502-scaled.jpg\"><\/a><br \/>\nAtenci\u00f3! Ja tenim enllestits els nostres podcast radiof\u00f2nics sobre el canvi clim\u00e0tic. Els i les alumnes de quart hem fet una entrevista, unes not\u00edcies, anuncis i acudits, un programa musical i un conte on us parlem del canvi clim\u00e0tic, projecte que vam estar treballant&hellip;  <a href=\"https:\/\/agora.xtec.cat\/escferreriguardiagranollers\/primaria\/taller-de-radio-a-4t\/\" title=\"Read Taller de R\u00e0dio a 4t\">Llegeix m\u00e9s\u00bb<\/a><\/p>\n","protected":false},"author":1,"featured_media":0,"comment_status":"open","ping_status":"closed","sticky":false,"template":"","format":"standard","meta":{"_bbp_topic_count":0,"_bbp_reply_count":0,"_bbp_total_topic_count":0,"_bbp_total_reply_count":0,"_bbp_voice_count":0,"_bbp_anonymous_reply_count":0,"_bbp_topic_count_hidden":0,"_bbp_reply_count_hidden":0,"_bbp_forum_subforum_count":0,"footnotes":""},"categories":[74,5],"tags":[],"class_list":["post-6717","post","type-post","status-publish","format-standard","hentry","category-3r-4t","category-primaria"],"post_mailing_queue_ids":[],"_links":{"self":[{"href":"https:\/\/agora.xtec.cat\/escferreriguardiagranollers\/wp-json\/wp\/v2\/posts\/6717","targetHints":{"allow":["GET"]}}],"collection":[{"href":"https:\/\/agora.xtec.cat\/escferreriguardiagranollers\/wp-json\/wp\/v2\/posts"}],"about":[{"href":"https:\/\/agora.xtec.cat\/escferreriguardiagranollers\/wp-json\/wp\/v2\/types\/post"}],"author":[{"embeddable":true,"href":"https:\/\/agora.xtec.cat\/escferreriguardiagranollers\/wp-json\/wp\/v2\/users\/1"}],"replies":[{"embeddable":true,"href":"https:\/\/agora.xtec.cat\/escferreriguardiagranollers\/wp-json\/wp\/v2\/comments?post=6717"}],"version-history":[{"count":2,"href":"https:\/\/agora.xtec.cat\/escferreriguardiagranollers\/wp-json\/wp\/v2\/posts\/6717\/revisions"}],"predecessor-version":[{"id":6725,"href":"https:\/\/agora.xtec.cat\/escferreriguardiagranollers\/wp-json\/wp\/v2\/posts\/6717\/revisions\/6725"}],"wp:attachment":[{"href":"https:\/\/agora.xtec.cat\/escferreriguardiagranollers\/wp-json\/wp\/v2\/media?parent=6717"}],"wp:term":[{"taxonomy":"category","embeddable":true,"href":"https:\/\/agora.xtec.cat\/escferreriguardiagranollers\/wp-json\/wp\/v2\/categories?post=6717"},{"taxonomy":"post_tag","embeddable":true,"href":"https:\/\/agora.xtec.cat\/escferreriguardiagranollers\/wp-json\/wp\/v2\/tags?post=6717"}],"curies":[{"name":"wp","href":"https:\/\/api.w.org\/{rel}","templated":true}]}}