{"id":6497,"date":"2024-04-01T16:57:49","date_gmt":"2024-04-01T14:57:49","guid":{"rendered":"https:\/\/agora.xtec.cat\/escferreriguardiagranollers\/?p=6497"},"modified":"2024-04-23T17:09:43","modified_gmt":"2024-04-23T15:09:43","slug":"comencem-a-preparar-lerasmus-a-terceira","status":"publish","type":"post","link":"https:\/\/agora.xtec.cat\/escferreriguardiagranollers\/general\/comencem-a-preparar-lerasmus-a-terceira\/","title":{"rendered":"Comencem a preparar l\u2019Erasmus a Terceira"},"content":{"rendered":"<p>Com ja sabeu, la nostra escola forma part d\u2019un consorci d\u2019escoles de La Roca, Canovelles, Les Franqueses i Granollers que, juntament amb el CRP de Granollers, participem de diferents mobilitats Erasmus.<\/p>\n<p>El curs passat va ser el primer en el qual alumnes de les diferents escoles van tenir l\u2019oportunitat de viatjar a Amsterdam per tal de con\u00e8ixer el seu sistema educatiu. Enguany, una nena o nen de cada escola (Jacint Verdaguer, La Torreta, Els Quatre Vents, Guerau de Liost, Mogent, Pereanton i Ferrer i Gu\u00e0rdia) viatjar\u00e0 a l\u2019illa de Terceira, a les A\u00e7ores, per tal de visitar l\u2019<a href=\"https:\/\/ebiffd.edu.azores.gov.pt\/\">Escola Basica Integrada Francisco Ferreira Drummond<\/a>.<\/p>\n<p>El passat dimecres 20 de mar\u00e7 vam tenir el primer contacte entre fam\u00edlies, donat que tenim la sort tamb\u00e9 aquest any de rebre un grup d\u2019alumnes i mestres de la mateixa escola durant el mes d\u2019abril. Aquesta primera trobada ens va permetre posar veu i cara als nens i nenes i a les fam\u00edlies que obriran les portes de casa seva, tant aqu\u00ed com a Terceira.<\/p>\n<p>La trobada va ser bonica i molt profitosa, i esperem que les relacions i aprenentatges que creixin a partir d\u2019aqu\u00ed aportin molt\u00edssim als nens i nenes que gaudiran aquesta experi\u00e8ncia.<\/p>\n<p><a href=\"https:\/\/agora.xtec.cat\/escferreriguardiagranollers\/wp-content\/uploads\/usu988\/2024\/04\/WhatsApp-Image-2024-04-08-at-21.24.23.jpeg\"><img loading=\"lazy\" decoding=\"async\" class=\"alignnone size-medium wp-image-6498\" src=\"https:\/\/agora.xtec.cat\/escferreriguardiagranollers\/wp-content\/uploads\/usu988\/2024\/04\/WhatsApp-Image-2024-04-08-at-21.24.23-300x225.jpeg\" alt=\"\" width=\"300\" height=\"225\" srcset=\"https:\/\/agora.xtec.cat\/escferreriguardiagranollers\/wp-content\/uploads\/usu988\/2024\/04\/WhatsApp-Image-2024-04-08-at-21.24.23-300x225.jpeg 300w, https:\/\/agora.xtec.cat\/escferreriguardiagranollers\/wp-content\/uploads\/usu988\/2024\/04\/WhatsApp-Image-2024-04-08-at-21.24.23-1024x768.jpeg 1024w, https:\/\/agora.xtec.cat\/escferreriguardiagranollers\/wp-content\/uploads\/usu988\/2024\/04\/WhatsApp-Image-2024-04-08-at-21.24.23-768x576.jpeg 768w, https:\/\/agora.xtec.cat\/escferreriguardiagranollers\/wp-content\/uploads\/usu988\/2024\/04\/WhatsApp-Image-2024-04-08-at-21.24.23-1536x1152.jpeg 1536w, https:\/\/agora.xtec.cat\/escferreriguardiagranollers\/wp-content\/uploads\/usu988\/2024\/04\/WhatsApp-Image-2024-04-08-at-21.24.23-200x150.jpeg 200w, https:\/\/agora.xtec.cat\/escferreriguardiagranollers\/wp-content\/uploads\/usu988\/2024\/04\/WhatsApp-Image-2024-04-08-at-21.24.23.jpeg 1600w\" sizes=\"auto, (max-width: 300px) 100vw, 300px\" \/><\/a> \u00a0 \u00a0 \u00a0 \u00a0<a href=\"https:\/\/agora.xtec.cat\/escferreriguardiagranollers\/wp-content\/uploads\/usu988\/2024\/04\/IMG_3158-1-scaled.jpg\"><img loading=\"lazy\" decoding=\"async\" class=\"alignnone size-medium wp-image-6499\" src=\"https:\/\/agora.xtec.cat\/escferreriguardiagranollers\/wp-content\/uploads\/usu988\/2024\/04\/IMG_3158-1-300x225.jpg\" alt=\"\" width=\"300\" height=\"225\" srcset=\"https:\/\/agora.xtec.cat\/escferreriguardiagranollers\/wp-content\/uploads\/usu988\/2024\/04\/IMG_3158-1-300x225.jpg 300w, https:\/\/agora.xtec.cat\/escferreriguardiagranollers\/wp-content\/uploads\/usu988\/2024\/04\/IMG_3158-1-1024x768.jpg 1024w, https:\/\/agora.xtec.cat\/escferreriguardiagranollers\/wp-content\/uploads\/usu988\/2024\/04\/IMG_3158-1-768x576.jpg 768w, https:\/\/agora.xtec.cat\/escferreriguardiagranollers\/wp-content\/uploads\/usu988\/2024\/04\/IMG_3158-1-1536x1152.jpg 1536w, https:\/\/agora.xtec.cat\/escferreriguardiagranollers\/wp-content\/uploads\/usu988\/2024\/04\/IMG_3158-1-2048x1536.jpg 2048w, https:\/\/agora.xtec.cat\/escferreriguardiagranollers\/wp-content\/uploads\/usu988\/2024\/04\/IMG_3158-1-200x150.jpg 200w\" sizes=\"auto, (max-width: 300px) 100vw, 300px\" \/><\/a><\/p>\n<p>&nbsp;<\/p>\n","protected":false},"excerpt":{"rendered":"<p>Com ja sabeu, la nostra escola forma part d\u2019un consorci d\u2019escoles de La Roca, Canovelles, Les Franqueses i Granollers que, juntament amb el CRP de Granollers, participem de diferents mobilitats Erasmus.<br \/>\nEl curs passat va ser el primer en el qual alumnes de les diferents escoles&hellip;  <a href=\"https:\/\/agora.xtec.cat\/escferreriguardiagranollers\/general\/comencem-a-preparar-lerasmus-a-terceira\/\" title=\"Read Comencem a preparar l\u2019Erasmus a Terceira\">Llegeix m\u00e9s\u00bb<\/a><\/p>\n","protected":false},"author":1,"featured_media":0,"comment_status":"open","ping_status":"closed","sticky":false,"template":"","format":"standard","meta":{"_bbp_topic_count":0,"_bbp_reply_count":0,"_bbp_total_topic_count":0,"_bbp_total_reply_count":0,"_bbp_voice_count":0,"_bbp_anonymous_reply_count":0,"_bbp_topic_count_hidden":0,"_bbp_reply_count_hidden":0,"_bbp_forum_subforum_count":0,"footnotes":""},"categories":[70,1],"tags":[],"class_list":["post-6497","post","type-post","status-publish","format-standard","hentry","category-angles","category-general"],"post_mailing_queue_ids":[],"_links":{"self":[{"href":"https:\/\/agora.xtec.cat\/escferreriguardiagranollers\/wp-json\/wp\/v2\/posts\/6497","targetHints":{"allow":["GET"]}}],"collection":[{"href":"https:\/\/agora.xtec.cat\/escferreriguardiagranollers\/wp-json\/wp\/v2\/posts"}],"about":[{"href":"https:\/\/agora.xtec.cat\/escferreriguardiagranollers\/wp-json\/wp\/v2\/types\/post"}],"author":[{"embeddable":true,"href":"https:\/\/agora.xtec.cat\/escferreriguardiagranollers\/wp-json\/wp\/v2\/users\/1"}],"replies":[{"embeddable":true,"href":"https:\/\/agora.xtec.cat\/escferreriguardiagranollers\/wp-json\/wp\/v2\/comments?post=6497"}],"version-history":[{"count":1,"href":"https:\/\/agora.xtec.cat\/escferreriguardiagranollers\/wp-json\/wp\/v2\/posts\/6497\/revisions"}],"predecessor-version":[{"id":6500,"href":"https:\/\/agora.xtec.cat\/escferreriguardiagranollers\/wp-json\/wp\/v2\/posts\/6497\/revisions\/6500"}],"wp:attachment":[{"href":"https:\/\/agora.xtec.cat\/escferreriguardiagranollers\/wp-json\/wp\/v2\/media?parent=6497"}],"wp:term":[{"taxonomy":"category","embeddable":true,"href":"https:\/\/agora.xtec.cat\/escferreriguardiagranollers\/wp-json\/wp\/v2\/categories?post=6497"},{"taxonomy":"post_tag","embeddable":true,"href":"https:\/\/agora.xtec.cat\/escferreriguardiagranollers\/wp-json\/wp\/v2\/tags?post=6497"}],"curies":[{"name":"wp","href":"https:\/\/api.w.org\/{rel}","templated":true}]}}