{"id":6469,"date":"2024-03-29T20:18:07","date_gmt":"2024-03-29T19:18:07","guid":{"rendered":"https:\/\/agora.xtec.cat\/escferreriguardiagranollers\/?p=6469"},"modified":"2024-04-01T17:13:59","modified_gmt":"2024-04-01T15:13:59","slug":"granja-natura-de-navas","status":"publish","type":"post","link":"https:\/\/agora.xtec.cat\/escferreriguardiagranollers\/general\/granja-natura-de-navas\/","title":{"rendered":"Granja Natura de Nav\u00e0s"},"content":{"rendered":"<p>Hem visitat la Granja Natura de Nav\u00e0s. All\u00e0 ens vam trobar amb tota una s\u00e8rie d&#8217;animals molt diversos, la majoria d&#8217;ells rescatats, a la granja natura han trobat una nova llar on poder viure. Vam passar un dia fant\u00e0stic a l&#8217;aire lliure on vam aprendre moltes coses!<\/p>\n<p><a href=\"https:\/\/agora.xtec.cat\/escferreriguardiagranollers\/wp-content\/uploads\/usu988\/2024\/03\/1708763593502-COLLAGE.jpg\"><img loading=\"lazy\" decoding=\"async\" class=\"wp-image-6470 aligncenter\" src=\"https:\/\/agora.xtec.cat\/escferreriguardiagranollers\/wp-content\/uploads\/usu988\/2024\/03\/1708763593502-COLLAGE-300x300.jpg\" alt=\"\" width=\"730\" height=\"730\" srcset=\"https:\/\/agora.xtec.cat\/escferreriguardiagranollers\/wp-content\/uploads\/usu988\/2024\/03\/1708763593502-COLLAGE-300x300.jpg 300w, https:\/\/agora.xtec.cat\/escferreriguardiagranollers\/wp-content\/uploads\/usu988\/2024\/03\/1708763593502-COLLAGE-1024x1024.jpg 1024w, https:\/\/agora.xtec.cat\/escferreriguardiagranollers\/wp-content\/uploads\/usu988\/2024\/03\/1708763593502-COLLAGE-150x150.jpg 150w, https:\/\/agora.xtec.cat\/escferreriguardiagranollers\/wp-content\/uploads\/usu988\/2024\/03\/1708763593502-COLLAGE-768x768.jpg 768w, https:\/\/agora.xtec.cat\/escferreriguardiagranollers\/wp-content\/uploads\/usu988\/2024\/03\/1708763593502-COLLAGE-1536x1536.jpg 1536w, https:\/\/agora.xtec.cat\/escferreriguardiagranollers\/wp-content\/uploads\/usu988\/2024\/03\/1708763593502-COLLAGE.jpg 2034w\" sizes=\"auto, (max-width: 730px) 100vw, 730px\" \/><\/a><\/p>\n","protected":false},"excerpt":{"rendered":"<p>Hem visitat la Granja Natura de Nav\u00e0s. All\u00e0 ens vam trobar amb tota una s\u00e8rie d&#8217;animals molt diversos, la majoria d&#8217;ells rescatats, a la granja natura han trobat una nova llar on poder viure. Vam passar un dia fant\u00e0stic a l&#8217;aire lliure on vam aprendre&hellip;  <a href=\"https:\/\/agora.xtec.cat\/escferreriguardiagranollers\/general\/granja-natura-de-navas\/\" title=\"Read Granja Natura de Nav\u00e0s\">Llegeix m\u00e9s\u00bb<\/a><\/p>\n","protected":false},"author":1,"featured_media":0,"comment_status":"open","ping_status":"closed","sticky":false,"template":"","format":"standard","meta":{"_bbp_topic_count":0,"_bbp_reply_count":0,"_bbp_total_topic_count":0,"_bbp_total_reply_count":0,"_bbp_voice_count":0,"_bbp_anonymous_reply_count":0,"_bbp_topic_count_hidden":0,"_bbp_reply_count_hidden":0,"_bbp_forum_subforum_count":0,"footnotes":""},"categories":[1,2,8],"tags":[],"class_list":["post-6469","post","type-post","status-publish","format-standard","hentry","category-general","category-infantil","category-p4"],"post_mailing_queue_ids":[],"_links":{"self":[{"href":"https:\/\/agora.xtec.cat\/escferreriguardiagranollers\/wp-json\/wp\/v2\/posts\/6469","targetHints":{"allow":["GET"]}}],"collection":[{"href":"https:\/\/agora.xtec.cat\/escferreriguardiagranollers\/wp-json\/wp\/v2\/posts"}],"about":[{"href":"https:\/\/agora.xtec.cat\/escferreriguardiagranollers\/wp-json\/wp\/v2\/types\/post"}],"author":[{"embeddable":true,"href":"https:\/\/agora.xtec.cat\/escferreriguardiagranollers\/wp-json\/wp\/v2\/users\/1"}],"replies":[{"embeddable":true,"href":"https:\/\/agora.xtec.cat\/escferreriguardiagranollers\/wp-json\/wp\/v2\/comments?post=6469"}],"version-history":[{"count":2,"href":"https:\/\/agora.xtec.cat\/escferreriguardiagranollers\/wp-json\/wp\/v2\/posts\/6469\/revisions"}],"predecessor-version":[{"id":6472,"href":"https:\/\/agora.xtec.cat\/escferreriguardiagranollers\/wp-json\/wp\/v2\/posts\/6469\/revisions\/6472"}],"wp:attachment":[{"href":"https:\/\/agora.xtec.cat\/escferreriguardiagranollers\/wp-json\/wp\/v2\/media?parent=6469"}],"wp:term":[{"taxonomy":"category","embeddable":true,"href":"https:\/\/agora.xtec.cat\/escferreriguardiagranollers\/wp-json\/wp\/v2\/categories?post=6469"},{"taxonomy":"post_tag","embeddable":true,"href":"https:\/\/agora.xtec.cat\/escferreriguardiagranollers\/wp-json\/wp\/v2\/tags?post=6469"}],"curies":[{"name":"wp","href":"https:\/\/api.w.org\/{rel}","templated":true}]}}