{"id":6370,"date":"2024-01-12T09:57:48","date_gmt":"2024-01-12T08:57:48","guid":{"rendered":"https:\/\/agora.xtec.cat\/escferreriguardiagranollers\/?p=6370"},"modified":"2024-01-12T09:57:48","modified_gmt":"2024-01-12T08:57:48","slug":"setmana-magica","status":"publish","type":"post","link":"https:\/\/agora.xtec.cat\/escferreriguardiagranollers\/infantil\/p4\/setmana-magica\/","title":{"rendered":"Setmana m\u00e0gica"},"content":{"rendered":"<p>Bon any fam\u00edlies!<\/p>\n<p>Comencem aquest mes de gener amb un post molt bonic amb una petita mostra del que va ser el nostre \u00faltim dia de desembre.<\/p>\n<p>Com ja sabeu, abans de marxar de vacances ens va fer una visita la patgessa Gregoriana i ens va regalar una miqueta de la seva pols m\u00e0gica&#8230; vam quedar meravellats! I a m\u00e9s a m\u00e9s, vam fer cagar el ti\u00f3 amb molta il\u2022lusi\u00f3! Sabeu que va cagar? Un munt de neules i torrons, tot bon\u00edssim.<\/p>\n<p><a href=\"https:\/\/agora.xtec.cat\/escferreriguardiagranollers\/wp-content\/uploads\/usu988\/2024\/01\/Pols-magica.jpg\"><img loading=\"lazy\" decoding=\"async\" class=\"alignnone size-medium wp-image-6371\" src=\"https:\/\/agora.xtec.cat\/escferreriguardiagranollers\/wp-content\/uploads\/usu988\/2024\/01\/Pols-magica-300x135.jpg\" alt=\"\" width=\"300\" height=\"135\" srcset=\"https:\/\/agora.xtec.cat\/escferreriguardiagranollers\/wp-content\/uploads\/usu988\/2024\/01\/Pols-magica-300x135.jpg 300w, https:\/\/agora.xtec.cat\/escferreriguardiagranollers\/wp-content\/uploads\/usu988\/2024\/01\/Pols-magica-1024x461.jpg 1024w, https:\/\/agora.xtec.cat\/escferreriguardiagranollers\/wp-content\/uploads\/usu988\/2024\/01\/Pols-magica-768x346.jpg 768w, https:\/\/agora.xtec.cat\/escferreriguardiagranollers\/wp-content\/uploads\/usu988\/2024\/01\/Pols-magica-1536x691.jpg 1536w, https:\/\/agora.xtec.cat\/escferreriguardiagranollers\/wp-content\/uploads\/usu988\/2024\/01\/Pols-magica.jpg 2000w\" sizes=\"auto, (max-width: 300px) 100vw, 300px\" \/><\/a><img loading=\"lazy\" decoding=\"async\" class=\"alignnone wp-image-6372 size-medium\" src=\"https:\/\/agora.xtec.cat\/escferreriguardiagranollers\/wp-content\/uploads\/usu988\/2024\/01\/Tio-300x135.jpg\" alt=\"\" width=\"300\" height=\"135\" srcset=\"https:\/\/agora.xtec.cat\/escferreriguardiagranollers\/wp-content\/uploads\/usu988\/2024\/01\/Tio-300x135.jpg 300w, https:\/\/agora.xtec.cat\/escferreriguardiagranollers\/wp-content\/uploads\/usu988\/2024\/01\/Tio-1024x461.jpg 1024w, https:\/\/agora.xtec.cat\/escferreriguardiagranollers\/wp-content\/uploads\/usu988\/2024\/01\/Tio-768x346.jpg 768w, https:\/\/agora.xtec.cat\/escferreriguardiagranollers\/wp-content\/uploads\/usu988\/2024\/01\/Tio-1536x691.jpg 1536w, https:\/\/agora.xtec.cat\/escferreriguardiagranollers\/wp-content\/uploads\/usu988\/2024\/01\/Tio.jpg 2000w\" sizes=\"auto, (max-width: 300px) 100vw, 300px\" \/><\/p>\n<p>I per acabar, vam poder gaudir plegats del concert de Nadal. Va ser un plaer poder cantar davant de tota l&#8217;escola, per\u00f2 sobretot davant de vosaltres, les fam\u00edlies.<\/p>\n<p>&nbsp;<\/p>\n<p><a href=\"https:\/\/agora.xtec.cat\/escferreriguardiagranollers\/wp-content\/uploads\/usu988\/2024\/01\/Concert.jpg\"><img loading=\"lazy\" decoding=\"async\" class=\"alignnone wp-image-6373 size-medium\" src=\"https:\/\/agora.xtec.cat\/escferreriguardiagranollers\/wp-content\/uploads\/usu988\/2024\/01\/Concert-300x200.jpg\" alt=\"\" width=\"300\" height=\"200\" srcset=\"https:\/\/agora.xtec.cat\/escferreriguardiagranollers\/wp-content\/uploads\/usu988\/2024\/01\/Concert-300x200.jpg 300w, https:\/\/agora.xtec.cat\/escferreriguardiagranollers\/wp-content\/uploads\/usu988\/2024\/01\/Concert-1024x682.jpg 1024w, https:\/\/agora.xtec.cat\/escferreriguardiagranollers\/wp-content\/uploads\/usu988\/2024\/01\/Concert-768x512.jpg 768w, https:\/\/agora.xtec.cat\/escferreriguardiagranollers\/wp-content\/uploads\/usu988\/2024\/01\/Concert-1536x1023.jpg 1536w, https:\/\/agora.xtec.cat\/escferreriguardiagranollers\/wp-content\/uploads\/usu988\/2024\/01\/Concert.jpg 1600w\" sizes=\"auto, (max-width: 300px) 100vw, 300px\" \/><\/a><\/p>\n<p>Gr\u00e0cies per acompanyar-nos en un dia tan especial per els vostres fills i filles. Desitgem que aquestes fotografies us agradin tant com a nosaltres.<\/p>\n<p>Seguim amb el segon trimestre!!<\/p>\n","protected":false},"excerpt":{"rendered":"<p>Bon any fam\u00edlies!<br \/>\nComencem aquest mes de gener amb un post molt bonic amb una petita mostra del que va ser el nostre \u00faltim dia de desembre.<br \/>\nCom ja sabeu, abans de marxar de vacances ens va fer una visita la patgessa Gregoriana i ens va regalar&hellip;  <a href=\"https:\/\/agora.xtec.cat\/escferreriguardiagranollers\/infantil\/p4\/setmana-magica\/\" title=\"Read Setmana m\u00e0gica\">Llegeix m\u00e9s\u00bb<\/a><\/p>\n","protected":false},"author":4,"featured_media":0,"comment_status":"open","ping_status":"closed","sticky":false,"template":"","format":"standard","meta":{"_bbp_topic_count":0,"_bbp_reply_count":0,"_bbp_total_topic_count":0,"_bbp_total_reply_count":0,"_bbp_voice_count":0,"_bbp_anonymous_reply_count":0,"_bbp_topic_count_hidden":0,"_bbp_reply_count_hidden":0,"_bbp_forum_subforum_count":0,"footnotes":""},"categories":[8],"tags":[],"class_list":["post-6370","post","type-post","status-publish","format-standard","hentry","category-p4"],"post_mailing_queue_ids":[],"_links":{"self":[{"href":"https:\/\/agora.xtec.cat\/escferreriguardiagranollers\/wp-json\/wp\/v2\/posts\/6370","targetHints":{"allow":["GET"]}}],"collection":[{"href":"https:\/\/agora.xtec.cat\/escferreriguardiagranollers\/wp-json\/wp\/v2\/posts"}],"about":[{"href":"https:\/\/agora.xtec.cat\/escferreriguardiagranollers\/wp-json\/wp\/v2\/types\/post"}],"author":[{"embeddable":true,"href":"https:\/\/agora.xtec.cat\/escferreriguardiagranollers\/wp-json\/wp\/v2\/users\/4"}],"replies":[{"embeddable":true,"href":"https:\/\/agora.xtec.cat\/escferreriguardiagranollers\/wp-json\/wp\/v2\/comments?post=6370"}],"version-history":[{"count":1,"href":"https:\/\/agora.xtec.cat\/escferreriguardiagranollers\/wp-json\/wp\/v2\/posts\/6370\/revisions"}],"predecessor-version":[{"id":6374,"href":"https:\/\/agora.xtec.cat\/escferreriguardiagranollers\/wp-json\/wp\/v2\/posts\/6370\/revisions\/6374"}],"wp:attachment":[{"href":"https:\/\/agora.xtec.cat\/escferreriguardiagranollers\/wp-json\/wp\/v2\/media?parent=6370"}],"wp:term":[{"taxonomy":"category","embeddable":true,"href":"https:\/\/agora.xtec.cat\/escferreriguardiagranollers\/wp-json\/wp\/v2\/categories?post=6370"},{"taxonomy":"post_tag","embeddable":true,"href":"https:\/\/agora.xtec.cat\/escferreriguardiagranollers\/wp-json\/wp\/v2\/tags?post=6370"}],"curies":[{"name":"wp","href":"https:\/\/api.w.org\/{rel}","templated":true}]}}