{"id":635,"date":"2016-05-23T15:23:43","date_gmt":"2016-05-23T14:23:43","guid":{"rendered":"http:\/\/agora.xtec.cat\/escferreriguardiagranollers\/?p=635"},"modified":"2016-07-06T22:23:36","modified_gmt":"2016-07-06T21:23:36","slug":"mon-genius","status":"publish","type":"post","link":"https:\/\/agora.xtec.cat\/escferreriguardiagranollers\/primaria\/1r-i-2n\/mon-genius\/","title":{"rendered":"MON G\u00c8NIUS"},"content":{"rendered":"<h6 class=\"post-title entry-title\">Avui les nenes i nens de segon hem anat a la biblioteca de Can Pedrals.<\/h6>\n<div id=\"post-body-8982609678626016737\" class=\"post-body entry-content\">\n<p>Ens han explicat com funciona una biblioteca, qu\u00e8 hi ha, qu\u00e8 podem fer a la sala infantil i com s&#8217;organitza l&#8217;espai. Despr\u00e9s d&#8217;escoltar molt hem fet un joc en petits grups per aprendre a buscar informaci\u00f3 sobre: insectes, pirates, dinosaures, plantes i el cos hum\u00e0.<\/p>\n<p>Hem apr\u00e8s molt b\u00e9 el funcionament de la biblioteca, ens hem divertit i estem molt satisfets i satisfetes perqu\u00e8 ens han felicitat pel nostre inter\u00e8s i bona actitud!!!<\/p>\n\n<div class=\"separator\" style=\"text-align: center;\"><\/div>\n<div class=\"separator\" style=\"text-align: center;\"><\/div>\n<div class=\"separator\" style=\"text-align: center;\"><\/div>\n<div class=\"separator\" style=\"text-align: center;\"><\/div>\n<div class=\"separator\" style=\"text-align: center;\"><\/div>\n<div class=\"separator\" style=\"text-align: center;\"><\/div>\n<div class=\"separator\" style=\"text-align: center;\"><\/div>\n<div class=\"separator\" style=\"text-align: center;\"><\/div>\n<div class=\"separator\" style=\"text-align: center;\"><\/div>\n<div class=\"separator\" style=\"text-align: center;\"><\/div>\n<div class=\"separator\" style=\"text-align: center;\"><\/div>\n<div class=\"separator\" style=\"text-align: center;\"><\/div>\n<div class=\"separator\" style=\"text-align: center;\"><\/div>\n<div class=\"separator\" style=\"text-align: center;\"><\/div>\n<div class=\"separator\" style=\"text-align: center;\"><\/div>\n<div class=\"separator\" style=\"text-align: center;\"><\/div>\n<div class=\"separator\" style=\"text-align: center;\"><\/div>\n<div class=\"separator\" style=\"text-align: center;\"><\/div>\n<div class=\"separator\" style=\"text-align: center;\"><\/div>\n<div class=\"separator\" style=\"text-align: center;\"><\/div>\n<div class=\"separator\" style=\"text-align: center;\"><\/div>\n<div class=\"separator\" style=\"text-align: center;\"><\/div>\n<div class=\"separator\" style=\"text-align: center;\"><\/div>\n<div class=\"separator\" style=\"text-align: center;\"><\/div>\n<div class=\"separator\" style=\"text-align: center;\"><\/div>\n<div class=\"separator\"><\/div>\n<\/div>\n","protected":false},"excerpt":{"rendered":"<p>Avui les nenes i nens de segon hem anat a la biblioteca de Can Pedrals.<\/p>\n<p>Ens han explicat com funciona una biblioteca, qu\u00e8 hi ha, qu\u00e8 podem fer a la sala infantil i com s&#8217;organitza l&#8217;espai. Despr\u00e9s d&#8217;escoltar molt hem fet un joc en petits grups&hellip;  <a href=\"https:\/\/agora.xtec.cat\/escferreriguardiagranollers\/primaria\/1r-i-2n\/mon-genius\/\" title=\"Read MON G\u00c8NIUS\">Llegeix m\u00e9s\u00bb<\/a><\/p>\n","protected":false},"author":1,"featured_media":888,"comment_status":"open","ping_status":"open","sticky":false,"template":"","format":"standard","meta":{"_bbp_topic_count":0,"_bbp_reply_count":0,"_bbp_total_topic_count":0,"_bbp_total_reply_count":0,"_bbp_voice_count":0,"_bbp_anonymous_reply_count":0,"_bbp_topic_count_hidden":0,"_bbp_reply_count_hidden":0,"_bbp_forum_subforum_count":0,"footnotes":""},"categories":[10],"tags":[],"class_list":["post-635","post","type-post","status-publish","format-standard","has-post-thumbnail","hentry","category-1r-i-2n"],"post_mailing_queue_ids":[],"_links":{"self":[{"href":"https:\/\/agora.xtec.cat\/escferreriguardiagranollers\/wp-json\/wp\/v2\/posts\/635","targetHints":{"allow":["GET"]}}],"collection":[{"href":"https:\/\/agora.xtec.cat\/escferreriguardiagranollers\/wp-json\/wp\/v2\/posts"}],"about":[{"href":"https:\/\/agora.xtec.cat\/escferreriguardiagranollers\/wp-json\/wp\/v2\/types\/post"}],"author":[{"embeddable":true,"href":"https:\/\/agora.xtec.cat\/escferreriguardiagranollers\/wp-json\/wp\/v2\/users\/1"}],"replies":[{"embeddable":true,"href":"https:\/\/agora.xtec.cat\/escferreriguardiagranollers\/wp-json\/wp\/v2\/comments?post=635"}],"version-history":[{"count":3,"href":"https:\/\/agora.xtec.cat\/escferreriguardiagranollers\/wp-json\/wp\/v2\/posts\/635\/revisions"}],"predecessor-version":[{"id":889,"href":"https:\/\/agora.xtec.cat\/escferreriguardiagranollers\/wp-json\/wp\/v2\/posts\/635\/revisions\/889"}],"wp:featuredmedia":[{"embeddable":true,"href":"https:\/\/agora.xtec.cat\/escferreriguardiagranollers\/wp-json\/wp\/v2\/media\/888"}],"wp:attachment":[{"href":"https:\/\/agora.xtec.cat\/escferreriguardiagranollers\/wp-json\/wp\/v2\/media?parent=635"}],"wp:term":[{"taxonomy":"category","embeddable":true,"href":"https:\/\/agora.xtec.cat\/escferreriguardiagranollers\/wp-json\/wp\/v2\/categories?post=635"},{"taxonomy":"post_tag","embeddable":true,"href":"https:\/\/agora.xtec.cat\/escferreriguardiagranollers\/wp-json\/wp\/v2\/tags?post=635"}],"curies":[{"name":"wp","href":"https:\/\/api.w.org\/{rel}","templated":true}]}}