{"id":6272,"date":"2023-11-08T17:07:22","date_gmt":"2023-11-08T16:07:22","guid":{"rendered":"https:\/\/agora.xtec.cat\/escferreriguardiagranollers\/?p=6272"},"modified":"2023-11-20T17:24:01","modified_gmt":"2023-11-20T16:24:01","slug":"sortida-al-castell-de-montesquiu","status":"publish","type":"post","link":"https:\/\/agora.xtec.cat\/escferreriguardiagranollers\/primaria\/sortida-al-castell-de-montesquiu\/","title":{"rendered":"SORTIDA AL CASTELL DE MONTESQUIU"},"content":{"rendered":"<p>La setmana passada els i les alumnes de 1r a 6\u00e8, vam gaudir d\u2019un bonic dia al parc \u201cCastell de Montesquiu\u201d.<\/p>\n<p>All\u00e0, vam fer diferents activitats com descobrir el castell i la seva hist\u00f2ria vivint una experi\u00e8ncia molt participativa i din\u00e0mica amb les monitores. A continuaci\u00f3, vam veure l\u2019exposici\u00f3 \u201cMil ulls m\u2019observen\u201d, a la Cabanya del Castell, on vam poder con\u00e8ixer la fauna que habita al bosc i que ens observa sense saber-nos observats.<\/p>\n<p>La combinaci\u00f3 d\u2019aquestes activitats amb el gran espai de lleure del seus jardins, va fer que la nostra excursi\u00f3 hagi estat fant\u00e0stica i espectacular.<\/p>\n<p>De segur, que tornarem a repetir-la!!<\/p>\n<p><a href=\"https:\/\/agora.xtec.cat\/escferreriguardiagranollers\/wp-content\/uploads\/usu988\/2023\/11\/Castell-Montesquiu-BLOC1.jpg\"><img loading=\"lazy\" decoding=\"async\" class=\"aligncenter wp-image-6275 size-medium\" src=\"https:\/\/agora.xtec.cat\/escferreriguardiagranollers\/wp-content\/uploads\/usu988\/2023\/11\/Castell-Montesquiu-BLOC1-300x169.jpg\" alt=\"\" width=\"300\" height=\"169\" srcset=\"https:\/\/agora.xtec.cat\/escferreriguardiagranollers\/wp-content\/uploads\/usu988\/2023\/11\/Castell-Montesquiu-BLOC1-300x169.jpg 300w, https:\/\/agora.xtec.cat\/escferreriguardiagranollers\/wp-content\/uploads\/usu988\/2023\/11\/Castell-Montesquiu-BLOC1-1024x576.jpg 1024w, https:\/\/agora.xtec.cat\/escferreriguardiagranollers\/wp-content\/uploads\/usu988\/2023\/11\/Castell-Montesquiu-BLOC1-768x432.jpg 768w, https:\/\/agora.xtec.cat\/escferreriguardiagranollers\/wp-content\/uploads\/usu988\/2023\/11\/Castell-Montesquiu-BLOC1.jpg 1164w\" sizes=\"auto, (max-width: 300px) 100vw, 300px\" \/><\/a><a href=\"https:\/\/agora.xtec.cat\/escferreriguardiagranollers\/wp-content\/uploads\/usu988\/2023\/11\/Castell-Montesquiu-BLOC2.jpg\"><img loading=\"lazy\" decoding=\"async\" class=\"alignleft wp-image-6276 size-medium\" src=\"https:\/\/agora.xtec.cat\/escferreriguardiagranollers\/wp-content\/uploads\/usu988\/2023\/11\/Castell-Montesquiu-BLOC2-300x169.jpg\" alt=\"\" width=\"300\" height=\"169\" srcset=\"https:\/\/agora.xtec.cat\/escferreriguardiagranollers\/wp-content\/uploads\/usu988\/2023\/11\/Castell-Montesquiu-BLOC2-300x169.jpg 300w, https:\/\/agora.xtec.cat\/escferreriguardiagranollers\/wp-content\/uploads\/usu988\/2023\/11\/Castell-Montesquiu-BLOC2-1024x576.jpg 1024w, https:\/\/agora.xtec.cat\/escferreriguardiagranollers\/wp-content\/uploads\/usu988\/2023\/11\/Castell-Montesquiu-BLOC2-768x432.jpg 768w, https:\/\/agora.xtec.cat\/escferreriguardiagranollers\/wp-content\/uploads\/usu988\/2023\/11\/Castell-Montesquiu-BLOC2.jpg 1164w\" sizes=\"auto, (max-width: 300px) 100vw, 300px\" \/><\/a><a href=\"https:\/\/agora.xtec.cat\/escferreriguardiagranollers\/wp-content\/uploads\/usu988\/2023\/11\/Captura.jpg\"><img loading=\"lazy\" decoding=\"async\" class=\"aligncenter wp-image-6277 size-medium\" src=\"https:\/\/agora.xtec.cat\/escferreriguardiagranollers\/wp-content\/uploads\/usu988\/2023\/11\/Captura-300x281.jpg\" alt=\"\" width=\"300\" height=\"281\" srcset=\"https:\/\/agora.xtec.cat\/escferreriguardiagranollers\/wp-content\/uploads\/usu988\/2023\/11\/Captura-300x281.jpg 300w, https:\/\/agora.xtec.cat\/escferreriguardiagranollers\/wp-content\/uploads\/usu988\/2023\/11\/Captura-768x718.jpg 768w, https:\/\/agora.xtec.cat\/escferreriguardiagranollers\/wp-content\/uploads\/usu988\/2023\/11\/Captura.jpg 864w\" sizes=\"auto, (max-width: 300px) 100vw, 300px\" \/><\/a><a href=\"https:\/\/agora.xtec.cat\/escferreriguardiagranollers\/wp-content\/uploads\/usu988\/2023\/11\/Castell-Montesquiu-BLOC3.jpg\"><img loading=\"lazy\" decoding=\"async\" class=\"aligncenter size-large wp-image-6278\" src=\"https:\/\/agora.xtec.cat\/escferreriguardiagranollers\/wp-content\/uploads\/usu988\/2023\/11\/Castell-Montesquiu-BLOC3-1024x641.jpg\" alt=\"\" width=\"1024\" height=\"641\" srcset=\"https:\/\/agora.xtec.cat\/escferreriguardiagranollers\/wp-content\/uploads\/usu988\/2023\/11\/Castell-Montesquiu-BLOC3-1024x641.jpg 1024w, https:\/\/agora.xtec.cat\/escferreriguardiagranollers\/wp-content\/uploads\/usu988\/2023\/11\/Castell-Montesquiu-BLOC3-300x188.jpg 300w, https:\/\/agora.xtec.cat\/escferreriguardiagranollers\/wp-content\/uploads\/usu988\/2023\/11\/Castell-Montesquiu-BLOC3-768x481.jpg 768w, https:\/\/agora.xtec.cat\/escferreriguardiagranollers\/wp-content\/uploads\/usu988\/2023\/11\/Castell-Montesquiu-BLOC3-1536x961.jpg 1536w, https:\/\/agora.xtec.cat\/escferreriguardiagranollers\/wp-content\/uploads\/usu988\/2023\/11\/Castell-Montesquiu-BLOC3.jpg 1716w\" sizes=\"auto, (max-width: 1024px) 100vw, 1024px\" \/><\/a><\/p>\n","protected":false},"excerpt":{"rendered":"<p>La setmana passada els i les alumnes de 1r a 6\u00e8, vam gaudir d\u2019un bonic dia al parc \u201cCastell de Montesquiu\u201d.<br \/>\nAll\u00e0, vam fer diferents activitats com descobrir el castell i la seva hist\u00f2ria vivint una experi\u00e8ncia molt participativa i din\u00e0mica amb les monitores. A continuaci\u00f3,&hellip;  <a href=\"https:\/\/agora.xtec.cat\/escferreriguardiagranollers\/primaria\/sortida-al-castell-de-montesquiu\/\" title=\"Read SORTIDA AL CASTELL DE MONTESQUIU\">Llegeix m\u00e9s\u00bb<\/a><\/p>\n","protected":false},"author":8,"featured_media":6273,"comment_status":"open","ping_status":"closed","sticky":false,"template":"","format":"standard","meta":{"_bbp_topic_count":0,"_bbp_reply_count":0,"_bbp_total_topic_count":0,"_bbp_total_reply_count":0,"_bbp_voice_count":0,"_bbp_anonymous_reply_count":0,"_bbp_topic_count_hidden":0,"_bbp_reply_count_hidden":0,"_bbp_forum_subforum_count":0,"footnotes":""},"categories":[12,5],"tags":[],"class_list":["post-6272","post","type-post","status-publish","format-standard","has-post-thumbnail","hentry","category-5e-i-6e","category-primaria"],"post_mailing_queue_ids":[],"_links":{"self":[{"href":"https:\/\/agora.xtec.cat\/escferreriguardiagranollers\/wp-json\/wp\/v2\/posts\/6272","targetHints":{"allow":["GET"]}}],"collection":[{"href":"https:\/\/agora.xtec.cat\/escferreriguardiagranollers\/wp-json\/wp\/v2\/posts"}],"about":[{"href":"https:\/\/agora.xtec.cat\/escferreriguardiagranollers\/wp-json\/wp\/v2\/types\/post"}],"author":[{"embeddable":true,"href":"https:\/\/agora.xtec.cat\/escferreriguardiagranollers\/wp-json\/wp\/v2\/users\/8"}],"replies":[{"embeddable":true,"href":"https:\/\/agora.xtec.cat\/escferreriguardiagranollers\/wp-json\/wp\/v2\/comments?post=6272"}],"version-history":[{"count":2,"href":"https:\/\/agora.xtec.cat\/escferreriguardiagranollers\/wp-json\/wp\/v2\/posts\/6272\/revisions"}],"predecessor-version":[{"id":6279,"href":"https:\/\/agora.xtec.cat\/escferreriguardiagranollers\/wp-json\/wp\/v2\/posts\/6272\/revisions\/6279"}],"wp:featuredmedia":[{"embeddable":true,"href":"https:\/\/agora.xtec.cat\/escferreriguardiagranollers\/wp-json\/wp\/v2\/media\/6273"}],"wp:attachment":[{"href":"https:\/\/agora.xtec.cat\/escferreriguardiagranollers\/wp-json\/wp\/v2\/media?parent=6272"}],"wp:term":[{"taxonomy":"category","embeddable":true,"href":"https:\/\/agora.xtec.cat\/escferreriguardiagranollers\/wp-json\/wp\/v2\/categories?post=6272"},{"taxonomy":"post_tag","embeddable":true,"href":"https:\/\/agora.xtec.cat\/escferreriguardiagranollers\/wp-json\/wp\/v2\/tags?post=6272"}],"curies":[{"name":"wp","href":"https:\/\/api.w.org\/{rel}","templated":true}]}}