{"id":6263,"date":"2023-11-20T16:21:06","date_gmt":"2023-11-20T15:21:06","guid":{"rendered":"https:\/\/agora.xtec.cat\/escferreriguardiagranollers\/?p=6263"},"modified":"2023-11-20T16:39:22","modified_gmt":"2023-11-20T15:39:22","slug":"construccio-de-maquines","status":"publish","type":"post","link":"https:\/\/agora.xtec.cat\/escferreriguardiagranollers\/primaria\/construccio-de-maquines\/","title":{"rendered":"CONSTRUCCI\u00d3 DE M\u00c0QUINES"},"content":{"rendered":"<p>Els alumnes de 6\u00e8 han gaudit de la construcci\u00f3 de m\u00e0quines simples, i fins i\u00a0 tot, compostes, despr\u00e9s d\u2019haver tractat el tema a l\u2019\u00e0rea de coneixement del medi.<br \/>\nQuan vam comen\u00e7ar la unitat, r\u00e0pidament vam veure que moltes de les eines i aparells que utilitzem o veiem en el dia a dia s\u00f3n m\u00e0quines simples com ara la palanca, el pla inclinat, el torn, el caragol, i la politja.<\/p>\n<p>Per finalitzar el tema, els alumnes han constru\u00eft les seves pr\u00f2pies maquetes de forma individual o parelles. I han fet exposicions orals a partir de la fitxa t\u00e8cnica de la seva m\u00e0quina.<\/p>\n<p>Felicitats nois i noies per la feina feta!!<\/p>\n<p>Aqu\u00ed us deixem algunes d\u2019elles:<\/p>\n<p><a href=\"https:\/\/agora.xtec.cat\/escferreriguardiagranollers\/wp-content\/uploads\/usu988\/2023\/11\/Exposicio-maquines-25-scaled.jpg\"><img loading=\"lazy\" decoding=\"async\" class=\"alignleft wp-image-6264 size-medium\" src=\"https:\/\/agora.xtec.cat\/escferreriguardiagranollers\/wp-content\/uploads\/usu988\/2023\/11\/Exposicio-maquines-25-300x261.jpg\" alt=\"\" width=\"300\" height=\"261\" srcset=\"https:\/\/agora.xtec.cat\/escferreriguardiagranollers\/wp-content\/uploads\/usu988\/2023\/11\/Exposicio-maquines-25-300x261.jpg 300w, https:\/\/agora.xtec.cat\/escferreriguardiagranollers\/wp-content\/uploads\/usu988\/2023\/11\/Exposicio-maquines-25-1024x893.jpg 1024w, https:\/\/agora.xtec.cat\/escferreriguardiagranollers\/wp-content\/uploads\/usu988\/2023\/11\/Exposicio-maquines-25-768x669.jpg 768w, https:\/\/agora.xtec.cat\/escferreriguardiagranollers\/wp-content\/uploads\/usu988\/2023\/11\/Exposicio-maquines-25-1536x1339.jpg 1536w, https:\/\/agora.xtec.cat\/escferreriguardiagranollers\/wp-content\/uploads\/usu988\/2023\/11\/Exposicio-maquines-25-2048x1785.jpg 2048w\" sizes=\"auto, (max-width: 300px) 100vw, 300px\" \/><\/a><a href=\"https:\/\/agora.xtec.cat\/escferreriguardiagranollers\/wp-content\/uploads\/usu988\/2023\/11\/Exposicio-maquines-29-scaled.jpg\"><img loading=\"lazy\" decoding=\"async\" class=\"alignright wp-image-6265 size-medium\" src=\"https:\/\/agora.xtec.cat\/escferreriguardiagranollers\/wp-content\/uploads\/usu988\/2023\/11\/Exposicio-maquines-29-300x170.jpg\" alt=\"\" width=\"300\" height=\"170\" srcset=\"https:\/\/agora.xtec.cat\/escferreriguardiagranollers\/wp-content\/uploads\/usu988\/2023\/11\/Exposicio-maquines-29-300x170.jpg 300w, https:\/\/agora.xtec.cat\/escferreriguardiagranollers\/wp-content\/uploads\/usu988\/2023\/11\/Exposicio-maquines-29-1024x579.jpg 1024w, https:\/\/agora.xtec.cat\/escferreriguardiagranollers\/wp-content\/uploads\/usu988\/2023\/11\/Exposicio-maquines-29-768x434.jpg 768w, https:\/\/agora.xtec.cat\/escferreriguardiagranollers\/wp-content\/uploads\/usu988\/2023\/11\/Exposicio-maquines-29-1536x869.jpg 1536w, https:\/\/agora.xtec.cat\/escferreriguardiagranollers\/wp-content\/uploads\/usu988\/2023\/11\/Exposicio-maquines-29-2048x1158.jpg 2048w\" sizes=\"auto, (max-width: 300px) 100vw, 300px\" \/><\/a><a href=\"https:\/\/agora.xtec.cat\/escferreriguardiagranollers\/wp-content\/uploads\/usu988\/2023\/11\/Exposicio-maquines-30-scaled.jpg\"><img loading=\"lazy\" decoding=\"async\" class=\"alignleft wp-image-6266 size-medium\" src=\"https:\/\/agora.xtec.cat\/escferreriguardiagranollers\/wp-content\/uploads\/usu988\/2023\/11\/Exposicio-maquines-30-300x169.jpg\" alt=\"\" width=\"300\" height=\"169\" srcset=\"https:\/\/agora.xtec.cat\/escferreriguardiagranollers\/wp-content\/uploads\/usu988\/2023\/11\/Exposicio-maquines-30-300x169.jpg 300w, https:\/\/agora.xtec.cat\/escferreriguardiagranollers\/wp-content\/uploads\/usu988\/2023\/11\/Exposicio-maquines-30-1024x577.jpg 1024w, https:\/\/agora.xtec.cat\/escferreriguardiagranollers\/wp-content\/uploads\/usu988\/2023\/11\/Exposicio-maquines-30-768x433.jpg 768w, https:\/\/agora.xtec.cat\/escferreriguardiagranollers\/wp-content\/uploads\/usu988\/2023\/11\/Exposicio-maquines-30-1536x866.jpg 1536w, https:\/\/agora.xtec.cat\/escferreriguardiagranollers\/wp-content\/uploads\/usu988\/2023\/11\/Exposicio-maquines-30-2048x1155.jpg 2048w\" sizes=\"auto, (max-width: 300px) 100vw, 300px\" \/><\/a><a href=\"https:\/\/agora.xtec.cat\/escferreriguardiagranollers\/wp-content\/uploads\/usu988\/2023\/11\/Exposicio-maquines-31-scaled.jpg\"><img loading=\"lazy\" decoding=\"async\" class=\"alignright wp-image-6267 size-medium\" src=\"https:\/\/agora.xtec.cat\/escferreriguardiagranollers\/wp-content\/uploads\/usu988\/2023\/11\/Exposicio-maquines-31-300x170.jpg\" alt=\"\" width=\"300\" height=\"170\" srcset=\"https:\/\/agora.xtec.cat\/escferreriguardiagranollers\/wp-content\/uploads\/usu988\/2023\/11\/Exposicio-maquines-31-300x170.jpg 300w, https:\/\/agora.xtec.cat\/escferreriguardiagranollers\/wp-content\/uploads\/usu988\/2023\/11\/Exposicio-maquines-31-1024x581.jpg 1024w, https:\/\/agora.xtec.cat\/escferreriguardiagranollers\/wp-content\/uploads\/usu988\/2023\/11\/Exposicio-maquines-31-768x436.jpg 768w, https:\/\/agora.xtec.cat\/escferreriguardiagranollers\/wp-content\/uploads\/usu988\/2023\/11\/Exposicio-maquines-31-1536x871.jpg 1536w, https:\/\/agora.xtec.cat\/escferreriguardiagranollers\/wp-content\/uploads\/usu988\/2023\/11\/Exposicio-maquines-31-2048x1161.jpg 2048w\" sizes=\"auto, (max-width: 300px) 100vw, 300px\" \/><\/a> <a href=\"https:\/\/agora.xtec.cat\/escferreriguardiagranollers\/wp-content\/uploads\/usu988\/2023\/11\/Exposicio-maquines-33-scaled.jpg\"><img loading=\"lazy\" decoding=\"async\" class=\"alignleft wp-image-6268 size-medium\" src=\"https:\/\/agora.xtec.cat\/escferreriguardiagranollers\/wp-content\/uploads\/usu988\/2023\/11\/Exposicio-maquines-33-300x169.jpg\" alt=\"\" width=\"300\" height=\"169\" srcset=\"https:\/\/agora.xtec.cat\/escferreriguardiagranollers\/wp-content\/uploads\/usu988\/2023\/11\/Exposicio-maquines-33-300x169.jpg 300w, https:\/\/agora.xtec.cat\/escferreriguardiagranollers\/wp-content\/uploads\/usu988\/2023\/11\/Exposicio-maquines-33-1024x576.jpg 1024w, https:\/\/agora.xtec.cat\/escferreriguardiagranollers\/wp-content\/uploads\/usu988\/2023\/11\/Exposicio-maquines-33-768x432.jpg 768w, https:\/\/agora.xtec.cat\/escferreriguardiagranollers\/wp-content\/uploads\/usu988\/2023\/11\/Exposicio-maquines-33-1536x864.jpg 1536w, https:\/\/agora.xtec.cat\/escferreriguardiagranollers\/wp-content\/uploads\/usu988\/2023\/11\/Exposicio-maquines-33-2048x1152.jpg 2048w\" sizes=\"auto, (max-width: 300px) 100vw, 300px\" \/><\/a><\/p>\n","protected":false},"excerpt":{"rendered":"<p>Els alumnes de 6\u00e8 han gaudit de la construcci\u00f3 de m\u00e0quines simples, i fins i\u00a0 tot, compostes, despr\u00e9s d\u2019haver tractat el tema a l\u2019\u00e0rea de coneixement del medi.<br \/>\nQuan vam comen\u00e7ar la unitat, r\u00e0pidament vam veure que moltes de les eines i aparells que utilitzem o&hellip;  <a href=\"https:\/\/agora.xtec.cat\/escferreriguardiagranollers\/primaria\/construccio-de-maquines\/\" title=\"Read CONSTRUCCI\u00d3 DE M\u00c0QUINES\">Llegeix m\u00e9s\u00bb<\/a><\/p>\n","protected":false},"author":8,"featured_media":6269,"comment_status":"open","ping_status":"closed","sticky":false,"template":"","format":"standard","meta":{"_bbp_topic_count":0,"_bbp_reply_count":0,"_bbp_total_topic_count":0,"_bbp_total_reply_count":0,"_bbp_voice_count":0,"_bbp_anonymous_reply_count":0,"_bbp_topic_count_hidden":0,"_bbp_reply_count_hidden":0,"_bbp_forum_subforum_count":0,"footnotes":""},"categories":[12,5],"tags":[],"class_list":["post-6263","post","type-post","status-publish","format-standard","has-post-thumbnail","hentry","category-5e-i-6e","category-primaria"],"post_mailing_queue_ids":[],"_links":{"self":[{"href":"https:\/\/agora.xtec.cat\/escferreriguardiagranollers\/wp-json\/wp\/v2\/posts\/6263","targetHints":{"allow":["GET"]}}],"collection":[{"href":"https:\/\/agora.xtec.cat\/escferreriguardiagranollers\/wp-json\/wp\/v2\/posts"}],"about":[{"href":"https:\/\/agora.xtec.cat\/escferreriguardiagranollers\/wp-json\/wp\/v2\/types\/post"}],"author":[{"embeddable":true,"href":"https:\/\/agora.xtec.cat\/escferreriguardiagranollers\/wp-json\/wp\/v2\/users\/8"}],"replies":[{"embeddable":true,"href":"https:\/\/agora.xtec.cat\/escferreriguardiagranollers\/wp-json\/wp\/v2\/comments?post=6263"}],"version-history":[{"count":2,"href":"https:\/\/agora.xtec.cat\/escferreriguardiagranollers\/wp-json\/wp\/v2\/posts\/6263\/revisions"}],"predecessor-version":[{"id":6271,"href":"https:\/\/agora.xtec.cat\/escferreriguardiagranollers\/wp-json\/wp\/v2\/posts\/6263\/revisions\/6271"}],"wp:featuredmedia":[{"embeddable":true,"href":"https:\/\/agora.xtec.cat\/escferreriguardiagranollers\/wp-json\/wp\/v2\/media\/6269"}],"wp:attachment":[{"href":"https:\/\/agora.xtec.cat\/escferreriguardiagranollers\/wp-json\/wp\/v2\/media?parent=6263"}],"wp:term":[{"taxonomy":"category","embeddable":true,"href":"https:\/\/agora.xtec.cat\/escferreriguardiagranollers\/wp-json\/wp\/v2\/categories?post=6263"},{"taxonomy":"post_tag","embeddable":true,"href":"https:\/\/agora.xtec.cat\/escferreriguardiagranollers\/wp-json\/wp\/v2\/tags?post=6263"}],"curies":[{"name":"wp","href":"https:\/\/api.w.org\/{rel}","templated":true}]}}