{"id":6216,"date":"2023-11-05T20:00:26","date_gmt":"2023-11-05T19:00:26","guid":{"rendered":"https:\/\/agora.xtec.cat\/escferreriguardiagranollers\/?p=6216"},"modified":"2023-11-05T20:01:37","modified_gmt":"2023-11-05T19:01:37","slug":"la-castanyada-3","status":"publish","type":"post","link":"https:\/\/agora.xtec.cat\/escferreriguardiagranollers\/general\/la-castanyada-3\/","title":{"rendered":"La Castanyada"},"content":{"rendered":"<p>Durant aquestes dies hem estat treballant la tardor i les seves tradicions de diferents maneres. Hem anat a fer una volteta pel barri per observar que est\u00e0 passant amb els arbres i vam poder observar que ja han comen\u00e7at a caure fulles, en vam agafar moltes de fulles i branquetes. A l&#8217;escola vam fer panellets que ens van sortir bon\u00edssims!! Hem explicat contes de la tardor i les mestres van fer una representaci\u00f3 de les castanyeres Roseta i Marieta. Tamb\u00e9 vam celebrar la festa de la Castanyera, tots els nens i nenes de l&#8217;escola vam ballar i menjar castanyes junts i juntes, grans i petits!! Ens ho vam passar d&#8217;all\u00f2 m\u00e9s b\u00e9!!<\/p>\n<p><a href=\"https:\/\/agora.xtec.cat\/escferreriguardiagranollers\/wp-content\/uploads\/usu988\/2023\/11\/IMG20231030100929-COLLAGE.jpg\"><img loading=\"lazy\" decoding=\"async\" class=\"wp-image-6217 aligncenter\" src=\"https:\/\/agora.xtec.cat\/escferreriguardiagranollers\/wp-content\/uploads\/usu988\/2023\/11\/IMG20231030100929-COLLAGE-300x300.jpg\" alt=\"\" width=\"758\" height=\"758\" srcset=\"https:\/\/agora.xtec.cat\/escferreriguardiagranollers\/wp-content\/uploads\/usu988\/2023\/11\/IMG20231030100929-COLLAGE-300x300.jpg 300w, https:\/\/agora.xtec.cat\/escferreriguardiagranollers\/wp-content\/uploads\/usu988\/2023\/11\/IMG20231030100929-COLLAGE-1024x1024.jpg 1024w, https:\/\/agora.xtec.cat\/escferreriguardiagranollers\/wp-content\/uploads\/usu988\/2023\/11\/IMG20231030100929-COLLAGE-150x150.jpg 150w, https:\/\/agora.xtec.cat\/escferreriguardiagranollers\/wp-content\/uploads\/usu988\/2023\/11\/IMG20231030100929-COLLAGE-768x768.jpg 768w, https:\/\/agora.xtec.cat\/escferreriguardiagranollers\/wp-content\/uploads\/usu988\/2023\/11\/IMG20231030100929-COLLAGE-1536x1536.jpg 1536w, https:\/\/agora.xtec.cat\/escferreriguardiagranollers\/wp-content\/uploads\/usu988\/2023\/11\/IMG20231030100929-COLLAGE.jpg 2046w\" sizes=\"auto, (max-width: 758px) 100vw, 758px\" \/><\/a><\/p>\n","protected":false},"excerpt":{"rendered":"<p>Durant aquestes dies hem estat treballant la tardor i les seves tradicions de diferents maneres. Hem anat a fer una volteta pel barri per observar que est\u00e0 passant amb els arbres i vam poder observar que ja han comen\u00e7at a caure fulles, en vam agafar&hellip;  <a href=\"https:\/\/agora.xtec.cat\/escferreriguardiagranollers\/general\/la-castanyada-3\/\" title=\"Read La Castanyada\">Llegeix m\u00e9s\u00bb<\/a><\/p>\n","protected":false},"author":1,"featured_media":0,"comment_status":"open","ping_status":"closed","sticky":false,"template":"","format":"standard","meta":{"_bbp_topic_count":0,"_bbp_reply_count":0,"_bbp_total_topic_count":0,"_bbp_total_reply_count":0,"_bbp_voice_count":0,"_bbp_anonymous_reply_count":0,"_bbp_topic_count_hidden":0,"_bbp_reply_count_hidden":0,"_bbp_forum_subforum_count":0,"footnotes":""},"categories":[1,2,8],"tags":[],"class_list":["post-6216","post","type-post","status-publish","format-standard","hentry","category-general","category-infantil","category-p4"],"post_mailing_queue_ids":[],"_links":{"self":[{"href":"https:\/\/agora.xtec.cat\/escferreriguardiagranollers\/wp-json\/wp\/v2\/posts\/6216","targetHints":{"allow":["GET"]}}],"collection":[{"href":"https:\/\/agora.xtec.cat\/escferreriguardiagranollers\/wp-json\/wp\/v2\/posts"}],"about":[{"href":"https:\/\/agora.xtec.cat\/escferreriguardiagranollers\/wp-json\/wp\/v2\/types\/post"}],"author":[{"embeddable":true,"href":"https:\/\/agora.xtec.cat\/escferreriguardiagranollers\/wp-json\/wp\/v2\/users\/1"}],"replies":[{"embeddable":true,"href":"https:\/\/agora.xtec.cat\/escferreriguardiagranollers\/wp-json\/wp\/v2\/comments?post=6216"}],"version-history":[{"count":2,"href":"https:\/\/agora.xtec.cat\/escferreriguardiagranollers\/wp-json\/wp\/v2\/posts\/6216\/revisions"}],"predecessor-version":[{"id":6219,"href":"https:\/\/agora.xtec.cat\/escferreriguardiagranollers\/wp-json\/wp\/v2\/posts\/6216\/revisions\/6219"}],"wp:attachment":[{"href":"https:\/\/agora.xtec.cat\/escferreriguardiagranollers\/wp-json\/wp\/v2\/media?parent=6216"}],"wp:term":[{"taxonomy":"category","embeddable":true,"href":"https:\/\/agora.xtec.cat\/escferreriguardiagranollers\/wp-json\/wp\/v2\/categories?post=6216"},{"taxonomy":"post_tag","embeddable":true,"href":"https:\/\/agora.xtec.cat\/escferreriguardiagranollers\/wp-json\/wp\/v2\/tags?post=6216"}],"curies":[{"name":"wp","href":"https:\/\/api.w.org\/{rel}","templated":true}]}}