{"id":6213,"date":"2023-10-27T12:43:36","date_gmt":"2023-10-27T10:43:36","guid":{"rendered":"https:\/\/agora.xtec.cat\/escferreriguardiagranollers\/?p=6213"},"modified":"2023-10-27T12:49:01","modified_gmt":"2023-10-27T10:49:01","slug":"primers-dies-a-1r","status":"publish","type":"post","link":"https:\/\/agora.xtec.cat\/escferreriguardiagranollers\/general\/primers-dies-a-1r\/","title":{"rendered":"Primers dies a 1r"},"content":{"rendered":"<p><span style=\"font-weight: 400;\">Despr\u00e9s d\u2019un parell de mesos que fa que hem comen\u00e7at l\u2019escola, els nens i nenes de primer ja s\u2019han posat en marxa. Estem il\u00b7lusionats i contents amb aquesta nova etapa al pis dels grans.<\/span><\/p>\n<p><span style=\"font-weight: 400;\">Hem comen\u00e7at el Projecte d\u2019Art, descobrint l\u2019artista que dona nom a la nostra classe: Tonia Nneji, aix\u00ed com tamb\u00e9 la cultura que representa, la cultura africana negra. Una cultura plena de d\u2019aspectes fascinants que anem descobrint mica en mica a trav\u00e9s dels contes, dels llibres, dels mapes i dels objectes t\u00edpics d\u2019aquesta cultura que aneu portant entre tots i totes. Estem preparant una exposici\u00f3 al passad\u00eds del primer pis que est\u00e0 quedant xul\u00edssima!!.<\/span><\/p>\n<p>&nbsp;<\/p>\n<p><a href=\"https:\/\/agora.xtec.cat\/escferreriguardiagranollers\/wp-content\/uploads\/usu988\/bp-attachments\/6205\/guimidaysha.png\"><img loading=\"lazy\" decoding=\"async\" class=\"alignnone size-full wp-image-6206\" src=\"https:\/\/agora.xtec.cat\/escferreriguardiagranollers\/wp-content\/uploads\/usu988\/bp-attachments\/6205\/guimidaysha.png\" alt=\"\" width=\"488\" height=\"742\" srcset=\"https:\/\/agora.xtec.cat\/escferreriguardiagranollers\/wp-content\/uploads\/usu988\/bp-attachments\/6205\/guimidaysha.png 488w, https:\/\/agora.xtec.cat\/escferreriguardiagranollers\/wp-content\/uploads\/usu988\/bp-attachments\/6205\/guimidaysha-197x300.png 197w\" sizes=\"auto, (max-width: 488px) 100vw, 488px\" \/><\/a><a href=\"https:\/\/agora.xtec.cat\/escferreriguardiagranollers\/wp-content\/uploads\/usu988\/bp-attachments\/6205\/chiaraimarkel.png\"><img loading=\"lazy\" decoding=\"async\" class=\"alignnone size-full wp-image-6207\" src=\"https:\/\/agora.xtec.cat\/escferreriguardiagranollers\/wp-content\/uploads\/usu988\/bp-attachments\/6205\/chiaraimarkel.png\" alt=\"\" width=\"485\" height=\"731\" srcset=\"https:\/\/agora.xtec.cat\/escferreriguardiagranollers\/wp-content\/uploads\/usu988\/bp-attachments\/6205\/chiaraimarkel.png 485w, https:\/\/agora.xtec.cat\/escferreriguardiagranollers\/wp-content\/uploads\/usu988\/bp-attachments\/6205\/chiaraimarkel-199x300.png 199w\" sizes=\"auto, (max-width: 485px) 100vw, 485px\" \/><\/a><a href=\"https:\/\/agora.xtec.cat\/escferreriguardiagranollers\/wp-content\/uploads\/usu988\/bp-attachments\/6205\/isonaielian.png\"><img loading=\"lazy\" decoding=\"async\" class=\"alignnone size-full wp-image-6208\" src=\"https:\/\/agora.xtec.cat\/escferreriguardiagranollers\/wp-content\/uploads\/usu988\/bp-attachments\/6205\/isonaielian.png\" alt=\"\" width=\"500\" height=\"758\" srcset=\"https:\/\/agora.xtec.cat\/escferreriguardiagranollers\/wp-content\/uploads\/usu988\/bp-attachments\/6205\/isonaielian.png 500w, https:\/\/agora.xtec.cat\/escferreriguardiagranollers\/wp-content\/uploads\/usu988\/bp-attachments\/6205\/isonaielian-198x300.png 198w\" sizes=\"auto, (max-width: 500px) 100vw, 500px\" \/><\/a><a href=\"https:\/\/agora.xtec.cat\/escferreriguardiagranollers\/wp-content\/uploads\/usu988\/bp-attachments\/6205\/oliveriassi.png\"><img loading=\"lazy\" decoding=\"async\" class=\"alignnone size-full wp-image-6209\" src=\"https:\/\/agora.xtec.cat\/escferreriguardiagranollers\/wp-content\/uploads\/usu988\/bp-attachments\/6205\/oliveriassi.png\" alt=\"\" width=\"496\" height=\"745\" srcset=\"https:\/\/agora.xtec.cat\/escferreriguardiagranollers\/wp-content\/uploads\/usu988\/bp-attachments\/6205\/oliveriassi.png 496w, https:\/\/agora.xtec.cat\/escferreriguardiagranollers\/wp-content\/uploads\/usu988\/bp-attachments\/6205\/oliveriassi-200x300.png 200w\" sizes=\"auto, (max-width: 496px) 100vw, 496px\" \/><\/a><a href=\"https:\/\/agora.xtec.cat\/escferreriguardiagranollers\/wp-content\/uploads\/usu988\/bp-attachments\/6205\/porta.png\"><img loading=\"lazy\" decoding=\"async\" class=\"alignnone size-full wp-image-6210\" src=\"https:\/\/agora.xtec.cat\/escferreriguardiagranollers\/wp-content\/uploads\/usu988\/bp-attachments\/6205\/porta.png\" alt=\"\" width=\"449\" height=\"664\" srcset=\"https:\/\/agora.xtec.cat\/escferreriguardiagranollers\/wp-content\/uploads\/usu988\/bp-attachments\/6205\/porta.png 449w, https:\/\/agora.xtec.cat\/escferreriguardiagranollers\/wp-content\/uploads\/usu988\/bp-attachments\/6205\/porta-203x300.png 203w\" sizes=\"auto, (max-width: 449px) 100vw, 449px\" \/><\/a><a href=\"https:\/\/agora.xtec.cat\/escferreriguardiagranollers\/wp-content\/uploads\/usu988\/bp-attachments\/6205\/fotosgrup.png\"><img loading=\"lazy\" decoding=\"async\" class=\"alignnone size-full wp-image-6211\" src=\"https:\/\/agora.xtec.cat\/escferreriguardiagranollers\/wp-content\/uploads\/usu988\/bp-attachments\/6205\/fotosgrup.png\" alt=\"\" width=\"505\" height=\"749\" srcset=\"https:\/\/agora.xtec.cat\/escferreriguardiagranollers\/wp-content\/uploads\/usu988\/bp-attachments\/6205\/fotosgrup.png 505w, https:\/\/agora.xtec.cat\/escferreriguardiagranollers\/wp-content\/uploads\/usu988\/bp-attachments\/6205\/fotosgrup-202x300.png 202w\" sizes=\"auto, (max-width: 505px) 100vw, 505px\" \/><\/a><\/p>\n","protected":false},"excerpt":{"rendered":"<p>Despr\u00e9s d\u2019un parell de mesos que fa que hem comen\u00e7at l\u2019escola, els nens i nenes de primer ja s\u2019han posat en marxa. Estem il\u00b7lusionats i contents amb aquesta nova etapa al pis dels grans.<br \/>\nHem comen\u00e7at el Projecte d\u2019Art, descobrint l\u2019artista que dona nom a la&hellip;  <a href=\"https:\/\/agora.xtec.cat\/escferreriguardiagranollers\/general\/primers-dies-a-1r\/\" title=\"Read Primers dies a 1r\">Llegeix m\u00e9s\u00bb<\/a><\/p>\n","protected":false},"author":6,"featured_media":6215,"comment_status":"open","ping_status":"closed","sticky":false,"template":"","format":"standard","meta":{"_bbp_topic_count":0,"_bbp_reply_count":0,"_bbp_total_topic_count":0,"_bbp_total_reply_count":0,"_bbp_voice_count":0,"_bbp_anonymous_reply_count":0,"_bbp_topic_count_hidden":0,"_bbp_reply_count_hidden":0,"_bbp_forum_subforum_count":0,"footnotes":""},"categories":[10,1],"tags":[],"class_list":["post-6213","post","type-post","status-publish","format-standard","has-post-thumbnail","hentry","category-1r-i-2n","category-general"],"post_mailing_queue_ids":[],"_links":{"self":[{"href":"https:\/\/agora.xtec.cat\/escferreriguardiagranollers\/wp-json\/wp\/v2\/posts\/6213","targetHints":{"allow":["GET"]}}],"collection":[{"href":"https:\/\/agora.xtec.cat\/escferreriguardiagranollers\/wp-json\/wp\/v2\/posts"}],"about":[{"href":"https:\/\/agora.xtec.cat\/escferreriguardiagranollers\/wp-json\/wp\/v2\/types\/post"}],"author":[{"embeddable":true,"href":"https:\/\/agora.xtec.cat\/escferreriguardiagranollers\/wp-json\/wp\/v2\/users\/6"}],"replies":[{"embeddable":true,"href":"https:\/\/agora.xtec.cat\/escferreriguardiagranollers\/wp-json\/wp\/v2\/comments?post=6213"}],"version-history":[{"count":1,"href":"https:\/\/agora.xtec.cat\/escferreriguardiagranollers\/wp-json\/wp\/v2\/posts\/6213\/revisions"}],"predecessor-version":[{"id":6214,"href":"https:\/\/agora.xtec.cat\/escferreriguardiagranollers\/wp-json\/wp\/v2\/posts\/6213\/revisions\/6214"}],"wp:featuredmedia":[{"embeddable":true,"href":"https:\/\/agora.xtec.cat\/escferreriguardiagranollers\/wp-json\/wp\/v2\/media\/6215"}],"wp:attachment":[{"href":"https:\/\/agora.xtec.cat\/escferreriguardiagranollers\/wp-json\/wp\/v2\/media?parent=6213"}],"wp:term":[{"taxonomy":"category","embeddable":true,"href":"https:\/\/agora.xtec.cat\/escferreriguardiagranollers\/wp-json\/wp\/v2\/categories?post=6213"},{"taxonomy":"post_tag","embeddable":true,"href":"https:\/\/agora.xtec.cat\/escferreriguardiagranollers\/wp-json\/wp\/v2\/tags?post=6213"}],"curies":[{"name":"wp","href":"https:\/\/api.w.org\/{rel}","templated":true}]}}