{"id":6177,"date":"2023-10-05T09:07:02","date_gmt":"2023-10-05T07:07:02","guid":{"rendered":"https:\/\/agora.xtec.cat\/escferreriguardiagranollers\/?p=6177"},"modified":"2023-10-05T09:12:29","modified_gmt":"2023-10-05T07:12:29","slug":"primers-dies-descola-2","status":"publish","type":"post","link":"https:\/\/agora.xtec.cat\/escferreriguardiagranollers\/general\/primers-dies-descola-2\/","title":{"rendered":"Primers dies d&#8217;escola"},"content":{"rendered":"<p>Ja hem iniciat un nou curs! ha estat molt emocionant tornar a retrobar-nos amb els amics i les amigues, les mestres, tornar a gaudir del nostre espai, jocs, estones de pati i tot un seguit de coses amb les que ens ho passem molt b\u00e9!! Tamb\u00e9 hem hagut de tornar mica en mica a la rutina i esfor\u00e7ar-nos per millorar i aprendre cada dia una miqueta m\u00e9s!!<\/p>\n<p><a href=\"https:\/\/agora.xtec.cat\/escferreriguardiagranollers\/wp-content\/uploads\/usu988\/2023\/10\/IMG-20230929-WA0013-COLLAGE.jpg\"><img loading=\"lazy\" decoding=\"async\" class=\"wp-image-6180 aligncenter\" src=\"https:\/\/agora.xtec.cat\/escferreriguardiagranollers\/wp-content\/uploads\/usu988\/2023\/10\/IMG-20230929-WA0013-COLLAGE-300x300.jpg\" alt=\"\" width=\"595\" height=\"595\" srcset=\"https:\/\/agora.xtec.cat\/escferreriguardiagranollers\/wp-content\/uploads\/usu988\/2023\/10\/IMG-20230929-WA0013-COLLAGE-300x300.jpg 300w, https:\/\/agora.xtec.cat\/escferreriguardiagranollers\/wp-content\/uploads\/usu988\/2023\/10\/IMG-20230929-WA0013-COLLAGE-1024x1024.jpg 1024w, https:\/\/agora.xtec.cat\/escferreriguardiagranollers\/wp-content\/uploads\/usu988\/2023\/10\/IMG-20230929-WA0013-COLLAGE-150x150.jpg 150w, https:\/\/agora.xtec.cat\/escferreriguardiagranollers\/wp-content\/uploads\/usu988\/2023\/10\/IMG-20230929-WA0013-COLLAGE-768x768.jpg 768w, https:\/\/agora.xtec.cat\/escferreriguardiagranollers\/wp-content\/uploads\/usu988\/2023\/10\/IMG-20230929-WA0013-COLLAGE-1536x1536.jpg 1536w, https:\/\/agora.xtec.cat\/escferreriguardiagranollers\/wp-content\/uploads\/usu988\/2023\/10\/IMG-20230929-WA0013-COLLAGE.jpg 2047w\" sizes=\"auto, (max-width: 595px) 100vw, 595px\" \/><\/a><\/p>\n","protected":false},"excerpt":{"rendered":"<p>Ja hem iniciat un nou curs! ha estat molt emocionant tornar a retrobar-nos amb els amics i les amigues, les mestres, tornar a gaudir del nostre espai, jocs, estones de pati i tot un seguit de coses amb les que ens ho passem molt b\u00e9!!&hellip;  <a href=\"https:\/\/agora.xtec.cat\/escferreriguardiagranollers\/general\/primers-dies-descola-2\/\" title=\"Read Primers dies d&#8217;escola\">Llegeix m\u00e9s\u00bb<\/a><\/p>\n","protected":false},"author":1,"featured_media":0,"comment_status":"open","ping_status":"closed","sticky":false,"template":"","format":"standard","meta":{"_bbp_topic_count":0,"_bbp_reply_count":0,"_bbp_total_topic_count":0,"_bbp_total_reply_count":0,"_bbp_voice_count":0,"_bbp_anonymous_reply_count":0,"_bbp_topic_count_hidden":0,"_bbp_reply_count_hidden":0,"_bbp_forum_subforum_count":0,"footnotes":""},"categories":[1,2,8],"tags":[],"class_list":["post-6177","post","type-post","status-publish","format-standard","hentry","category-general","category-infantil","category-p4"],"post_mailing_queue_ids":[],"_links":{"self":[{"href":"https:\/\/agora.xtec.cat\/escferreriguardiagranollers\/wp-json\/wp\/v2\/posts\/6177","targetHints":{"allow":["GET"]}}],"collection":[{"href":"https:\/\/agora.xtec.cat\/escferreriguardiagranollers\/wp-json\/wp\/v2\/posts"}],"about":[{"href":"https:\/\/agora.xtec.cat\/escferreriguardiagranollers\/wp-json\/wp\/v2\/types\/post"}],"author":[{"embeddable":true,"href":"https:\/\/agora.xtec.cat\/escferreriguardiagranollers\/wp-json\/wp\/v2\/users\/1"}],"replies":[{"embeddable":true,"href":"https:\/\/agora.xtec.cat\/escferreriguardiagranollers\/wp-json\/wp\/v2\/comments?post=6177"}],"version-history":[{"count":2,"href":"https:\/\/agora.xtec.cat\/escferreriguardiagranollers\/wp-json\/wp\/v2\/posts\/6177\/revisions"}],"predecessor-version":[{"id":6181,"href":"https:\/\/agora.xtec.cat\/escferreriguardiagranollers\/wp-json\/wp\/v2\/posts\/6177\/revisions\/6181"}],"wp:attachment":[{"href":"https:\/\/agora.xtec.cat\/escferreriguardiagranollers\/wp-json\/wp\/v2\/media?parent=6177"}],"wp:term":[{"taxonomy":"category","embeddable":true,"href":"https:\/\/agora.xtec.cat\/escferreriguardiagranollers\/wp-json\/wp\/v2\/categories?post=6177"},{"taxonomy":"post_tag","embeddable":true,"href":"https:\/\/agora.xtec.cat\/escferreriguardiagranollers\/wp-json\/wp\/v2\/tags?post=6177"}],"curies":[{"name":"wp","href":"https:\/\/api.w.org\/{rel}","templated":true}]}}