{"id":6028,"date":"2023-06-27T13:20:36","date_gmt":"2023-06-27T11:20:36","guid":{"rendered":"https:\/\/agora.xtec.cat\/escferreriguardiagranollers\/?p=6028"},"modified":"2023-06-27T13:28:52","modified_gmt":"2023-06-27T11:28:52","slug":"bones-vacances","status":"publish","type":"post","link":"https:\/\/agora.xtec.cat\/escferreriguardiagranollers\/primaria\/bones-vacances\/","title":{"rendered":"BONES VACANCES!!!"},"content":{"rendered":"<p><a href=\"https:\/\/agora.xtec.cat\/escferreriguardiagranollers\/wp-content\/uploads\/usu988\/2023\/06\/baixa.jpeg\"><img loading=\"lazy\" decoding=\"async\" class=\"aligncenter size-full wp-image-6032\" src=\"https:\/\/agora.xtec.cat\/escferreriguardiagranollers\/wp-content\/uploads\/usu988\/2023\/06\/baixa.jpeg\" alt=\"\" width=\"300\" height=\"168\" \/><\/a><\/p>\n<p>Fam\u00edlies del cicle de grans:<\/p>\n<p>Despr\u00e9s d&#8217;uns mesos d&#8217;esfor\u00e7 i treball, arribem al final d&#8217;aquest llarg viatge, iniciat durant el mes de setembre. Ha estat un cam\u00ed ple d&#8217;emocions, somriures, amistats, alegries, aprenentatges, i relacions&#8230; Ara arriba el merescut moment de poder descansar i carregar les piles per entomar amb garanties el proper curs. Un curs, on l&#8217;alumnat de quart far\u00e0 el salt cap a cinqu\u00e8, i, l&#8217;alumnat de cinqu\u00e8 es convertir\u00e0 en el grup m\u00e9s gran de l&#8217;escola. Aquest fet, haur\u00e0 estat possible pel pas a la nova etapa de secund\u00e0ria, de l&#8217;actual grup de sis\u00e8, als quals, els hi desitgem tota la sort del m\u00f3n.<\/p>\n<p>En definitiva, volem agrair a tots els vostres fills i filles per la seva dedicaci\u00f3 durant el curs d&#8217;enguany, i tamb\u00e9 us volem felicitar, a vosaltres fam\u00edlies, per la vostra tasca i la vostra implicaci\u00f3 durant el dia a dia.<\/p>\n<p>Molt\u00edssimes gr\u00e0cies!!! Desitgem que gaudiu d&#8217;aquestes vacances d&#8217;estiu!!!<\/p>\n<p>Rebeu una forta abra\u00e7ada de tot l&#8217;equip docent del cicle de grans!!!<\/p>\n<p>&nbsp;<\/p>\n<p>&nbsp;<\/p>\n<p>&nbsp;<\/p>\n","protected":false},"excerpt":{"rendered":"<p><a href=\"https:\/\/agora.xtec.cat\/escferreriguardiagranollers\/wp-content\/uploads\/usu988\/2023\/06\/baixa.jpeg\"><\/a><br \/>\nFam\u00edlies del cicle de grans:<br \/>\nDespr\u00e9s d&#8217;uns mesos d&#8217;esfor\u00e7 i treball, arribem al final d&#8217;aquest llarg viatge, iniciat durant el mes de setembre. Ha estat un cam\u00ed ple d&#8217;emocions, somriures, amistats, alegries, aprenentatges, i relacions&#8230; Ara arriba el merescut moment de poder descansar i carregar&hellip;  <a href=\"https:\/\/agora.xtec.cat\/escferreriguardiagranollers\/primaria\/bones-vacances\/\" title=\"Read BONES VACANCES!!!\">Llegeix m\u00e9s\u00bb<\/a><\/p>\n","protected":false},"author":8,"featured_media":6030,"comment_status":"closed","ping_status":"closed","sticky":false,"template":"","format":"standard","meta":{"_bbp_topic_count":0,"_bbp_reply_count":0,"_bbp_total_topic_count":0,"_bbp_total_reply_count":0,"_bbp_voice_count":0,"_bbp_anonymous_reply_count":0,"_bbp_topic_count_hidden":0,"_bbp_reply_count_hidden":0,"_bbp_forum_subforum_count":0,"footnotes":""},"categories":[12,5],"tags":[],"class_list":["post-6028","post","type-post","status-publish","format-standard","has-post-thumbnail","hentry","category-5e-i-6e","category-primaria"],"post_mailing_queue_ids":[],"_links":{"self":[{"href":"https:\/\/agora.xtec.cat\/escferreriguardiagranollers\/wp-json\/wp\/v2\/posts\/6028","targetHints":{"allow":["GET"]}}],"collection":[{"href":"https:\/\/agora.xtec.cat\/escferreriguardiagranollers\/wp-json\/wp\/v2\/posts"}],"about":[{"href":"https:\/\/agora.xtec.cat\/escferreriguardiagranollers\/wp-json\/wp\/v2\/types\/post"}],"author":[{"embeddable":true,"href":"https:\/\/agora.xtec.cat\/escferreriguardiagranollers\/wp-json\/wp\/v2\/users\/8"}],"replies":[{"embeddable":true,"href":"https:\/\/agora.xtec.cat\/escferreriguardiagranollers\/wp-json\/wp\/v2\/comments?post=6028"}],"version-history":[{"count":3,"href":"https:\/\/agora.xtec.cat\/escferreriguardiagranollers\/wp-json\/wp\/v2\/posts\/6028\/revisions"}],"predecessor-version":[{"id":6035,"href":"https:\/\/agora.xtec.cat\/escferreriguardiagranollers\/wp-json\/wp\/v2\/posts\/6028\/revisions\/6035"}],"wp:featuredmedia":[{"embeddable":true,"href":"https:\/\/agora.xtec.cat\/escferreriguardiagranollers\/wp-json\/wp\/v2\/media\/6030"}],"wp:attachment":[{"href":"https:\/\/agora.xtec.cat\/escferreriguardiagranollers\/wp-json\/wp\/v2\/media?parent=6028"}],"wp:term":[{"taxonomy":"category","embeddable":true,"href":"https:\/\/agora.xtec.cat\/escferreriguardiagranollers\/wp-json\/wp\/v2\/categories?post=6028"},{"taxonomy":"post_tag","embeddable":true,"href":"https:\/\/agora.xtec.cat\/escferreriguardiagranollers\/wp-json\/wp\/v2\/tags?post=6028"}],"curies":[{"name":"wp","href":"https:\/\/api.w.org\/{rel}","templated":true}]}}