{"id":5986,"date":"2023-06-22T06:43:42","date_gmt":"2023-06-22T04:43:42","guid":{"rendered":"https:\/\/agora.xtec.cat\/escferreriguardiagranollers\/?p=5986"},"modified":"2023-06-22T06:43:42","modified_gmt":"2023-06-22T04:43:42","slug":"fi-de-curs-22-23","status":"publish","type":"post","link":"https:\/\/agora.xtec.cat\/escferreriguardiagranollers\/primaria\/3r-4t\/fi-de-curs-22-23\/","title":{"rendered":"Fi de curs 22\/23"},"content":{"rendered":"<p>22 de juny.<\/p>\n<p>En un tancar i obrir d&#8217;ulls ha passat el curs, els nens i nenes de 3r posem fi a aquesta aventura apassionant, a deu mesos d&#8217;aprenentatges, converses, debats, an\u00e8cdotes boniques, sortides, excursions i un llarg etc\u00e8tera.<\/p>\n<p>Ens quedem amb totes les viv\u00e8ncies que ens ha regalat aquest curs i amb la motxilla plena de bons moments i emocions viscudes.<\/p>\n<p><a href=\"https:\/\/agora.xtec.cat\/escferreriguardiagranollers\/wp-content\/uploads\/usu988\/2023\/01\/IMG_1029-scaled.jpeg\"><img loading=\"lazy\" decoding=\"async\" class=\"alignleft size-medium wp-image-5553\" src=\"https:\/\/agora.xtec.cat\/escferreriguardiagranollers\/wp-content\/uploads\/usu988\/2023\/01\/IMG_1029-300x225.jpeg\" alt=\"\" width=\"300\" height=\"225\" srcset=\"https:\/\/agora.xtec.cat\/escferreriguardiagranollers\/wp-content\/uploads\/usu988\/2023\/01\/IMG_1029-300x225.jpeg 300w, https:\/\/agora.xtec.cat\/escferreriguardiagranollers\/wp-content\/uploads\/usu988\/2023\/01\/IMG_1029-1024x768.jpeg 1024w, https:\/\/agora.xtec.cat\/escferreriguardiagranollers\/wp-content\/uploads\/usu988\/2023\/01\/IMG_1029-768x576.jpeg 768w, https:\/\/agora.xtec.cat\/escferreriguardiagranollers\/wp-content\/uploads\/usu988\/2023\/01\/IMG_1029-1536x1152.jpeg 1536w, https:\/\/agora.xtec.cat\/escferreriguardiagranollers\/wp-content\/uploads\/usu988\/2023\/01\/IMG_1029-2048x1536.jpeg 2048w, https:\/\/agora.xtec.cat\/escferreriguardiagranollers\/wp-content\/uploads\/usu988\/2023\/01\/IMG_1029-200x150.jpeg 200w\" sizes=\"auto, (max-width: 300px) 100vw, 300px\" \/><\/a><\/p>\n<p>&nbsp;<\/p>\n<p>&nbsp;<\/p>\n<p>&nbsp;<\/p>\n<p>&nbsp;<\/p>\n<p>&nbsp;<\/p>\n<p>&nbsp;<\/p>\n<p>Hem conegut a Joan Turu, l&#8217;artista que ha donat nom a la nostra classe, ens hem fet uns experts en art urb\u00e0 endinsant-nos en el m\u00f3n del graffiti de la m\u00e0 de Tage53, hem apr\u00e8s les taules de multiplicar, a gaudir de l&#8217;h\u00e0bit lector, a utilitzar les eines digitals i hem representat l&#8217;obra de Sant Jordi m\u00e9s bonica &#8230; Deu mesos donen per molt i ja estem preparats pel proper curs.<\/p>\n<p>Abans, per\u00f2, \u00e9s moment de fer una pausa, d&#8217;aturar-nos, mirar enrere i dir&#8230; Uau!!! Hem arribat fins aqu\u00ed.<\/p>\n<p>Ara toca gaudir de les vacances i d&#8217;un merescut descans.<\/p>\n<p>Gr\u00e0cies per ser com sou, per un curs inoblidable, us trobarem molt a faltar.<\/p>\n<p>Bon estiu!!!<\/p>\n<p>Equip de mestres de 3r<\/p>\n<p><a href=\"https:\/\/agora.xtec.cat\/escferreriguardiagranollers\/wp-content\/uploads\/usu988\/2023\/06\/ferrer-i-guardia-jt-scaled.jpg\"><img loading=\"lazy\" decoding=\"async\" class=\"alignleft size-medium wp-image-5992\" src=\"https:\/\/agora.xtec.cat\/escferreriguardiagranollers\/wp-content\/uploads\/usu988\/2023\/06\/ferrer-i-guardia-jt-212x300.jpg\" alt=\"\" width=\"212\" height=\"300\" srcset=\"https:\/\/agora.xtec.cat\/escferreriguardiagranollers\/wp-content\/uploads\/usu988\/2023\/06\/ferrer-i-guardia-jt-212x300.jpg 212w, https:\/\/agora.xtec.cat\/escferreriguardiagranollers\/wp-content\/uploads\/usu988\/2023\/06\/ferrer-i-guardia-jt-724x1024.jpg 724w, https:\/\/agora.xtec.cat\/escferreriguardiagranollers\/wp-content\/uploads\/usu988\/2023\/06\/ferrer-i-guardia-jt-768x1086.jpg 768w, https:\/\/agora.xtec.cat\/escferreriguardiagranollers\/wp-content\/uploads\/usu988\/2023\/06\/ferrer-i-guardia-jt-1086x1536.jpg 1086w, https:\/\/agora.xtec.cat\/escferreriguardiagranollers\/wp-content\/uploads\/usu988\/2023\/06\/ferrer-i-guardia-jt-1448x2048.jpg 1448w, https:\/\/agora.xtec.cat\/escferreriguardiagranollers\/wp-content\/uploads\/usu988\/2023\/06\/ferrer-i-guardia-jt-scaled.jpg 1810w\" sizes=\"auto, (max-width: 212px) 100vw, 212px\" \/><\/a><\/p>\n<p>&nbsp;<\/p>\n","protected":false},"excerpt":{"rendered":"<p>22 de juny.<br \/>\nEn un tancar i obrir d&#8217;ulls ha passat el curs, els nens i nenes de 3r posem fi a aquesta aventura apassionant, a deu mesos d&#8217;aprenentatges, converses, debats, an\u00e8cdotes boniques, sortides, excursions i un llarg etc\u00e8tera.<br \/>\nEns quedem amb totes les viv\u00e8ncies que ens&hellip;  <a href=\"https:\/\/agora.xtec.cat\/escferreriguardiagranollers\/primaria\/3r-4t\/fi-de-curs-22-23\/\" title=\"Read Fi de curs 22\/23\">Llegeix m\u00e9s\u00bb<\/a><\/p>\n","protected":false},"author":7,"featured_media":5987,"comment_status":"open","ping_status":"closed","sticky":false,"template":"","format":"standard","meta":{"_bbp_topic_count":0,"_bbp_reply_count":0,"_bbp_total_topic_count":0,"_bbp_total_reply_count":0,"_bbp_voice_count":0,"_bbp_anonymous_reply_count":0,"_bbp_topic_count_hidden":0,"_bbp_reply_count_hidden":0,"_bbp_forum_subforum_count":0,"footnotes":""},"categories":[74],"tags":[],"class_list":["post-5986","post","type-post","status-publish","format-standard","has-post-thumbnail","hentry","category-3r-4t"],"post_mailing_queue_ids":[],"_links":{"self":[{"href":"https:\/\/agora.xtec.cat\/escferreriguardiagranollers\/wp-json\/wp\/v2\/posts\/5986","targetHints":{"allow":["GET"]}}],"collection":[{"href":"https:\/\/agora.xtec.cat\/escferreriguardiagranollers\/wp-json\/wp\/v2\/posts"}],"about":[{"href":"https:\/\/agora.xtec.cat\/escferreriguardiagranollers\/wp-json\/wp\/v2\/types\/post"}],"author":[{"embeddable":true,"href":"https:\/\/agora.xtec.cat\/escferreriguardiagranollers\/wp-json\/wp\/v2\/users\/7"}],"replies":[{"embeddable":true,"href":"https:\/\/agora.xtec.cat\/escferreriguardiagranollers\/wp-json\/wp\/v2\/comments?post=5986"}],"version-history":[{"count":3,"href":"https:\/\/agora.xtec.cat\/escferreriguardiagranollers\/wp-json\/wp\/v2\/posts\/5986\/revisions"}],"predecessor-version":[{"id":5997,"href":"https:\/\/agora.xtec.cat\/escferreriguardiagranollers\/wp-json\/wp\/v2\/posts\/5986\/revisions\/5997"}],"wp:featuredmedia":[{"embeddable":true,"href":"https:\/\/agora.xtec.cat\/escferreriguardiagranollers\/wp-json\/wp\/v2\/media\/5987"}],"wp:attachment":[{"href":"https:\/\/agora.xtec.cat\/escferreriguardiagranollers\/wp-json\/wp\/v2\/media?parent=5986"}],"wp:term":[{"taxonomy":"category","embeddable":true,"href":"https:\/\/agora.xtec.cat\/escferreriguardiagranollers\/wp-json\/wp\/v2\/categories?post=5986"},{"taxonomy":"post_tag","embeddable":true,"href":"https:\/\/agora.xtec.cat\/escferreriguardiagranollers\/wp-json\/wp\/v2\/tags?post=5986"}],"curies":[{"name":"wp","href":"https:\/\/api.w.org\/{rel}","templated":true}]}}