{"id":5965,"date":"2023-06-13T19:55:39","date_gmt":"2023-06-13T17:55:39","guid":{"rendered":"https:\/\/agora.xtec.cat\/escferreriguardiagranollers\/?p=5965"},"modified":"2023-06-19T20:26:16","modified_gmt":"2023-06-19T18:26:16","slug":"job-shadowing-a-amsterdam-dia-1","status":"publish","type":"post","link":"https:\/\/agora.xtec.cat\/escferreriguardiagranollers\/general\/job-shadowing-a-amsterdam-dia-1\/","title":{"rendered":"JOB SHADOWING A AMSTERDAM &#8211; DIA 1"},"content":{"rendered":"<p>Tal i com hem publicat en els articles del blog, els centres que formen part del Consorci ERASMUS + KA121, ha pogut realitzar els dies 12, 13, 14 i 15 de juny la primera mobilitat amb dos alumnes de cada escola a un centre escolar d&#8217;Amsterdam que rep el nom de Spring High. All\u00e0 els alumnes han pogut gaudir d&#8217;uns dies meravellosos amb els nens i nenes d&#8217;aquella escola i han pogut practicar la llengua anglesa i con\u00e9ixer la cultura del pa\u00eds.<\/p>\n<p>La Inma Rodr\u00edguez juntament amb el Xavi de l&#8217;escola Quatre Vents de Canovelles, la Judith de l&#8217;escola Salvador Llovet de Granollers, el Jordi de l&#8217;escola el Mogent de la Roca del Vall\u00e8s i el Carles del Centre de Recursos Pedag\u00f2gics del Vall\u00e8s Oriental han acompanyat al grup d&#8217;alumnes i han realitzat tamb\u00e9 observaci\u00f3 a les diferents aules i espais de l&#8217;escola Spring High amb l&#8217;objectiu d&#8217;aprendre noves metodologies de treball i d&#8217;ensenyament.<\/p>\n<p>El primer dia d&#8217;estada al pa\u00eds, els alumnes de l&#8217;escola d&#8217;Amsterdam ens van rebre amb els bra\u00e7os ben oberts i amb un tastet delici\u00f3s de dol\u00e7os i refrigeris propis de la ciutat. Posteriorment, l&#8217;Eva que ha estat la persona responsable i d&#8217;enlla\u00e7 amb el Consorci ens va ensenyar totes les instal\u00b7lacions i vam gaudir d&#8217;una estona de jocs al gimn\u00e0s de l&#8217;escola.<\/p>\n<p>Posteriorment vam passar la tarda junts al llac pr\u00f2xim al centre escolar i vam acabar el dia amb un sopar a la pizzaria Domino&#8217;s Pizza.<\/p>\n<p>Ens esperava una intensa setmana!<\/p>\n<p>&nbsp;<\/p>\n<p><a href=\"https:\/\/agora.xtec.cat\/escferreriguardiagranollers\/wp-content\/uploads\/usu988\/2023\/06\/IMG_2014-scaled.jpeg\"><img loading=\"lazy\" decoding=\"async\" class=\"aligncenter size-medium wp-image-5968\" src=\"https:\/\/agora.xtec.cat\/escferreriguardiagranollers\/wp-content\/uploads\/usu988\/2023\/06\/IMG_2014-225x300.jpeg\" alt=\"\" width=\"225\" height=\"300\" srcset=\"https:\/\/agora.xtec.cat\/escferreriguardiagranollers\/wp-content\/uploads\/usu988\/2023\/06\/IMG_2014-225x300.jpeg 225w, https:\/\/agora.xtec.cat\/escferreriguardiagranollers\/wp-content\/uploads\/usu988\/2023\/06\/IMG_2014-768x1024.jpeg 768w, https:\/\/agora.xtec.cat\/escferreriguardiagranollers\/wp-content\/uploads\/usu988\/2023\/06\/IMG_2014-1152x1536.jpeg 1152w, https:\/\/agora.xtec.cat\/escferreriguardiagranollers\/wp-content\/uploads\/usu988\/2023\/06\/IMG_2014-1536x2048.jpeg 1536w, https:\/\/agora.xtec.cat\/escferreriguardiagranollers\/wp-content\/uploads\/usu988\/2023\/06\/IMG_2014-scaled.jpeg 1920w\" sizes=\"auto, (max-width: 225px) 100vw, 225px\" \/><\/a> <a href=\"https:\/\/agora.xtec.cat\/escferreriguardiagranollers\/wp-content\/uploads\/usu988\/2023\/06\/IMG_2026-scaled.jpeg\"><img loading=\"lazy\" decoding=\"async\" class=\"aligncenter size-large wp-image-5969\" src=\"https:\/\/agora.xtec.cat\/escferreriguardiagranollers\/wp-content\/uploads\/usu988\/2023\/06\/IMG_2026-1024x768.jpeg\" alt=\"\" width=\"1024\" height=\"768\" srcset=\"https:\/\/agora.xtec.cat\/escferreriguardiagranollers\/wp-content\/uploads\/usu988\/2023\/06\/IMG_2026-1024x768.jpeg 1024w, https:\/\/agora.xtec.cat\/escferreriguardiagranollers\/wp-content\/uploads\/usu988\/2023\/06\/IMG_2026-300x225.jpeg 300w, https:\/\/agora.xtec.cat\/escferreriguardiagranollers\/wp-content\/uploads\/usu988\/2023\/06\/IMG_2026-768x576.jpeg 768w, https:\/\/agora.xtec.cat\/escferreriguardiagranollers\/wp-content\/uploads\/usu988\/2023\/06\/IMG_2026-1536x1152.jpeg 1536w, https:\/\/agora.xtec.cat\/escferreriguardiagranollers\/wp-content\/uploads\/usu988\/2023\/06\/IMG_2026-2048x1536.jpeg 2048w, https:\/\/agora.xtec.cat\/escferreriguardiagranollers\/wp-content\/uploads\/usu988\/2023\/06\/IMG_2026-200x150.jpeg 200w\" sizes=\"auto, (max-width: 1024px) 100vw, 1024px\" \/><\/a> <a href=\"https:\/\/agora.xtec.cat\/escferreriguardiagranollers\/wp-content\/uploads\/usu988\/2023\/06\/IMG_2033-scaled.jpeg\"><img loading=\"lazy\" decoding=\"async\" class=\"aligncenter size-large wp-image-5970\" src=\"https:\/\/agora.xtec.cat\/escferreriguardiagranollers\/wp-content\/uploads\/usu988\/2023\/06\/IMG_2033-768x1024.jpeg\" alt=\"\" width=\"768\" height=\"1024\" srcset=\"https:\/\/agora.xtec.cat\/escferreriguardiagranollers\/wp-content\/uploads\/usu988\/2023\/06\/IMG_2033-768x1024.jpeg 768w, https:\/\/agora.xtec.cat\/escferreriguardiagranollers\/wp-content\/uploads\/usu988\/2023\/06\/IMG_2033-225x300.jpeg 225w, https:\/\/agora.xtec.cat\/escferreriguardiagranollers\/wp-content\/uploads\/usu988\/2023\/06\/IMG_2033-1152x1536.jpeg 1152w, https:\/\/agora.xtec.cat\/escferreriguardiagranollers\/wp-content\/uploads\/usu988\/2023\/06\/IMG_2033-1536x2048.jpeg 1536w, https:\/\/agora.xtec.cat\/escferreriguardiagranollers\/wp-content\/uploads\/usu988\/2023\/06\/IMG_2033-scaled.jpeg 1920w\" sizes=\"auto, (max-width: 768px) 100vw, 768px\" \/><\/a> <a href=\"https:\/\/agora.xtec.cat\/escferreriguardiagranollers\/wp-content\/uploads\/usu988\/2023\/06\/IMG_2034-scaled.jpeg\"><img loading=\"lazy\" decoding=\"async\" class=\"aligncenter size-large wp-image-5971\" src=\"https:\/\/agora.xtec.cat\/escferreriguardiagranollers\/wp-content\/uploads\/usu988\/2023\/06\/IMG_2034-768x1024.jpeg\" alt=\"\" width=\"768\" height=\"1024\" srcset=\"https:\/\/agora.xtec.cat\/escferreriguardiagranollers\/wp-content\/uploads\/usu988\/2023\/06\/IMG_2034-768x1024.jpeg 768w, https:\/\/agora.xtec.cat\/escferreriguardiagranollers\/wp-content\/uploads\/usu988\/2023\/06\/IMG_2034-225x300.jpeg 225w, https:\/\/agora.xtec.cat\/escferreriguardiagranollers\/wp-content\/uploads\/usu988\/2023\/06\/IMG_2034-1152x1536.jpeg 1152w, https:\/\/agora.xtec.cat\/escferreriguardiagranollers\/wp-content\/uploads\/usu988\/2023\/06\/IMG_2034-1536x2048.jpeg 1536w, https:\/\/agora.xtec.cat\/escferreriguardiagranollers\/wp-content\/uploads\/usu988\/2023\/06\/IMG_2034-scaled.jpeg 1920w\" sizes=\"auto, (max-width: 768px) 100vw, 768px\" \/><\/a><\/p>\n<p>&nbsp;<\/p>\n<p>&nbsp;<\/p>\n<p>&nbsp;<\/p>\n","protected":false},"excerpt":{"rendered":"<p>Tal i com hem publicat en els articles del blog, els centres que formen part del Consorci ERASMUS + KA121, ha pogut realitzar els dies 12, 13, 14 i 15 de juny la primera mobilitat amb dos alumnes de cada escola a un centre escolar&hellip;  <a href=\"https:\/\/agora.xtec.cat\/escferreriguardiagranollers\/general\/job-shadowing-a-amsterdam-dia-1\/\" title=\"Read JOB SHADOWING A AMSTERDAM &#8211; DIA 1\">Llegeix m\u00e9s\u00bb<\/a><\/p>\n","protected":false},"author":8,"featured_media":0,"comment_status":"open","ping_status":"closed","sticky":false,"template":"","format":"standard","meta":{"_bbp_topic_count":0,"_bbp_reply_count":0,"_bbp_total_topic_count":0,"_bbp_total_reply_count":0,"_bbp_voice_count":0,"_bbp_anonymous_reply_count":0,"_bbp_topic_count_hidden":0,"_bbp_reply_count_hidden":0,"_bbp_forum_subforum_count":0,"footnotes":""},"categories":[70,1],"tags":[],"class_list":["post-5965","post","type-post","status-publish","format-standard","hentry","category-angles","category-general"],"post_mailing_queue_ids":[],"_links":{"self":[{"href":"https:\/\/agora.xtec.cat\/escferreriguardiagranollers\/wp-json\/wp\/v2\/posts\/5965","targetHints":{"allow":["GET"]}}],"collection":[{"href":"https:\/\/agora.xtec.cat\/escferreriguardiagranollers\/wp-json\/wp\/v2\/posts"}],"about":[{"href":"https:\/\/agora.xtec.cat\/escferreriguardiagranollers\/wp-json\/wp\/v2\/types\/post"}],"author":[{"embeddable":true,"href":"https:\/\/agora.xtec.cat\/escferreriguardiagranollers\/wp-json\/wp\/v2\/users\/8"}],"replies":[{"embeddable":true,"href":"https:\/\/agora.xtec.cat\/escferreriguardiagranollers\/wp-json\/wp\/v2\/comments?post=5965"}],"version-history":[{"count":3,"href":"https:\/\/agora.xtec.cat\/escferreriguardiagranollers\/wp-json\/wp\/v2\/posts\/5965\/revisions"}],"predecessor-version":[{"id":5972,"href":"https:\/\/agora.xtec.cat\/escferreriguardiagranollers\/wp-json\/wp\/v2\/posts\/5965\/revisions\/5972"}],"wp:attachment":[{"href":"https:\/\/agora.xtec.cat\/escferreriguardiagranollers\/wp-json\/wp\/v2\/media?parent=5965"}],"wp:term":[{"taxonomy":"category","embeddable":true,"href":"https:\/\/agora.xtec.cat\/escferreriguardiagranollers\/wp-json\/wp\/v2\/categories?post=5965"},{"taxonomy":"post_tag","embeddable":true,"href":"https:\/\/agora.xtec.cat\/escferreriguardiagranollers\/wp-json\/wp\/v2\/tags?post=5965"}],"curies":[{"name":"wp","href":"https:\/\/api.w.org\/{rel}","templated":true}]}}