{"id":5802,"date":"2023-05-19T23:15:29","date_gmt":"2023-05-19T21:15:29","guid":{"rendered":"https:\/\/agora.xtec.cat\/escferreriguardiagranollers\/?p=5802"},"modified":"2023-06-04T22:10:41","modified_gmt":"2023-06-04T20:10:41","slug":"erasmus-tallinn-4t-i-5e-dia","status":"publish","type":"post","link":"https:\/\/agora.xtec.cat\/escferreriguardiagranollers\/general\/erasmus-tallinn-4t-i-5e-dia\/","title":{"rendered":"Erasmus+ Tallinn 4t i 5\u00e8 dia"},"content":{"rendered":"<p>El quart dia de la nostra visita a Tallinn la L\u00eddia, la Nat\u00e0lia i jo, a partir de la proposta que ens han fet des de l&#8217;escola per con\u00e8ixer la hist\u00f2ria de Tallinn, hem aprofitat per fer una ruta tur\u00edstica per la ciutat. Un guia ens ha fet una volta pel centre durant tres hores, explicant algunes an\u00e8cdotes i fets hist\u00f2rics sobre el pa\u00eds. Hem visitat l&#8217;antic ajuntament, les muralles medievals i el refugi antiaeri que es va utilitzar durant la guerra contra la Uni\u00f3 Sovi\u00e8tica.<\/p>\n<p>El cinqu\u00e8 dia, abans d&#8217;anar cam\u00ed de l&#8217;aeroport, hem pujat a la torre de l&#8217;esgl\u00e9sia de Sant Olav, on hem vist unes vistes espectaculars de la ciutat i des d&#8217;on ens hem acomiadat de Tallinn i d&#8217;aquest fant\u00e0stic viatge.<\/p>\n<p><a href=\"https:\/\/agora.xtec.cat\/escferreriguardiagranollers\/wp-content\/uploads\/usu988\/2023\/06\/IMG_20230518_120505_695_Easy-Resize.com-1.jpg\">\u00a0 \u00a0 \u00a0 \u00a0 \u00a0 \u00a0 \u00a0 \u00a0 <img loading=\"lazy\" decoding=\"async\" class=\"alignnone wp-image-5806\" src=\"https:\/\/agora.xtec.cat\/escferreriguardiagranollers\/wp-content\/uploads\/usu988\/2023\/06\/IMG_20230518_120505_695_Easy-Resize.com-1-1024x766.jpg\" alt=\"\" width=\"428\" height=\"320\" srcset=\"https:\/\/agora.xtec.cat\/escferreriguardiagranollers\/wp-content\/uploads\/usu988\/2023\/06\/IMG_20230518_120505_695_Easy-Resize.com-1-1024x766.jpg 1024w, https:\/\/agora.xtec.cat\/escferreriguardiagranollers\/wp-content\/uploads\/usu988\/2023\/06\/IMG_20230518_120505_695_Easy-Resize.com-1-300x224.jpg 300w, https:\/\/agora.xtec.cat\/escferreriguardiagranollers\/wp-content\/uploads\/usu988\/2023\/06\/IMG_20230518_120505_695_Easy-Resize.com-1-768x574.jpg 768w, https:\/\/agora.xtec.cat\/escferreriguardiagranollers\/wp-content\/uploads\/usu988\/2023\/06\/IMG_20230518_120505_695_Easy-Resize.com-1-200x150.jpg 200w, https:\/\/agora.xtec.cat\/escferreriguardiagranollers\/wp-content\/uploads\/usu988\/2023\/06\/IMG_20230518_120505_695_Easy-Resize.com-1.jpg 1280w\" sizes=\"auto, (max-width: 428px) 100vw, 428px\" \/>\u00a0\u00a0<\/a> <a href=\"https:\/\/agora.xtec.cat\/escferreriguardiagranollers\/wp-content\/uploads\/usu988\/2023\/06\/IMG_20230515_172839_465_Easy-Resize.com-1.jpg\"><img loading=\"lazy\" decoding=\"async\" class=\"alignnone wp-image-5805\" src=\"https:\/\/agora.xtec.cat\/escferreriguardiagranollers\/wp-content\/uploads\/usu988\/2023\/06\/IMG_20230515_172839_465_Easy-Resize.com-1-1024x766.jpg\" alt=\"\" width=\"428\" height=\"320\" srcset=\"https:\/\/agora.xtec.cat\/escferreriguardiagranollers\/wp-content\/uploads\/usu988\/2023\/06\/IMG_20230515_172839_465_Easy-Resize.com-1-1024x766.jpg 1024w, https:\/\/agora.xtec.cat\/escferreriguardiagranollers\/wp-content\/uploads\/usu988\/2023\/06\/IMG_20230515_172839_465_Easy-Resize.com-1-300x224.jpg 300w, https:\/\/agora.xtec.cat\/escferreriguardiagranollers\/wp-content\/uploads\/usu988\/2023\/06\/IMG_20230515_172839_465_Easy-Resize.com-1-768x574.jpg 768w, https:\/\/agora.xtec.cat\/escferreriguardiagranollers\/wp-content\/uploads\/usu988\/2023\/06\/IMG_20230515_172839_465_Easy-Resize.com-1-200x150.jpg 200w, https:\/\/agora.xtec.cat\/escferreriguardiagranollers\/wp-content\/uploads\/usu988\/2023\/06\/IMG_20230515_172839_465_Easy-Resize.com-1.jpg 1280w\" sizes=\"auto, (max-width: 428px) 100vw, 428px\" \/><\/a><\/p>\n<p><a href=\"https:\/\/agora.xtec.cat\/escferreriguardiagranollers\/wp-content\/uploads\/usu988\/2023\/06\/IMG_20230515_172937_Easy-Resize.com-2.jpg\">\u00a0 \u00a0 \u00a0 \u00a0 \u00a0 \u00a0 \u00a0 \u00a0 \u00a0 \u00a0 \u00a0 \u00a0 \u00a0 \u00a0 \u00a0 <img loading=\"lazy\" decoding=\"async\" class=\"alignnone wp-image-5808\" src=\"https:\/\/agora.xtec.cat\/escferreriguardiagranollers\/wp-content\/uploads\/usu988\/2023\/06\/IMG_20230515_172937_Easy-Resize.com-2-577x1024.jpg\" alt=\"\" width=\"276\" height=\"490\" srcset=\"https:\/\/agora.xtec.cat\/escferreriguardiagranollers\/wp-content\/uploads\/usu988\/2023\/06\/IMG_20230515_172937_Easy-Resize.com-2-577x1024.jpg 577w, https:\/\/agora.xtec.cat\/escferreriguardiagranollers\/wp-content\/uploads\/usu988\/2023\/06\/IMG_20230515_172937_Easy-Resize.com-2-169x300.jpg 169w, https:\/\/agora.xtec.cat\/escferreriguardiagranollers\/wp-content\/uploads\/usu988\/2023\/06\/IMG_20230515_172937_Easy-Resize.com-2.jpg 721w\" sizes=\"auto, (max-width: 276px) 100vw, 276px\" \/>\u00a0 \u00a0 \u00a0 \u00a0 \u00a0 \u00a0 \u00a0 \u00a0 \u00a0 \u00a0 \u00a0 \u00a0 <\/a><a href=\"https:\/\/agora.xtec.cat\/escferreriguardiagranollers\/wp-content\/uploads\/usu988\/2023\/06\/IMG_1817_Easy-Resize.com_.jpg\"><img loading=\"lazy\" decoding=\"async\" class=\"alignnone wp-image-5810\" src=\"https:\/\/agora.xtec.cat\/escferreriguardiagranollers\/wp-content\/uploads\/usu988\/2023\/06\/IMG_1817_Easy-Resize.com_-768x1024.jpg\" alt=\"\" width=\"366\" height=\"488\" srcset=\"https:\/\/agora.xtec.cat\/escferreriguardiagranollers\/wp-content\/uploads\/usu988\/2023\/06\/IMG_1817_Easy-Resize.com_-768x1024.jpg 768w, https:\/\/agora.xtec.cat\/escferreriguardiagranollers\/wp-content\/uploads\/usu988\/2023\/06\/IMG_1817_Easy-Resize.com_-225x300.jpg 225w, https:\/\/agora.xtec.cat\/escferreriguardiagranollers\/wp-content\/uploads\/usu988\/2023\/06\/IMG_1817_Easy-Resize.com_.jpg 960w\" sizes=\"auto, (max-width: 366px) 100vw, 366px\" \/><\/a><a href=\"https:\/\/agora.xtec.cat\/escferreriguardiagranollers\/wp-content\/uploads\/usu988\/2023\/06\/IMG_20230515_172937_Easy-Resize.com-2.jpg\"><img loading=\"lazy\" decoding=\"async\" class=\"alignleft\" src=\"https:\/\/images.mnstatic.com\/2a\/d7\/2ad740df60ccf558056f7836390a8e42.jpg\" alt=\"Iglesia de San Olav en Tallinn: 10 opiniones y 51 fotos\" width=\"306\" height=\"408\" \/><\/a><a href=\"https:\/\/agora.xtec.cat\/escferreriguardiagranollers\/wp-content\/uploads\/usu988\/2023\/06\/IMG_20230519_115658_426_Easy-Resize.com-1.jpg\"><img loading=\"lazy\" decoding=\"async\" class=\"wp-image-5804 alignleft\" src=\"https:\/\/agora.xtec.cat\/escferreriguardiagranollers\/wp-content\/uploads\/usu988\/2023\/06\/IMG_20230519_115658_426_Easy-Resize.com-1-766x1024.jpg\" alt=\"\" width=\"306\" height=\"409\" srcset=\"https:\/\/agora.xtec.cat\/escferreriguardiagranollers\/wp-content\/uploads\/usu988\/2023\/06\/IMG_20230519_115658_426_Easy-Resize.com-1-766x1024.jpg 766w, https:\/\/agora.xtec.cat\/escferreriguardiagranollers\/wp-content\/uploads\/usu988\/2023\/06\/IMG_20230519_115658_426_Easy-Resize.com-1-224x300.jpg 224w, https:\/\/agora.xtec.cat\/escferreriguardiagranollers\/wp-content\/uploads\/usu988\/2023\/06\/IMG_20230519_115658_426_Easy-Resize.com-1-768x1027.jpg 768w, https:\/\/agora.xtec.cat\/escferreriguardiagranollers\/wp-content\/uploads\/usu988\/2023\/06\/IMG_20230519_115658_426_Easy-Resize.com-1.jpg 957w\" sizes=\"auto, (max-width: 306px) 100vw, 306px\" \/><\/a><\/p>\n<p><a href=\"https:\/\/agora.xtec.cat\/escferreriguardiagranollers\/wp-content\/uploads\/usu988\/2023\/06\/IMG_1773_Easy-Resize.com_.jpg\"><img loading=\"lazy\" decoding=\"async\" class=\"alignnone wp-image-5811\" src=\"https:\/\/agora.xtec.cat\/escferreriguardiagranollers\/wp-content\/uploads\/usu988\/2023\/06\/IMG_1773_Easy-Resize.com_-768x1024.jpg\" alt=\"\" width=\"296\" height=\"395\" srcset=\"https:\/\/agora.xtec.cat\/escferreriguardiagranollers\/wp-content\/uploads\/usu988\/2023\/06\/IMG_1773_Easy-Resize.com_-768x1024.jpg 768w, https:\/\/agora.xtec.cat\/escferreriguardiagranollers\/wp-content\/uploads\/usu988\/2023\/06\/IMG_1773_Easy-Resize.com_-225x300.jpg 225w, https:\/\/agora.xtec.cat\/escferreriguardiagranollers\/wp-content\/uploads\/usu988\/2023\/06\/IMG_1773_Easy-Resize.com_.jpg 960w\" sizes=\"auto, (max-width: 296px) 100vw, 296px\" \/><\/a><img loading=\"lazy\" decoding=\"async\" class=\"wp-image-5809 aligncenter\" src=\"https:\/\/agora.xtec.cat\/escferreriguardiagranollers\/wp-content\/uploads\/usu988\/2023\/06\/IMG_1947_Easy-Resize.com_-1024x768.jpg\" alt=\"\" width=\"442\" height=\"332\" srcset=\"https:\/\/agora.xtec.cat\/escferreriguardiagranollers\/wp-content\/uploads\/usu988\/2023\/06\/IMG_1947_Easy-Resize.com_-1024x768.jpg 1024w, https:\/\/agora.xtec.cat\/escferreriguardiagranollers\/wp-content\/uploads\/usu988\/2023\/06\/IMG_1947_Easy-Resize.com_-300x225.jpg 300w, https:\/\/agora.xtec.cat\/escferreriguardiagranollers\/wp-content\/uploads\/usu988\/2023\/06\/IMG_1947_Easy-Resize.com_-768x576.jpg 768w, https:\/\/agora.xtec.cat\/escferreriguardiagranollers\/wp-content\/uploads\/usu988\/2023\/06\/IMG_1947_Easy-Resize.com_-200x150.jpg 200w, https:\/\/agora.xtec.cat\/escferreriguardiagranollers\/wp-content\/uploads\/usu988\/2023\/06\/IMG_1947_Easy-Resize.com_.jpg 1280w\" sizes=\"auto, (max-width: 442px) 100vw, 442px\" \/><\/p>\n<p>&nbsp;<\/p>\n","protected":false},"excerpt":{"rendered":"<p>El quart dia de la nostra visita a Tallinn la L\u00eddia, la Nat\u00e0lia i jo, a partir de la proposta que ens han fet des de l&#8217;escola per con\u00e8ixer la hist\u00f2ria de Tallinn, hem aprofitat per fer una ruta tur\u00edstica per la ciutat. Un guia&hellip;  <a href=\"https:\/\/agora.xtec.cat\/escferreriguardiagranollers\/general\/erasmus-tallinn-4t-i-5e-dia\/\" title=\"Read Erasmus+ Tallinn 4t i 5\u00e8 dia\">Llegeix m\u00e9s\u00bb<\/a><\/p>\n","protected":false},"author":6,"featured_media":0,"comment_status":"open","ping_status":"closed","sticky":false,"template":"","format":"standard","meta":{"_bbp_topic_count":0,"_bbp_reply_count":0,"_bbp_total_topic_count":0,"_bbp_total_reply_count":0,"_bbp_voice_count":0,"_bbp_anonymous_reply_count":0,"_bbp_topic_count_hidden":0,"_bbp_reply_count_hidden":0,"_bbp_forum_subforum_count":0,"footnotes":""},"categories":[70,1],"tags":[],"class_list":["post-5802","post","type-post","status-publish","format-standard","hentry","category-angles","category-general"],"post_mailing_queue_ids":[],"_links":{"self":[{"href":"https:\/\/agora.xtec.cat\/escferreriguardiagranollers\/wp-json\/wp\/v2\/posts\/5802","targetHints":{"allow":["GET"]}}],"collection":[{"href":"https:\/\/agora.xtec.cat\/escferreriguardiagranollers\/wp-json\/wp\/v2\/posts"}],"about":[{"href":"https:\/\/agora.xtec.cat\/escferreriguardiagranollers\/wp-json\/wp\/v2\/types\/post"}],"author":[{"embeddable":true,"href":"https:\/\/agora.xtec.cat\/escferreriguardiagranollers\/wp-json\/wp\/v2\/users\/6"}],"replies":[{"embeddable":true,"href":"https:\/\/agora.xtec.cat\/escferreriguardiagranollers\/wp-json\/wp\/v2\/comments?post=5802"}],"version-history":[{"count":1,"href":"https:\/\/agora.xtec.cat\/escferreriguardiagranollers\/wp-json\/wp\/v2\/posts\/5802\/revisions"}],"predecessor-version":[{"id":5812,"href":"https:\/\/agora.xtec.cat\/escferreriguardiagranollers\/wp-json\/wp\/v2\/posts\/5802\/revisions\/5812"}],"wp:attachment":[{"href":"https:\/\/agora.xtec.cat\/escferreriguardiagranollers\/wp-json\/wp\/v2\/media?parent=5802"}],"wp:term":[{"taxonomy":"category","embeddable":true,"href":"https:\/\/agora.xtec.cat\/escferreriguardiagranollers\/wp-json\/wp\/v2\/categories?post=5802"},{"taxonomy":"post_tag","embeddable":true,"href":"https:\/\/agora.xtec.cat\/escferreriguardiagranollers\/wp-json\/wp\/v2\/tags?post=5802"}],"curies":[{"name":"wp","href":"https:\/\/api.w.org\/{rel}","templated":true}]}}