{"id":5668,"date":"2023-03-08T18:40:50","date_gmt":"2023-03-08T17:40:50","guid":{"rendered":"https:\/\/agora.xtec.cat\/escferreriguardiagranollers\/?p=5668"},"modified":"2023-03-08T18:40:50","modified_gmt":"2023-03-08T17:40:50","slug":"tallers-dart-i-paraula","status":"publish","type":"post","link":"https:\/\/agora.xtec.cat\/escferreriguardiagranollers\/general\/tallers-dart-i-paraula\/","title":{"rendered":"Tallers d&#8217;Art i Paraula"},"content":{"rendered":"<p>Durant aquest segon trimestre continuem amb els tallers d&#8217;Art i Paraula. Aquest any \u00e9s el tema art\u00edstic que treballem tota l&#8217;escola. Els nens i nenes d&#8217;I4 i I5 han decorat les lletres del seu nom per un cant\u00f3 amb papers de diari on trobem moltes lletres i per l&#8217;altre cant\u00f3 a trav\u00e9s de l&#8217;estampaci\u00f3 i l&#8217;exploraci\u00f3 del color i de les seves barreges.<\/p>\n<p>Tamb\u00e9 hem fet uns diorames inspirats en uns poemes de l&#8217;hivern, amb el suport d&#8217;unes caixes de sabates. Primer hem triat els colors adequats (colors freds) i a continuaci\u00f3 hem pintat les caixes, en una segona sessi\u00f3 hem creat els volums, sempre inspirats ens uns poemes. Aqu\u00ed hi ha una petita mostra dels resultats.<\/p>\n<p><a href=\"https:\/\/agora.xtec.cat\/escferreriguardiagranollers\/wp-content\/uploads\/usu988\/2023\/03\/IMG20230125152924_01-COLLAGE.jpg\"><img loading=\"lazy\" decoding=\"async\" class=\"alignnone  wp-image-5669\" src=\"https:\/\/agora.xtec.cat\/escferreriguardiagranollers\/wp-content\/uploads\/usu988\/2023\/03\/IMG20230125152924_01-COLLAGE-300x300.jpg\" alt=\"\" width=\"383\" height=\"383\" srcset=\"https:\/\/agora.xtec.cat\/escferreriguardiagranollers\/wp-content\/uploads\/usu988\/2023\/03\/IMG20230125152924_01-COLLAGE-300x300.jpg 300w, https:\/\/agora.xtec.cat\/escferreriguardiagranollers\/wp-content\/uploads\/usu988\/2023\/03\/IMG20230125152924_01-COLLAGE-1024x1024.jpg 1024w, https:\/\/agora.xtec.cat\/escferreriguardiagranollers\/wp-content\/uploads\/usu988\/2023\/03\/IMG20230125152924_01-COLLAGE-150x150.jpg 150w, https:\/\/agora.xtec.cat\/escferreriguardiagranollers\/wp-content\/uploads\/usu988\/2023\/03\/IMG20230125152924_01-COLLAGE-768x768.jpg 768w, https:\/\/agora.xtec.cat\/escferreriguardiagranollers\/wp-content\/uploads\/usu988\/2023\/03\/IMG20230125152924_01-COLLAGE-1536x1536.jpg 1536w, https:\/\/agora.xtec.cat\/escferreriguardiagranollers\/wp-content\/uploads\/usu988\/2023\/03\/IMG20230125152924_01-COLLAGE.jpg 2046w\" sizes=\"auto, (max-width: 383px) 100vw, 383px\" \/><\/a><a href=\"https:\/\/agora.xtec.cat\/escferreriguardiagranollers\/wp-content\/uploads\/usu988\/2023\/03\/IMG20230208161956-2-COLLAGE.jpg\"><img loading=\"lazy\" decoding=\"async\" class=\"wp-image-5670 alignnone\" src=\"https:\/\/agora.xtec.cat\/escferreriguardiagranollers\/wp-content\/uploads\/usu988\/2023\/03\/IMG20230208161956-2-COLLAGE-300x300.jpg\" alt=\"\" width=\"377\" height=\"377\" srcset=\"https:\/\/agora.xtec.cat\/escferreriguardiagranollers\/wp-content\/uploads\/usu988\/2023\/03\/IMG20230208161956-2-COLLAGE-300x300.jpg 300w, https:\/\/agora.xtec.cat\/escferreriguardiagranollers\/wp-content\/uploads\/usu988\/2023\/03\/IMG20230208161956-2-COLLAGE-1024x1024.jpg 1024w, https:\/\/agora.xtec.cat\/escferreriguardiagranollers\/wp-content\/uploads\/usu988\/2023\/03\/IMG20230208161956-2-COLLAGE-150x150.jpg 150w, https:\/\/agora.xtec.cat\/escferreriguardiagranollers\/wp-content\/uploads\/usu988\/2023\/03\/IMG20230208161956-2-COLLAGE-768x768.jpg 768w, https:\/\/agora.xtec.cat\/escferreriguardiagranollers\/wp-content\/uploads\/usu988\/2023\/03\/IMG20230208161956-2-COLLAGE-1536x1536.jpg 1536w, https:\/\/agora.xtec.cat\/escferreriguardiagranollers\/wp-content\/uploads\/usu988\/2023\/03\/IMG20230208161956-2-COLLAGE.jpg 2046w\" sizes=\"auto, (max-width: 377px) 100vw, 377px\" \/><\/a><\/p>\n<p><a href=\"https:\/\/agora.xtec.cat\/escferreriguardiagranollers\/wp-content\/uploads\/usu988\/2023\/03\/POEMA-ALBERTI-1-COLLAGE.jpg\"><img loading=\"lazy\" decoding=\"async\" class=\" wp-image-5671 aligncenter\" src=\"https:\/\/agora.xtec.cat\/escferreriguardiagranollers\/wp-content\/uploads\/usu988\/2023\/03\/POEMA-ALBERTI-1-COLLAGE-225x300.jpg\" alt=\"\" width=\"377\" height=\"503\" srcset=\"https:\/\/agora.xtec.cat\/escferreriguardiagranollers\/wp-content\/uploads\/usu988\/2023\/03\/POEMA-ALBERTI-1-COLLAGE-225x300.jpg 225w, https:\/\/agora.xtec.cat\/escferreriguardiagranollers\/wp-content\/uploads\/usu988\/2023\/03\/POEMA-ALBERTI-1-COLLAGE.jpg 662w\" sizes=\"auto, (max-width: 377px) 100vw, 377px\" \/><\/a><\/p>\n","protected":false},"excerpt":{"rendered":"<p>Durant aquest segon trimestre continuem amb els tallers d&#8217;Art i Paraula. Aquest any \u00e9s el tema art\u00edstic que treballem tota l&#8217;escola. Els nens i nenes d&#8217;I4 i I5 han decorat les lletres del seu nom per un cant\u00f3 amb papers de diari on trobem moltes&hellip;  <a href=\"https:\/\/agora.xtec.cat\/escferreriguardiagranollers\/general\/tallers-dart-i-paraula\/\" title=\"Read Tallers d&#8217;Art i Paraula\">Llegeix m\u00e9s\u00bb<\/a><\/p>\n","protected":false},"author":1,"featured_media":0,"comment_status":"open","ping_status":"closed","sticky":false,"template":"","format":"standard","meta":{"_bbp_topic_count":0,"_bbp_reply_count":0,"_bbp_total_topic_count":0,"_bbp_total_reply_count":0,"_bbp_voice_count":0,"_bbp_anonymous_reply_count":0,"_bbp_topic_count_hidden":0,"_bbp_reply_count_hidden":0,"_bbp_forum_subforum_count":0,"footnotes":""},"categories":[1,2,8,9],"tags":[],"class_list":["post-5668","post","type-post","status-publish","format-standard","hentry","category-general","category-infantil","category-p4","category-p5"],"post_mailing_queue_ids":[],"_links":{"self":[{"href":"https:\/\/agora.xtec.cat\/escferreriguardiagranollers\/wp-json\/wp\/v2\/posts\/5668","targetHints":{"allow":["GET"]}}],"collection":[{"href":"https:\/\/agora.xtec.cat\/escferreriguardiagranollers\/wp-json\/wp\/v2\/posts"}],"about":[{"href":"https:\/\/agora.xtec.cat\/escferreriguardiagranollers\/wp-json\/wp\/v2\/types\/post"}],"author":[{"embeddable":true,"href":"https:\/\/agora.xtec.cat\/escferreriguardiagranollers\/wp-json\/wp\/v2\/users\/1"}],"replies":[{"embeddable":true,"href":"https:\/\/agora.xtec.cat\/escferreriguardiagranollers\/wp-json\/wp\/v2\/comments?post=5668"}],"version-history":[{"count":1,"href":"https:\/\/agora.xtec.cat\/escferreriguardiagranollers\/wp-json\/wp\/v2\/posts\/5668\/revisions"}],"predecessor-version":[{"id":5672,"href":"https:\/\/agora.xtec.cat\/escferreriguardiagranollers\/wp-json\/wp\/v2\/posts\/5668\/revisions\/5672"}],"wp:attachment":[{"href":"https:\/\/agora.xtec.cat\/escferreriguardiagranollers\/wp-json\/wp\/v2\/media?parent=5668"}],"wp:term":[{"taxonomy":"category","embeddable":true,"href":"https:\/\/agora.xtec.cat\/escferreriguardiagranollers\/wp-json\/wp\/v2\/categories?post=5668"},{"taxonomy":"post_tag","embeddable":true,"href":"https:\/\/agora.xtec.cat\/escferreriguardiagranollers\/wp-json\/wp\/v2\/tags?post=5668"}],"curies":[{"name":"wp","href":"https:\/\/api.w.org\/{rel}","templated":true}]}}