{"id":5448,"date":"2022-11-08T14:48:28","date_gmt":"2022-11-08T13:48:28","guid":{"rendered":"https:\/\/agora.xtec.cat\/escferreriguardiagranollers\/?p=5448"},"modified":"2022-11-08T14:48:28","modified_gmt":"2022-11-08T13:48:28","slug":"sortida-al-cram-2","status":"publish","type":"post","link":"https:\/\/agora.xtec.cat\/escferreriguardiagranollers\/general\/sortida-al-cram-2\/","title":{"rendered":"Sortida al CRAM"},"content":{"rendered":"<p>Els nens i nenes de p4 i p5 hem fet la primera sortida del curs, hem anat al CRAM all\u00e0 ens han pogut explicar com rescaten i ajuden a alguns animals marins, com les tortugues marines. Ens ho hem passat s\u00faper b\u00e9!!<\/p>\n<p><a href=\"https:\/\/agora.xtec.cat\/escferreriguardiagranollers\/wp-content\/uploads\/usu988\/2022\/11\/IMG_20221108_144129-scaled.jpg\"><img loading=\"lazy\" decoding=\"async\" class=\"alignnone size-large wp-image-5449\" src=\"https:\/\/agora.xtec.cat\/escferreriguardiagranollers\/wp-content\/uploads\/usu988\/2022\/11\/IMG_20221108_144129-777x1024.jpg\" alt=\"\" width=\"777\" height=\"1024\" srcset=\"https:\/\/agora.xtec.cat\/escferreriguardiagranollers\/wp-content\/uploads\/usu988\/2022\/11\/IMG_20221108_144129-777x1024.jpg 777w, https:\/\/agora.xtec.cat\/escferreriguardiagranollers\/wp-content\/uploads\/usu988\/2022\/11\/IMG_20221108_144129-227x300.jpg 227w, https:\/\/agora.xtec.cat\/escferreriguardiagranollers\/wp-content\/uploads\/usu988\/2022\/11\/IMG_20221108_144129-768x1013.jpg 768w, https:\/\/agora.xtec.cat\/escferreriguardiagranollers\/wp-content\/uploads\/usu988\/2022\/11\/IMG_20221108_144129-1165x1536.jpg 1165w, https:\/\/agora.xtec.cat\/escferreriguardiagranollers\/wp-content\/uploads\/usu988\/2022\/11\/IMG_20221108_144129-1553x2048.jpg 1553w, https:\/\/agora.xtec.cat\/escferreriguardiagranollers\/wp-content\/uploads\/usu988\/2022\/11\/IMG_20221108_144129-scaled.jpg 1941w\" sizes=\"auto, (max-width: 777px) 100vw, 777px\" \/><\/a><\/p>\n","protected":false},"excerpt":{"rendered":"<p>Els nens i nenes de p4 i p5 hem fet la primera sortida del curs, hem anat al CRAM all\u00e0 ens han pogut explicar com rescaten i ajuden a alguns animals marins, com les tortugues marines. Ens ho hem passat s\u00faper b\u00e9!!<br \/>\n<a href=\"https:\/\/agora.xtec.cat\/escferreriguardiagranollers\/wp-content\/uploads\/usu988\/2022\/11\/IMG_20221108_144129-scaled.jpg\"><\/a><\/p>\n","protected":false},"author":3,"featured_media":0,"comment_status":"open","ping_status":"closed","sticky":false,"template":"","format":"standard","meta":{"_bbp_topic_count":0,"_bbp_reply_count":0,"_bbp_total_topic_count":0,"_bbp_total_reply_count":0,"_bbp_voice_count":0,"_bbp_anonymous_reply_count":0,"_bbp_topic_count_hidden":0,"_bbp_reply_count_hidden":0,"_bbp_forum_subforum_count":0,"footnotes":""},"categories":[1,2,8],"tags":[],"class_list":["post-5448","post","type-post","status-publish","format-standard","hentry","category-general","category-infantil","category-p4"],"post_mailing_queue_ids":[],"_links":{"self":[{"href":"https:\/\/agora.xtec.cat\/escferreriguardiagranollers\/wp-json\/wp\/v2\/posts\/5448","targetHints":{"allow":["GET"]}}],"collection":[{"href":"https:\/\/agora.xtec.cat\/escferreriguardiagranollers\/wp-json\/wp\/v2\/posts"}],"about":[{"href":"https:\/\/agora.xtec.cat\/escferreriguardiagranollers\/wp-json\/wp\/v2\/types\/post"}],"author":[{"embeddable":true,"href":"https:\/\/agora.xtec.cat\/escferreriguardiagranollers\/wp-json\/wp\/v2\/users\/3"}],"replies":[{"embeddable":true,"href":"https:\/\/agora.xtec.cat\/escferreriguardiagranollers\/wp-json\/wp\/v2\/comments?post=5448"}],"version-history":[{"count":1,"href":"https:\/\/agora.xtec.cat\/escferreriguardiagranollers\/wp-json\/wp\/v2\/posts\/5448\/revisions"}],"predecessor-version":[{"id":5450,"href":"https:\/\/agora.xtec.cat\/escferreriguardiagranollers\/wp-json\/wp\/v2\/posts\/5448\/revisions\/5450"}],"wp:attachment":[{"href":"https:\/\/agora.xtec.cat\/escferreriguardiagranollers\/wp-json\/wp\/v2\/media?parent=5448"}],"wp:term":[{"taxonomy":"category","embeddable":true,"href":"https:\/\/agora.xtec.cat\/escferreriguardiagranollers\/wp-json\/wp\/v2\/categories?post=5448"},{"taxonomy":"post_tag","embeddable":true,"href":"https:\/\/agora.xtec.cat\/escferreriguardiagranollers\/wp-json\/wp\/v2\/tags?post=5448"}],"curies":[{"name":"wp","href":"https:\/\/api.w.org\/{rel}","templated":true}]}}