{"id":533,"date":"2016-05-09T14:29:47","date_gmt":"2016-05-09T13:29:47","guid":{"rendered":"http:\/\/agora.xtec.cat\/escferreriguardiagranollers\/?p=533"},"modified":"2016-05-09T14:31:24","modified_gmt":"2016-05-09T13:31:24","slug":"informacions-del-mes-dabril","status":"publish","type":"post","link":"https:\/\/agora.xtec.cat\/escferreriguardiagranollers\/general\/informacions-del-mes-dabril\/","title":{"rendered":"INFORMACIONS DEL MES D\u2019ABRIL"},"content":{"rendered":"<div class=\"entry-content\">\n<p>Aquesta setmana farem la festa d\u2019<strong>inauguraci\u00f3 del mural del pati.<\/strong><\/p>\n<p>Dijous, dia 21 d\u2019abril, a les 17h al pati de l\u2019escola, farem una celebraci\u00f3 oberta a tots les fam\u00edlies que consistir\u00e0 en:<\/p>\n<ul>\n<li>parlaments dels alumnes delegats de classe i d\u2019en SIXE.<\/li>\n<li>taller de m\u00e0scares<\/li>\n<li>xocolatadaA les 19h es far\u00e0 un <strong>CERCAVILA<\/strong> fins a Roca Umbert, per veure una exposici\u00f3 de pintures d\u2019en SIXE.<\/li>\n<li>La festa estar\u00e0 animada per en Pep Callao i el seu grup de m\u00fasica, que ens far\u00e0 cantar i ballar a tots.<\/li>\n<\/ul>\n<p><a href=\"http:\/\/blocs.xtec.cat\/escolaferreriguardia\/files\/2016\/04\/SIXE.png\"><img loading=\"lazy\" decoding=\"async\" class=\"aligncenter  wp-image-1564\" src=\"http:\/\/blocs.xtec.cat\/escolaferreriguardia\/files\/2016\/04\/SIXE-1024x768.png\" alt=\"SIXE\" width=\"498\" height=\"374\" \/><\/a><\/p>\n<p>&nbsp;<\/p>\n<p>Dissabte, dia 23 d\u2019abril, \u00e9s <strong>Sant Jordi, patr\u00f3 de Catalunya<\/strong>. A l\u2019escola, farem una festa liter\u00e0ria el divendres, amb la celebraci\u00f3 dels JOCS FLORALS i tallers de punts de llibre i roses, que us regalaran els vostres fills i filles.<\/p>\n<p>Sabeu que \u00e9s el <strong>dia del llibre<\/strong> i per tot Granollers es fan activitats diverses, a la Porxada, a les biblioteques, a Roca Umbert. Aprofiteu per passejar amb els nens i mirar les parades de contes i llibres.<\/p>\n<p>Diumenge, dia 24 de maig, a partir de les 12h, i com ja us ha informat l\u2019AMPA, a l\u2019escola es celebra la <strong>FESTA DE LA PRIMAVERA<\/strong>. Hi haur\u00e0 un dinar -cal apuntar-se per fer la reserva!- i jocs per a tothom.<\/p>\n<p><strong>\u00c9s important que retorneu la butlleta de la reserva per fer la previsi\u00f3 del dinar!<\/strong><\/p>\n<p><strong>\u00a0<\/strong>Dir-vos tamb\u00e9 l\u2019Ajuntament ha fet la <strong>convocat\u00f2ria d\u2019ajuts de material i llibres<\/strong> pel proper curs. El per\u00edode de sol\u00b7licituds \u00e9s del dia 18 d\u2019abril fins el 29 d\u2019abril. Els impresos es poden recollir a l\u2019OAC, carrer Sant Josep, 7 i tamb\u00e9 s\u2019hauran d\u2019entregar en el mateix lloc amb la documentaci\u00f3 requerida.<\/p>\n<p>Us recodem tamb\u00e9 \u00a0que el divendres dia 29 d\u2019abril no hi ha classe. <a href=\"http:\/\/blocs.xtec.cat\/escolaferreriguardia\/files\/2016\/04\/SANT-JORDI.png\"><img loading=\"lazy\" decoding=\"async\" class=\"aligncenter  wp-image-1565\" src=\"http:\/\/blocs.xtec.cat\/escolaferreriguardia\/files\/2016\/04\/SANT-JORDI-1024x724.png\" alt=\"SANT JORDI\" width=\"542\" height=\"383\" \/><\/a><\/p>\n<p>&nbsp;<\/p>\n<\/div>\n","protected":false},"excerpt":{"rendered":"<p>Aquesta setmana farem la festa d\u2019inauguraci\u00f3 del mural del pati.<br \/>\nDijous, dia 21 d\u2019abril, a les 17h al pati de l\u2019escola, farem una celebraci\u00f3 oberta a tots les fam\u00edlies que consistir\u00e0 en:<\/p>\n<ul>\n<li>parlaments dels alumnes delegats de classe i d\u2019en SIXE.<\/li>\n<li>taller de m\u00e0scares<\/li>\n<li>xocolatadaA les 19h es far\u00e0&hellip;  <a href=\"https:\/\/agora.xtec.cat\/escferreriguardiagranollers\/general\/informacions-del-mes-dabril\/\" title=\"Read INFORMACIONS DEL MES D\u2019ABRIL\">Llegeix m\u00e9s\u00bb<\/a><br \/>\n","protected":false},"author":1,"featured_media":535,"comment_status":"open","ping_status":"open","sticky":false,"template":"","format":"standard","meta":{"_bbp_topic_count":0,"_bbp_reply_count":0,"_bbp_total_topic_count":0,"_bbp_total_reply_count":0,"_bbp_voice_count":0,"_bbp_anonymous_reply_count":0,"_bbp_topic_count_hidden":0,"_bbp_reply_count_hidden":0,"_bbp_forum_subforum_count":0,"footnotes":""},"categories":[1,4],"tags":[],"class_list":["post-533","post","type-post","status-publish","format-standard","has-post-thumbnail","hentry","category-general","category-portada"],"post_mailing_queue_ids":[],"_links":{"self":[{"href":"https:\/\/agora.xtec.cat\/escferreriguardiagranollers\/wp-json\/wp\/v2\/posts\/533","targetHints":{"allow":["GET"]}}],"collection":[{"href":"https:\/\/agora.xtec.cat\/escferreriguardiagranollers\/wp-json\/wp\/v2\/posts"}],"about":[{"href":"https:\/\/agora.xtec.cat\/escferreriguardiagranollers\/wp-json\/wp\/v2\/types\/post"}],"author":[{"embeddable":true,"href":"https:\/\/agora.xtec.cat\/escferreriguardiagranollers\/wp-json\/wp\/v2\/users\/1"}],"replies":[{"embeddable":true,"href":"https:\/\/agora.xtec.cat\/escferreriguardiagranollers\/wp-json\/wp\/v2\/comments?post=533"}],"version-history":[{"count":1,"href":"https:\/\/agora.xtec.cat\/escferreriguardiagranollers\/wp-json\/wp\/v2\/posts\/533\/revisions"}],"predecessor-version":[{"id":534,"href":"https:\/\/agora.xtec.cat\/escferreriguardiagranollers\/wp-json\/wp\/v2\/posts\/533\/revisions\/534"}],"wp:featuredmedia":[{"embeddable":true,"href":"https:\/\/agora.xtec.cat\/escferreriguardiagranollers\/wp-json\/wp\/v2\/media\/535"}],"wp:attachment":[{"href":"https:\/\/agora.xtec.cat\/escferreriguardiagranollers\/wp-json\/wp\/v2\/media?parent=533"}],"wp:term":[{"taxonomy":"category","embeddable":true,"href":"https:\/\/agora.xtec.cat\/escferreriguardiagranollers\/wp-json\/wp\/v2\/categories?post=533"},{"taxonomy":"post_tag","embeddable":true,"href":"https:\/\/agora.xtec.cat\/escferreriguardiagranollers\/wp-json\/wp\/v2\/tags?post=533"}],"curies":[{"name":"wp","href":"https:\/\/api.w.org\/{rel}","templated":true}]}}