{"id":5305,"date":"2022-06-30T20:05:31","date_gmt":"2022-06-30T18:05:31","guid":{"rendered":"https:\/\/agora.xtec.cat\/escferreriguardiagranollers\/?p=5305"},"modified":"2022-07-06T20:13:42","modified_gmt":"2022-07-06T18:13:42","slug":"bon-estiu-4","status":"publish","type":"post","link":"https:\/\/agora.xtec.cat\/escferreriguardiagranollers\/primaria\/5e-i-6e\/bon-estiu-4\/","title":{"rendered":"BON ESTIU!"},"content":{"rendered":"<p><b>Un cop acabat aquest\u00a0 curs dif\u00edcil i diferent, volem desitjar-vos a totes i tots un bon estiu. Aprofiteu-lo per descansar de l&#8217;esfor\u00e7 fet durant el curs per\u00f2 no oblideu les vostres responsabilitats.\u00a0<\/b><\/p>\n<p><b>Acomiadem els alumnes de 6\u00e8 que el proper curs ja no seran en aquest bloc. Us desitgem molta sort en el vostre viatge per la secund\u00e0ria. Esperem que no oblideu mai l\u2019Escola Ferrer i Gu\u00e0rdia.<\/b><\/p>\n<p><a href=\"https:\/\/agora.xtec.cat\/escferreriguardiagranollers\/wp-content\/uploads\/usu988\/2022\/07\/descarga-5.jpg\"><img loading=\"lazy\" decoding=\"async\" class=\"size-full wp-image-5306 alignnone\" src=\"https:\/\/agora.xtec.cat\/escferreriguardiagranollers\/wp-content\/uploads\/usu988\/2022\/07\/descarga-5.jpg\" alt=\"\" width=\"305\" height=\"165\" srcset=\"https:\/\/agora.xtec.cat\/escferreriguardiagranollers\/wp-content\/uploads\/usu988\/2022\/07\/descarga-5.jpg 305w, https:\/\/agora.xtec.cat\/escferreriguardiagranollers\/wp-content\/uploads\/usu988\/2022\/07\/descarga-5-300x162.jpg 300w\" sizes=\"auto, (max-width: 305px) 100vw, 305px\" \/><\/a><\/p>\n<p>&nbsp;<\/p>\n<p><b>I als alumnes de 5\u00e8 us esperem el mes de setembre amb moltes ganes de ser, per un curs, els m\u00e9s grans de l&#8217;escola.<\/b><\/p>\n<p><a href=\"https:\/\/agora.xtec.cat\/escferreriguardiagranollers\/wp-content\/uploads\/usu988\/2022\/07\/Photo-Summer-Inspirational-Quote-Facebook-Cover-1-848x548-1.jpg\"><img loading=\"lazy\" decoding=\"async\" class=\"aligncenter size-full wp-image-5307\" src=\"https:\/\/agora.xtec.cat\/escferreriguardiagranollers\/wp-content\/uploads\/usu988\/2022\/07\/Photo-Summer-Inspirational-Quote-Facebook-Cover-1-848x548-1.jpg\" alt=\"\" width=\"848\" height=\"548\" srcset=\"https:\/\/agora.xtec.cat\/escferreriguardiagranollers\/wp-content\/uploads\/usu988\/2022\/07\/Photo-Summer-Inspirational-Quote-Facebook-Cover-1-848x548-1.jpg 848w, https:\/\/agora.xtec.cat\/escferreriguardiagranollers\/wp-content\/uploads\/usu988\/2022\/07\/Photo-Summer-Inspirational-Quote-Facebook-Cover-1-848x548-1-300x194.jpg 300w, https:\/\/agora.xtec.cat\/escferreriguardiagranollers\/wp-content\/uploads\/usu988\/2022\/07\/Photo-Summer-Inspirational-Quote-Facebook-Cover-1-848x548-1-768x496.jpg 768w\" sizes=\"auto, (max-width: 848px) 100vw, 848px\" \/><\/a><\/p>\n<p><b>A REVEURE!<\/b><b> \u00a0 <\/b><b>Molts petons a tots!<\/b><\/p>\n<p>&nbsp;<\/p>\n<p>&nbsp;<\/p>\n<p>&nbsp;<\/p>\n<p>&nbsp;<\/p>\n<p>&nbsp;<\/p>\n<p>&nbsp;<\/p>\n","protected":false},"excerpt":{"rendered":"<p>Un cop acabat aquest\u00a0 curs dif\u00edcil i diferent, volem desitjar-vos a totes i tots un bon estiu. Aprofiteu-lo per descansar de l&#8217;esfor\u00e7 fet durant el curs per\u00f2 no oblideu les vostres responsabilitats.\u00a0<br \/>\nAcomiadem els alumnes de 6\u00e8 que el proper curs ja no seran en aquest&hellip;  <a href=\"https:\/\/agora.xtec.cat\/escferreriguardiagranollers\/primaria\/5e-i-6e\/bon-estiu-4\/\" title=\"Read BON ESTIU!\">Llegeix m\u00e9s\u00bb<\/a><\/p>\n","protected":false},"author":8,"featured_media":5308,"comment_status":"open","ping_status":"closed","sticky":false,"template":"","format":"standard","meta":{"_bbp_topic_count":0,"_bbp_reply_count":0,"_bbp_total_topic_count":0,"_bbp_total_reply_count":0,"_bbp_voice_count":0,"_bbp_anonymous_reply_count":0,"_bbp_topic_count_hidden":0,"_bbp_reply_count_hidden":0,"_bbp_forum_subforum_count":0,"footnotes":""},"categories":[12],"tags":[],"class_list":["post-5305","post","type-post","status-publish","format-standard","has-post-thumbnail","hentry","category-5e-i-6e"],"post_mailing_queue_ids":[],"_links":{"self":[{"href":"https:\/\/agora.xtec.cat\/escferreriguardiagranollers\/wp-json\/wp\/v2\/posts\/5305","targetHints":{"allow":["GET"]}}],"collection":[{"href":"https:\/\/agora.xtec.cat\/escferreriguardiagranollers\/wp-json\/wp\/v2\/posts"}],"about":[{"href":"https:\/\/agora.xtec.cat\/escferreriguardiagranollers\/wp-json\/wp\/v2\/types\/post"}],"author":[{"embeddable":true,"href":"https:\/\/agora.xtec.cat\/escferreriguardiagranollers\/wp-json\/wp\/v2\/users\/8"}],"replies":[{"embeddable":true,"href":"https:\/\/agora.xtec.cat\/escferreriguardiagranollers\/wp-json\/wp\/v2\/comments?post=5305"}],"version-history":[{"count":1,"href":"https:\/\/agora.xtec.cat\/escferreriguardiagranollers\/wp-json\/wp\/v2\/posts\/5305\/revisions"}],"predecessor-version":[{"id":5309,"href":"https:\/\/agora.xtec.cat\/escferreriguardiagranollers\/wp-json\/wp\/v2\/posts\/5305\/revisions\/5309"}],"wp:featuredmedia":[{"embeddable":true,"href":"https:\/\/agora.xtec.cat\/escferreriguardiagranollers\/wp-json\/wp\/v2\/media\/5308"}],"wp:attachment":[{"href":"https:\/\/agora.xtec.cat\/escferreriguardiagranollers\/wp-json\/wp\/v2\/media?parent=5305"}],"wp:term":[{"taxonomy":"category","embeddable":true,"href":"https:\/\/agora.xtec.cat\/escferreriguardiagranollers\/wp-json\/wp\/v2\/categories?post=5305"},{"taxonomy":"post_tag","embeddable":true,"href":"https:\/\/agora.xtec.cat\/escferreriguardiagranollers\/wp-json\/wp\/v2\/tags?post=5305"}],"curies":[{"name":"wp","href":"https:\/\/api.w.org\/{rel}","templated":true}]}}