{"id":5298,"date":"2022-06-19T20:03:37","date_gmt":"2022-06-19T18:03:37","guid":{"rendered":"https:\/\/agora.xtec.cat\/escferreriguardiagranollers\/?p=5298"},"modified":"2022-07-06T20:04:24","modified_gmt":"2022-07-06T18:04:24","slug":"ultima-sortida-de-sise","status":"publish","type":"post","link":"https:\/\/agora.xtec.cat\/escferreriguardiagranollers\/primaria\/5e-i-6e\/ultima-sortida-de-sise\/","title":{"rendered":"\u00daLTIMA SORTIDA DE SIS\u00c8"},"content":{"rendered":"<p>Els alumnes de sis\u00e8 vam gaudir d&#8217;un dia magn\u00edfic al bosc vertical de Matar\u00f3.<\/p>\n<p>Ens vam posar a provar passant pels diferents trams del bosc. Ha estat un dia inolvidable!.<\/p>\n<p>&nbsp;<\/p>\n<p><a href=\"https:\/\/agora.xtec.cat\/escferreriguardiagranollers\/wp-content\/uploads\/usu988\/2022\/07\/Copia-de-IMG_20220607_112604-scaled.jpg\"><img loading=\"lazy\" decoding=\"async\" class=\"aligncenter size-large wp-image-5299\" src=\"https:\/\/agora.xtec.cat\/escferreriguardiagranollers\/wp-content\/uploads\/usu988\/2022\/07\/Copia-de-IMG_20220607_112604-768x1024.jpg\" alt=\"\" width=\"768\" height=\"1024\" srcset=\"https:\/\/agora.xtec.cat\/escferreriguardiagranollers\/wp-content\/uploads\/usu988\/2022\/07\/Copia-de-IMG_20220607_112604-768x1024.jpg 768w, https:\/\/agora.xtec.cat\/escferreriguardiagranollers\/wp-content\/uploads\/usu988\/2022\/07\/Copia-de-IMG_20220607_112604-225x300.jpg 225w, https:\/\/agora.xtec.cat\/escferreriguardiagranollers\/wp-content\/uploads\/usu988\/2022\/07\/Copia-de-IMG_20220607_112604-1152x1536.jpg 1152w, https:\/\/agora.xtec.cat\/escferreriguardiagranollers\/wp-content\/uploads\/usu988\/2022\/07\/Copia-de-IMG_20220607_112604-1536x2048.jpg 1536w, https:\/\/agora.xtec.cat\/escferreriguardiagranollers\/wp-content\/uploads\/usu988\/2022\/07\/Copia-de-IMG_20220607_112604-scaled.jpg 1920w\" sizes=\"auto, (max-width: 768px) 100vw, 768px\" \/><\/a> <a href=\"https:\/\/agora.xtec.cat\/escferreriguardiagranollers\/wp-content\/uploads\/usu988\/2022\/07\/Copia-de-IMG_20220607_112804-scaled.jpg\"><img loading=\"lazy\" decoding=\"async\" class=\"aligncenter size-large wp-image-5300\" src=\"https:\/\/agora.xtec.cat\/escferreriguardiagranollers\/wp-content\/uploads\/usu988\/2022\/07\/Copia-de-IMG_20220607_112804-768x1024.jpg\" alt=\"\" width=\"768\" height=\"1024\" srcset=\"https:\/\/agora.xtec.cat\/escferreriguardiagranollers\/wp-content\/uploads\/usu988\/2022\/07\/Copia-de-IMG_20220607_112804-768x1024.jpg 768w, https:\/\/agora.xtec.cat\/escferreriguardiagranollers\/wp-content\/uploads\/usu988\/2022\/07\/Copia-de-IMG_20220607_112804-225x300.jpg 225w, https:\/\/agora.xtec.cat\/escferreriguardiagranollers\/wp-content\/uploads\/usu988\/2022\/07\/Copia-de-IMG_20220607_112804-1152x1536.jpg 1152w, https:\/\/agora.xtec.cat\/escferreriguardiagranollers\/wp-content\/uploads\/usu988\/2022\/07\/Copia-de-IMG_20220607_112804-1536x2048.jpg 1536w, https:\/\/agora.xtec.cat\/escferreriguardiagranollers\/wp-content\/uploads\/usu988\/2022\/07\/Copia-de-IMG_20220607_112804-scaled.jpg 1920w\" sizes=\"auto, (max-width: 768px) 100vw, 768px\" \/><\/a> <a href=\"https:\/\/agora.xtec.cat\/escferreriguardiagranollers\/wp-content\/uploads\/usu988\/2022\/07\/Copia-de-IMG_20220607_113506-scaled.jpg\"><img loading=\"lazy\" decoding=\"async\" class=\"aligncenter size-large wp-image-5301\" src=\"https:\/\/agora.xtec.cat\/escferreriguardiagranollers\/wp-content\/uploads\/usu988\/2022\/07\/Copia-de-IMG_20220607_113506-768x1024.jpg\" alt=\"\" width=\"768\" height=\"1024\" srcset=\"https:\/\/agora.xtec.cat\/escferreriguardiagranollers\/wp-content\/uploads\/usu988\/2022\/07\/Copia-de-IMG_20220607_113506-768x1024.jpg 768w, https:\/\/agora.xtec.cat\/escferreriguardiagranollers\/wp-content\/uploads\/usu988\/2022\/07\/Copia-de-IMG_20220607_113506-225x300.jpg 225w, https:\/\/agora.xtec.cat\/escferreriguardiagranollers\/wp-content\/uploads\/usu988\/2022\/07\/Copia-de-IMG_20220607_113506-1152x1536.jpg 1152w, https:\/\/agora.xtec.cat\/escferreriguardiagranollers\/wp-content\/uploads\/usu988\/2022\/07\/Copia-de-IMG_20220607_113506-1536x2048.jpg 1536w, https:\/\/agora.xtec.cat\/escferreriguardiagranollers\/wp-content\/uploads\/usu988\/2022\/07\/Copia-de-IMG_20220607_113506-scaled.jpg 1920w\" sizes=\"auto, (max-width: 768px) 100vw, 768px\" \/><\/a> <a href=\"https:\/\/agora.xtec.cat\/escferreriguardiagranollers\/wp-content\/uploads\/usu988\/2022\/07\/Copia-de-IMG_20220607_113608-scaled.jpg\"><img loading=\"lazy\" decoding=\"async\" class=\"aligncenter size-large wp-image-5302\" src=\"https:\/\/agora.xtec.cat\/escferreriguardiagranollers\/wp-content\/uploads\/usu988\/2022\/07\/Copia-de-IMG_20220607_113608-768x1024.jpg\" alt=\"\" width=\"768\" height=\"1024\" srcset=\"https:\/\/agora.xtec.cat\/escferreriguardiagranollers\/wp-content\/uploads\/usu988\/2022\/07\/Copia-de-IMG_20220607_113608-768x1024.jpg 768w, https:\/\/agora.xtec.cat\/escferreriguardiagranollers\/wp-content\/uploads\/usu988\/2022\/07\/Copia-de-IMG_20220607_113608-225x300.jpg 225w, https:\/\/agora.xtec.cat\/escferreriguardiagranollers\/wp-content\/uploads\/usu988\/2022\/07\/Copia-de-IMG_20220607_113608-1152x1536.jpg 1152w, https:\/\/agora.xtec.cat\/escferreriguardiagranollers\/wp-content\/uploads\/usu988\/2022\/07\/Copia-de-IMG_20220607_113608-1536x2048.jpg 1536w, https:\/\/agora.xtec.cat\/escferreriguardiagranollers\/wp-content\/uploads\/usu988\/2022\/07\/Copia-de-IMG_20220607_113608-scaled.jpg 1920w\" sizes=\"auto, (max-width: 768px) 100vw, 768px\" \/><\/a><\/p>\n","protected":false},"excerpt":{"rendered":"<p>Els alumnes de sis\u00e8 vam gaudir d&#8217;un dia magn\u00edfic al bosc vertical de Matar\u00f3.<br \/>\nEns vam posar a provar passant pels diferents trams del bosc. Ha estat un dia inolvidable!.<br \/>\n&nbsp;<br \/>\n<a href=\"https:\/\/agora.xtec.cat\/escferreriguardiagranollers\/wp-content\/uploads\/usu988\/2022\/07\/Copia-de-IMG_20220607_112604-scaled.jpg\"><\/a> <a href=\"https:\/\/agora.xtec.cat\/escferreriguardiagranollers\/wp-content\/uploads\/usu988\/2022\/07\/Copia-de-IMG_20220607_112804-scaled.jpg\"><\/a> <a href=\"https:\/\/agora.xtec.cat\/escferreriguardiagranollers\/wp-content\/uploads\/usu988\/2022\/07\/Copia-de-IMG_20220607_113506-scaled.jpg\"><\/a> <a href=\"https:\/\/agora.xtec.cat\/escferreriguardiagranollers\/wp-content\/uploads\/usu988\/2022\/07\/Copia-de-IMG_20220607_113608-scaled.jpg\"><\/a><\/p>\n","protected":false},"author":8,"featured_media":5303,"comment_status":"open","ping_status":"closed","sticky":false,"template":"","format":"standard","meta":{"_bbp_topic_count":0,"_bbp_reply_count":0,"_bbp_total_topic_count":0,"_bbp_total_reply_count":0,"_bbp_voice_count":0,"_bbp_anonymous_reply_count":0,"_bbp_topic_count_hidden":0,"_bbp_reply_count_hidden":0,"_bbp_forum_subforum_count":0,"footnotes":""},"categories":[12],"tags":[],"class_list":["post-5298","post","type-post","status-publish","format-standard","has-post-thumbnail","hentry","category-5e-i-6e"],"post_mailing_queue_ids":[],"_links":{"self":[{"href":"https:\/\/agora.xtec.cat\/escferreriguardiagranollers\/wp-json\/wp\/v2\/posts\/5298","targetHints":{"allow":["GET"]}}],"collection":[{"href":"https:\/\/agora.xtec.cat\/escferreriguardiagranollers\/wp-json\/wp\/v2\/posts"}],"about":[{"href":"https:\/\/agora.xtec.cat\/escferreriguardiagranollers\/wp-json\/wp\/v2\/types\/post"}],"author":[{"embeddable":true,"href":"https:\/\/agora.xtec.cat\/escferreriguardiagranollers\/wp-json\/wp\/v2\/users\/8"}],"replies":[{"embeddable":true,"href":"https:\/\/agora.xtec.cat\/escferreriguardiagranollers\/wp-json\/wp\/v2\/comments?post=5298"}],"version-history":[{"count":1,"href":"https:\/\/agora.xtec.cat\/escferreriguardiagranollers\/wp-json\/wp\/v2\/posts\/5298\/revisions"}],"predecessor-version":[{"id":5304,"href":"https:\/\/agora.xtec.cat\/escferreriguardiagranollers\/wp-json\/wp\/v2\/posts\/5298\/revisions\/5304"}],"wp:featuredmedia":[{"embeddable":true,"href":"https:\/\/agora.xtec.cat\/escferreriguardiagranollers\/wp-json\/wp\/v2\/media\/5303"}],"wp:attachment":[{"href":"https:\/\/agora.xtec.cat\/escferreriguardiagranollers\/wp-json\/wp\/v2\/media?parent=5298"}],"wp:term":[{"taxonomy":"category","embeddable":true,"href":"https:\/\/agora.xtec.cat\/escferreriguardiagranollers\/wp-json\/wp\/v2\/categories?post=5298"},{"taxonomy":"post_tag","embeddable":true,"href":"https:\/\/agora.xtec.cat\/escferreriguardiagranollers\/wp-json\/wp\/v2\/tags?post=5298"}],"curies":[{"name":"wp","href":"https:\/\/api.w.org\/{rel}","templated":true}]}}