{"id":5240,"date":"2022-06-26T18:44:33","date_gmt":"2022-06-26T16:44:33","guid":{"rendered":"https:\/\/agora.xtec.cat\/escferreriguardiagranollers\/?p=5240"},"modified":"2022-06-26T18:44:33","modified_gmt":"2022-06-26T16:44:33","slug":"jardi-sensorial","status":"publish","type":"post","link":"https:\/\/agora.xtec.cat\/escferreriguardiagranollers\/infantil\/jardi-sensorial\/","title":{"rendered":"Jard\u00ed Sensorial"},"content":{"rendered":"<p>Durant aquest mes de maig i juny hem estat treballant de la m\u00e0 de l&#8217;Ang\u00e9lica S\u00e1tiro i el Pol Aumedes creant el que \u00e9s un pilot d&#8217;un jard\u00ed sensorial a un espai de la Roca Umbert. Hem volgut donar continu\u00eftat al projecte Art i Escola\u00a0 amb la cura a la natura, tenint cura, en aquest cas, d&#8217;un espai on de moment ning\u00fa en tenia. Primer de tot els nens i nenes van pintar els seus murs, s&#8217;han creat d&#8217;acord amb les estacions l&#8217;any com a s\u00edmbol de canvi, ja que un jard\u00ed canvia segons l&#8217;\u00e8poca de l&#8217;any. Hem creat uns camins amb diferents textures i una caseta on a dins tenim dibuixats a en Brunet i en Naturnet. Desitgem que el proper curs puguem continuar donant-li vida!!<\/p>\n<p><a href=\"https:\/\/agora.xtec.cat\/escferreriguardiagranollers\/wp-content\/uploads\/usu988\/2022\/06\/IMG-20220620-WA0015-COLLAGE.jpg\"><img loading=\"lazy\" decoding=\"async\" class=\"wp-image-5241 aligncenter\" src=\"https:\/\/agora.xtec.cat\/escferreriguardiagranollers\/wp-content\/uploads\/usu988\/2022\/06\/IMG-20220620-WA0015-COLLAGE-300x300.jpg\" alt=\"\" width=\"683\" height=\"683\" srcset=\"https:\/\/agora.xtec.cat\/escferreriguardiagranollers\/wp-content\/uploads\/usu988\/2022\/06\/IMG-20220620-WA0015-COLLAGE-300x300.jpg 300w, https:\/\/agora.xtec.cat\/escferreriguardiagranollers\/wp-content\/uploads\/usu988\/2022\/06\/IMG-20220620-WA0015-COLLAGE-1024x1024.jpg 1024w, https:\/\/agora.xtec.cat\/escferreriguardiagranollers\/wp-content\/uploads\/usu988\/2022\/06\/IMG-20220620-WA0015-COLLAGE-150x150.jpg 150w, https:\/\/agora.xtec.cat\/escferreriguardiagranollers\/wp-content\/uploads\/usu988\/2022\/06\/IMG-20220620-WA0015-COLLAGE-768x768.jpg 768w, https:\/\/agora.xtec.cat\/escferreriguardiagranollers\/wp-content\/uploads\/usu988\/2022\/06\/IMG-20220620-WA0015-COLLAGE.jpg 1064w\" sizes=\"auto, (max-width: 683px) 100vw, 683px\" \/><\/a><\/p>\n","protected":false},"excerpt":{"rendered":"<p>Durant aquest mes de maig i juny hem estat treballant de la m\u00e0 de l&#8217;Ang\u00e9lica S\u00e1tiro i el Pol Aumedes creant el que \u00e9s un pilot d&#8217;un jard\u00ed sensorial a un espai de la Roca Umbert. Hem volgut donar continu\u00eftat al projecte Art i Escola\u00a0&hellip;  <a href=\"https:\/\/agora.xtec.cat\/escferreriguardiagranollers\/infantil\/jardi-sensorial\/\" title=\"Read Jard\u00ed Sensorial\">Llegeix m\u00e9s\u00bb<\/a><\/p>\n","protected":false},"author":1,"featured_media":0,"comment_status":"closed","ping_status":"closed","sticky":false,"template":"","format":"standard","meta":{"_bbp_topic_count":0,"_bbp_reply_count":0,"_bbp_total_topic_count":0,"_bbp_total_reply_count":0,"_bbp_voice_count":0,"_bbp_anonymous_reply_count":0,"_bbp_topic_count_hidden":0,"_bbp_reply_count_hidden":0,"_bbp_forum_subforum_count":0,"footnotes":""},"categories":[2,3,8,9],"tags":[],"class_list":["post-5240","post","type-post","status-publish","format-standard","hentry","category-infantil","category-p3","category-p4","category-p5"],"post_mailing_queue_ids":[],"_links":{"self":[{"href":"https:\/\/agora.xtec.cat\/escferreriguardiagranollers\/wp-json\/wp\/v2\/posts\/5240","targetHints":{"allow":["GET"]}}],"collection":[{"href":"https:\/\/agora.xtec.cat\/escferreriguardiagranollers\/wp-json\/wp\/v2\/posts"}],"about":[{"href":"https:\/\/agora.xtec.cat\/escferreriguardiagranollers\/wp-json\/wp\/v2\/types\/post"}],"author":[{"embeddable":true,"href":"https:\/\/agora.xtec.cat\/escferreriguardiagranollers\/wp-json\/wp\/v2\/users\/1"}],"replies":[{"embeddable":true,"href":"https:\/\/agora.xtec.cat\/escferreriguardiagranollers\/wp-json\/wp\/v2\/comments?post=5240"}],"version-history":[{"count":1,"href":"https:\/\/agora.xtec.cat\/escferreriguardiagranollers\/wp-json\/wp\/v2\/posts\/5240\/revisions"}],"predecessor-version":[{"id":5242,"href":"https:\/\/agora.xtec.cat\/escferreriguardiagranollers\/wp-json\/wp\/v2\/posts\/5240\/revisions\/5242"}],"wp:attachment":[{"href":"https:\/\/agora.xtec.cat\/escferreriguardiagranollers\/wp-json\/wp\/v2\/media?parent=5240"}],"wp:term":[{"taxonomy":"category","embeddable":true,"href":"https:\/\/agora.xtec.cat\/escferreriguardiagranollers\/wp-json\/wp\/v2\/categories?post=5240"},{"taxonomy":"post_tag","embeddable":true,"href":"https:\/\/agora.xtec.cat\/escferreriguardiagranollers\/wp-json\/wp\/v2\/tags?post=5240"}],"curies":[{"name":"wp","href":"https:\/\/api.w.org\/{rel}","templated":true}]}}