{"id":523,"date":"2016-04-18T15:31:03","date_gmt":"2016-04-18T14:31:03","guid":{"rendered":"http:\/\/agora.xtec.cat\/escferreriguardiagranollers\/?p=523"},"modified":"2016-07-07T09:25:57","modified_gmt":"2016-07-07T08:25:57","slug":"noticies","status":"publish","type":"post","link":"https:\/\/agora.xtec.cat\/escferreriguardiagranollers\/general\/noticies\/","title":{"rendered":"NOT\u00cdCIES"},"content":{"rendered":"<p>\u2013 Els nens i nenes de P3 que es queden a dinar no faran migdiada:\u00a0JA S\u2019HAN FET UNA MICA M\u00c9S GRANS<strong>!<\/strong><\/p>\n<p>\u2013 Les classes de 3r i 4t curs van participar en l\u2019\u00f2pera: <strong>AL\u00cdCIA EN EL PA\u00cdS DE LES MERAVELLES.<\/strong> Podeu veure el reportatge que van emetre ahir a VOTV\u00a0 per internet. Properament el penjarem en el bloc de l\u2019escola.<\/p>\n<p>\u2013 <strong>COL\u00d2NIES<\/strong>: dem\u00e0, dia 29 de mar\u00e7, marxen de col\u00f2nies els nens i nenes de prim\u00e0ria a l\u2019Estartit i tornen divendres dia 1 d\u2019abril. Desitgem que els vagi molt b\u00e9, que aprenguin moltes coses i gaudeixin junts de totes les activitats que hem triat per tots.<\/p>\n<p><strong>\u2013 Reuni\u00f3 de pares i mares delegats de curs<\/strong>: el proper dimarts dia 5 d\u2019abril, a les 16h farem reuni\u00f3 de pares i mares delegats de classe a la biblioteca. La reuni\u00f3 <strong>est\u00e0 oberta a tots aquells que hi vulgueu assistir.<\/strong> Parlarem de:torneig de handbol de Coaliment, pintada mural de SIXE PAREDES, festa de la primavera i tindrem informaci\u00f3 de la propera assemblea de l\u2019AMPA.<\/p>\n<p>&nbsp;<\/p>\n<p><strong>\u00a0<\/strong><strong><br \/>\n<\/strong><\/p>\n","protected":false},"excerpt":{"rendered":"<p>\u2013 Els nens i nenes de P3 que es queden a dinar no faran migdiada:\u00a0JA S\u2019HAN FET UNA MICA M\u00c9S GRANS!<br \/>\n\u2013 Les classes de 3r i 4t curs van participar en l\u2019\u00f2pera: AL\u00cdCIA EN EL PA\u00cdS DE LES MERAVELLES. Podeu veure el reportatge que van&hellip;  <a href=\"https:\/\/agora.xtec.cat\/escferreriguardiagranollers\/general\/noticies\/\" title=\"Read NOT\u00cdCIES\">Llegeix m\u00e9s\u00bb<\/a><\/p>\n","protected":false},"author":1,"featured_media":948,"comment_status":"open","ping_status":"open","sticky":false,"template":"","format":"standard","meta":{"_bbp_topic_count":0,"_bbp_reply_count":0,"_bbp_total_topic_count":0,"_bbp_total_reply_count":0,"_bbp_voice_count":0,"_bbp_anonymous_reply_count":0,"_bbp_topic_count_hidden":0,"_bbp_reply_count_hidden":0,"_bbp_forum_subforum_count":0,"footnotes":""},"categories":[1,4],"tags":[],"class_list":["post-523","post","type-post","status-publish","format-standard","has-post-thumbnail","hentry","category-general","category-portada"],"post_mailing_queue_ids":[],"_links":{"self":[{"href":"https:\/\/agora.xtec.cat\/escferreriguardiagranollers\/wp-json\/wp\/v2\/posts\/523","targetHints":{"allow":["GET"]}}],"collection":[{"href":"https:\/\/agora.xtec.cat\/escferreriguardiagranollers\/wp-json\/wp\/v2\/posts"}],"about":[{"href":"https:\/\/agora.xtec.cat\/escferreriguardiagranollers\/wp-json\/wp\/v2\/types\/post"}],"author":[{"embeddable":true,"href":"https:\/\/agora.xtec.cat\/escferreriguardiagranollers\/wp-json\/wp\/v2\/users\/1"}],"replies":[{"embeddable":true,"href":"https:\/\/agora.xtec.cat\/escferreriguardiagranollers\/wp-json\/wp\/v2\/comments?post=523"}],"version-history":[{"count":2,"href":"https:\/\/agora.xtec.cat\/escferreriguardiagranollers\/wp-json\/wp\/v2\/posts\/523\/revisions"}],"predecessor-version":[{"id":528,"href":"https:\/\/agora.xtec.cat\/escferreriguardiagranollers\/wp-json\/wp\/v2\/posts\/523\/revisions\/528"}],"wp:featuredmedia":[{"embeddable":true,"href":"https:\/\/agora.xtec.cat\/escferreriguardiagranollers\/wp-json\/wp\/v2\/media\/948"}],"wp:attachment":[{"href":"https:\/\/agora.xtec.cat\/escferreriguardiagranollers\/wp-json\/wp\/v2\/media?parent=523"}],"wp:term":[{"taxonomy":"category","embeddable":true,"href":"https:\/\/agora.xtec.cat\/escferreriguardiagranollers\/wp-json\/wp\/v2\/categories?post=523"},{"taxonomy":"post_tag","embeddable":true,"href":"https:\/\/agora.xtec.cat\/escferreriguardiagranollers\/wp-json\/wp\/v2\/tags?post=523"}],"curies":[{"name":"wp","href":"https:\/\/api.w.org\/{rel}","templated":true}]}}