{"id":519,"date":"2016-04-18T15:28:22","date_gmt":"2016-04-18T14:28:22","guid":{"rendered":"http:\/\/agora.xtec.cat\/escferreriguardiagranollers\/?p=519"},"modified":"2016-04-18T15:28:41","modified_gmt":"2016-04-18T14:28:41","slug":"preinscripcio-i-matricula-curs-2016-2017","status":"publish","type":"post","link":"https:\/\/agora.xtec.cat\/escferreriguardiagranollers\/general\/preinscripcio-i-matricula-curs-2016-2017\/","title":{"rendered":"PREINSCRIPCI\u00d3 I MATRICULA  CURS 2016-2017"},"content":{"rendered":"<p><strong>Les dates de preinscripci\u00f3 s\u00f3n del 30 de mar\u00e7 al 7 d\u2019abril<\/strong><\/p>\n<p><strong>Les dates de matr\u00edcula s\u00f3n del 13 al 17 de juny. S\u2019han de matricular:<\/strong><\/p>\n<ul>\n<li>els germans petits que faran P3 el proper curs, nascuts l\u2019any 2013.<\/li>\n<li>tot l\u2019alumnat de sis\u00e8 que cursar\u00e0 Educaci\u00f3 Secund\u00e0ria Obligat\u00f2ria (ESO)<\/li>\n<\/ul>\n<p>Pel proper curs <strong>CAL confirmar la pla\u00e7a<\/strong>. Les fam\u00edlies que encara no ho heu fet, heu de retornar el full que us v\u00e0rem lliurar abans de vacances.<\/p>\n<p>Les fam\u00edlies que teniu previst canviar d\u2019escola cal que ens ho feu saber.<\/p>\n","protected":false},"excerpt":{"rendered":"<p>Les dates de preinscripci\u00f3 s\u00f3n del 30 de mar\u00e7 al 7 d\u2019abril<br \/>\nLes dates de matr\u00edcula s\u00f3n del 13 al 17 de juny. S\u2019han de matricular:<\/p>\n<ul>\n<li>els germans petits que faran P3 el proper curs, nascuts l\u2019any 2013.<\/li>\n<li>tot l\u2019alumnat de sis\u00e8 que cursar\u00e0 Educaci\u00f3 Secund\u00e0ria Obligat\u00f2ria (ESO)<\/li>\n<\/ul>\n<p>Pel&hellip;  <a href=\"https:\/\/agora.xtec.cat\/escferreriguardiagranollers\/general\/preinscripcio-i-matricula-curs-2016-2017\/\" title=\"Read PREINSCRIPCI\u00d3 I MATRICULA  CURS 2016-2017\">Llegeix m\u00e9s\u00bb<\/a><\/p>\n","protected":false},"author":1,"featured_media":0,"comment_status":"open","ping_status":"open","sticky":false,"template":"","format":"standard","meta":{"_bbp_topic_count":0,"_bbp_reply_count":0,"_bbp_total_topic_count":0,"_bbp_total_reply_count":0,"_bbp_voice_count":0,"_bbp_anonymous_reply_count":0,"_bbp_topic_count_hidden":0,"_bbp_reply_count_hidden":0,"_bbp_forum_subforum_count":0,"footnotes":""},"categories":[1,4],"tags":[],"class_list":["post-519","post","type-post","status-publish","format-standard","hentry","category-general","category-portada"],"post_mailing_queue_ids":[],"_links":{"self":[{"href":"https:\/\/agora.xtec.cat\/escferreriguardiagranollers\/wp-json\/wp\/v2\/posts\/519","targetHints":{"allow":["GET"]}}],"collection":[{"href":"https:\/\/agora.xtec.cat\/escferreriguardiagranollers\/wp-json\/wp\/v2\/posts"}],"about":[{"href":"https:\/\/agora.xtec.cat\/escferreriguardiagranollers\/wp-json\/wp\/v2\/types\/post"}],"author":[{"embeddable":true,"href":"https:\/\/agora.xtec.cat\/escferreriguardiagranollers\/wp-json\/wp\/v2\/users\/1"}],"replies":[{"embeddable":true,"href":"https:\/\/agora.xtec.cat\/escferreriguardiagranollers\/wp-json\/wp\/v2\/comments?post=519"}],"version-history":[{"count":1,"href":"https:\/\/agora.xtec.cat\/escferreriguardiagranollers\/wp-json\/wp\/v2\/posts\/519\/revisions"}],"predecessor-version":[{"id":520,"href":"https:\/\/agora.xtec.cat\/escferreriguardiagranollers\/wp-json\/wp\/v2\/posts\/519\/revisions\/520"}],"wp:attachment":[{"href":"https:\/\/agora.xtec.cat\/escferreriguardiagranollers\/wp-json\/wp\/v2\/media?parent=519"}],"wp:term":[{"taxonomy":"category","embeddable":true,"href":"https:\/\/agora.xtec.cat\/escferreriguardiagranollers\/wp-json\/wp\/v2\/categories?post=519"},{"taxonomy":"post_tag","embeddable":true,"href":"https:\/\/agora.xtec.cat\/escferreriguardiagranollers\/wp-json\/wp\/v2\/tags?post=519"}],"curies":[{"name":"wp","href":"https:\/\/api.w.org\/{rel}","templated":true}]}}