{"id":513,"date":"2016-04-18T15:22:30","date_gmt":"2016-04-18T14:22:30","guid":{"rendered":"http:\/\/agora.xtec.cat\/escferreriguardiagranollers\/?p=513"},"modified":"2016-04-18T15:22:30","modified_gmt":"2016-04-18T14:22:30","slug":"reunio-de-consell-escolar-26-abril","status":"publish","type":"post","link":"https:\/\/agora.xtec.cat\/escferreriguardiagranollers\/general\/reunio-de-consell-escolar-26-abril\/","title":{"rendered":"REUNI\u00d3 DE CONSELL ESCOLAR. 26 abril."},"content":{"rendered":"<p>Els representants de pares i mares enguany s\u00f3n:<\/p>\n<p>Daniel Rodr\u00edguez, Miquel Fust\u00e9, Irina Llompart i Mireia Padr\u00f3s.<\/p>\n<p>En aquesta reuni\u00f3 s\u2019informar\u00e0 de la preinscripci\u00f3 pel proper curs,<\/p>\n<p>s\u2019aprovar\u00e0 el calendari del 2016-2017, parlarem de com han anat les col\u00f2nies i comentarem el nou curriculum aprovat pel Departament d\u2019Ensenyament.<\/p>\n<table>\n<tbody>\n<tr>\n<td colspan=\"3\" width=\"576\"><strong>\u00a0<\/strong><strong>MES DE MAIG<\/strong><\/td>\n<\/tr>\n<tr>\n<td width=\"125\"><strong>4 i 5 <\/strong><strong>dimecres i dijous<\/strong><\/td>\n<td width=\"257\">PROVES DE COMPET\u00c8NCIES B\u00c0SIQUES<\/td>\n<td width=\"194\">Alumnat de 6\u00e8<\/td>\n<\/tr>\n<tr>\n<td rowspan=\"2\" width=\"125\"><strong>\u00a0<\/strong><strong>10 dimarts<\/strong><\/td>\n<td width=\"257\">Contes amagats. St Francesc<\/td>\n<td width=\"194\">P3, P4 i P5<\/td>\n<\/tr>\n<tr>\n<td width=\"257\">Marietes \u2013 Museu Tela<\/td>\n<td width=\"194\">Alumnat de P5<\/td>\n<\/tr>\n<tr>\n<td width=\"125\"><strong>13 divendres<\/strong><\/td>\n<td width=\"257\">Activitat a la biblioteca<\/td>\n<td width=\"194\">Alumnat de P3<\/td>\n<\/tr>\n<tr>\n<td width=\"125\"><strong>26 <\/strong><strong>dijous<\/strong><\/td>\n<td width=\"257\">Teatre \u2013 Centre CulturalTorna Robin Hood<\/td>\n<td width=\"194\">Alumnat de 1r i 2n<\/td>\n<\/tr>\n<tr>\n<td width=\"125\"><strong>31 \u00a0<\/strong><strong>dimarts<\/strong><\/td>\n<td width=\"257\"><strong>Dia de la Pau:<\/strong> commemoraci\u00f3 del bombardeig de la ciutat.<\/td>\n<td width=\"194\">Tot l\u2019alumnat de l\u2019escola.<\/td>\n<\/tr>\n<tr>\n<td width=\"125\"><strong>30 dilluns<\/strong><\/td>\n<td width=\"257\">Teatre \u2013 Centre Cultural Brhava!<\/td>\n<td width=\"194\">Alumnat de 3r, 4t i 5\u00e8<\/td>\n<\/tr>\n<tr>\n<td width=\"125\"><strong>30 i 31 <\/strong><strong>dilluns i dimarts<\/strong><\/td>\n<td width=\"257\">COL\u00d2NIES<\/td>\n<td width=\"194\">Alumnat de P3, P4 i P5<\/td>\n<\/tr>\n<\/tbody>\n<\/table>\n<table>\n<tbody>\n<tr>\n<td colspan=\"4\" width=\"578\"><strong>\u00a0<\/strong><strong>MES DE JUNY<\/strong><\/td>\n<\/tr>\n<tr>\n<td width=\"139\"><strong>4 \u00a0dissabte 20,30h<\/strong><\/td>\n<td colspan=\"2\" width=\"245\">CANTATA a l\u2019Auditori<\/td>\n<td width=\"194\">Alumnes de 5\u00e8 i fam\u00edlies<\/td>\n<\/tr>\n<tr>\n<td colspan=\"2\" width=\"140\"><strong>17, divendres<\/strong><\/td>\n<td width=\"244\">Festa de P5<\/td>\n<td width=\"194\">Alumnat de P5 i fam\u00edlies<\/td>\n<\/tr>\n<tr>\n<td colspan=\"2\" width=\"140\"><strong>20, dilluns<\/strong><\/td>\n<td width=\"244\">Comiat de sis\u00e8<\/td>\n<td width=\"194\">Alumnat de 6\u00e8 i fam\u00edlies<\/td>\n<\/tr>\n<\/tbody>\n<\/table>\n<p><strong>\u00a0<\/strong><\/p>\n","protected":false},"excerpt":{"rendered":"<p>Els representants de pares i mares enguany s\u00f3n:<br \/>\nDaniel Rodr\u00edguez, Miquel Fust\u00e9, Irina Llompart i Mireia Padr\u00f3s.<br \/>\nEn aquesta reuni\u00f3 s\u2019informar\u00e0 de la preinscripci\u00f3 pel proper curs,<br \/>\ns\u2019aprovar\u00e0 el calendari del 2016-2017, parlarem de com han anat les col\u00f2nies i comentarem el nou curriculum aprovat pel Departament d\u2019Ensenyament.<\/p>\n<p>\u00a0MES&hellip;  <a href=\"https:\/\/agora.xtec.cat\/escferreriguardiagranollers\/general\/reunio-de-consell-escolar-26-abril\/\" title=\"Read REUNI\u00d3 DE CONSELL ESCOLAR. 26 abril.\">Llegeix m\u00e9s\u00bb<\/a><\/p>\n","protected":false},"author":1,"featured_media":0,"comment_status":"open","ping_status":"open","sticky":false,"template":"","format":"standard","meta":{"_bbp_topic_count":0,"_bbp_reply_count":0,"_bbp_total_topic_count":0,"_bbp_total_reply_count":0,"_bbp_voice_count":0,"_bbp_anonymous_reply_count":0,"_bbp_topic_count_hidden":0,"_bbp_reply_count_hidden":0,"_bbp_forum_subforum_count":0,"footnotes":""},"categories":[1,4],"tags":[],"class_list":["post-513","post","type-post","status-publish","format-standard","hentry","category-general","category-portada"],"post_mailing_queue_ids":[],"_links":{"self":[{"href":"https:\/\/agora.xtec.cat\/escferreriguardiagranollers\/wp-json\/wp\/v2\/posts\/513","targetHints":{"allow":["GET"]}}],"collection":[{"href":"https:\/\/agora.xtec.cat\/escferreriguardiagranollers\/wp-json\/wp\/v2\/posts"}],"about":[{"href":"https:\/\/agora.xtec.cat\/escferreriguardiagranollers\/wp-json\/wp\/v2\/types\/post"}],"author":[{"embeddable":true,"href":"https:\/\/agora.xtec.cat\/escferreriguardiagranollers\/wp-json\/wp\/v2\/users\/1"}],"replies":[{"embeddable":true,"href":"https:\/\/agora.xtec.cat\/escferreriguardiagranollers\/wp-json\/wp\/v2\/comments?post=513"}],"version-history":[{"count":1,"href":"https:\/\/agora.xtec.cat\/escferreriguardiagranollers\/wp-json\/wp\/v2\/posts\/513\/revisions"}],"predecessor-version":[{"id":514,"href":"https:\/\/agora.xtec.cat\/escferreriguardiagranollers\/wp-json\/wp\/v2\/posts\/513\/revisions\/514"}],"wp:attachment":[{"href":"https:\/\/agora.xtec.cat\/escferreriguardiagranollers\/wp-json\/wp\/v2\/media?parent=513"}],"wp:term":[{"taxonomy":"category","embeddable":true,"href":"https:\/\/agora.xtec.cat\/escferreriguardiagranollers\/wp-json\/wp\/v2\/categories?post=513"},{"taxonomy":"post_tag","embeddable":true,"href":"https:\/\/agora.xtec.cat\/escferreriguardiagranollers\/wp-json\/wp\/v2\/tags?post=513"}],"curies":[{"name":"wp","href":"https:\/\/api.w.org\/{rel}","templated":true}]}}