{"id":5018,"date":"2022-03-03T17:41:39","date_gmt":"2022-03-03T16:41:39","guid":{"rendered":"https:\/\/agora.xtec.cat\/escferreriguardiagranollers\/?p=5018"},"modified":"2022-03-03T17:41:39","modified_gmt":"2022-03-03T16:41:39","slug":"greta-i-els-trihumans","status":"publish","type":"post","link":"https:\/\/agora.xtec.cat\/escferreriguardiagranollers\/primaria\/greta-i-els-trihumans\/","title":{"rendered":"GRETA I ELS TRIHUMANS"},"content":{"rendered":"<p>Aquest dijous 3 de mar\u00e7 els nens i nenes de 6\u00e8\u00a0 han comen\u00e7at els assajos de l\u2019\u00f2pera infantil \u201c<strong><em>Greta i els Trihumans<\/em><\/strong>\u201d en el Teatre Auditori.<\/p>\n<p>L&#8217;\u00f2pera infantil \u00e9s una obra original i de creaci\u00f3 pr\u00f2pia, que el teatre porta a terme cada dos anys, i que ha estat encarregada a l\u2019escriptor i guionista Piti Espa\u00f1ol i al compositor musical Joan Vives.\u00a0Aquest cop l&#8217;\u00f2pera s&#8217;inspira en l&#8217;activista de 16 anys Greta Thumberg i gira entorn a l&#8217;emerg\u00e8ncia clim\u00e0tica mundial.<\/p>\n<p>Tots els alumnes han gaudit molt\u00edssim, tant en els assajos de les can\u00e7ons com en la coreografia.<\/p>\n<p>Estem segurs que ser\u00e0 una experi\u00e8ncia molt motivadora i inoblidable!!<\/p>\n<p><a href=\"https:\/\/agora.xtec.cat\/escferreriguardiagranollers\/wp-content\/uploads\/usu988\/2022\/03\/trihumans6.jpg\"><img loading=\"lazy\" decoding=\"async\" class=\"wp-image-5020 size-medium alignleft\" src=\"https:\/\/agora.xtec.cat\/escferreriguardiagranollers\/wp-content\/uploads\/usu988\/2022\/03\/trihumans6-300x270.jpg\" alt=\"\" width=\"300\" height=\"270\" srcset=\"https:\/\/agora.xtec.cat\/escferreriguardiagranollers\/wp-content\/uploads\/usu988\/2022\/03\/trihumans6-300x270.jpg 300w, https:\/\/agora.xtec.cat\/escferreriguardiagranollers\/wp-content\/uploads\/usu988\/2022\/03\/trihumans6-1024x923.jpg 1024w, https:\/\/agora.xtec.cat\/escferreriguardiagranollers\/wp-content\/uploads\/usu988\/2022\/03\/trihumans6-768x692.jpg 768w, https:\/\/agora.xtec.cat\/escferreriguardiagranollers\/wp-content\/uploads\/usu988\/2022\/03\/trihumans6-1536x1384.jpg 1536w, https:\/\/agora.xtec.cat\/escferreriguardiagranollers\/wp-content\/uploads\/usu988\/2022\/03\/trihumans6-2048x1846.jpg 2048w\" sizes=\"auto, (max-width: 300px) 100vw, 300px\" \/><\/a><a href=\"https:\/\/agora.xtec.cat\/escferreriguardiagranollers\/wp-content\/uploads\/usu988\/2022\/03\/trihumans9-scaled.jpg\"><img loading=\"lazy\" decoding=\"async\" class=\"wp-image-5021 size-medium alignleft\" src=\"https:\/\/agora.xtec.cat\/escferreriguardiagranollers\/wp-content\/uploads\/usu988\/2022\/03\/trihumans9-300x119.jpg\" alt=\"\" width=\"300\" height=\"119\" srcset=\"https:\/\/agora.xtec.cat\/escferreriguardiagranollers\/wp-content\/uploads\/usu988\/2022\/03\/trihumans9-300x119.jpg 300w, https:\/\/agora.xtec.cat\/escferreriguardiagranollers\/wp-content\/uploads\/usu988\/2022\/03\/trihumans9-1024x405.jpg 1024w, https:\/\/agora.xtec.cat\/escferreriguardiagranollers\/wp-content\/uploads\/usu988\/2022\/03\/trihumans9-768x304.jpg 768w, https:\/\/agora.xtec.cat\/escferreriguardiagranollers\/wp-content\/uploads\/usu988\/2022\/03\/trihumans9-1536x608.jpg 1536w, https:\/\/agora.xtec.cat\/escferreriguardiagranollers\/wp-content\/uploads\/usu988\/2022\/03\/trihumans9-2048x810.jpg 2048w\" sizes=\"auto, (max-width: 300px) 100vw, 300px\" \/><\/a><\/p>\n<p><a href=\"https:\/\/agora.xtec.cat\/escferreriguardiagranollers\/wp-content\/uploads\/usu988\/2022\/03\/trihumans4-scaled.jpg\"><img loading=\"lazy\" decoding=\"async\" class=\"wp-image-5022 size-medium alignleft\" src=\"https:\/\/agora.xtec.cat\/escferreriguardiagranollers\/wp-content\/uploads\/usu988\/2022\/03\/trihumans4-300x130.jpg\" alt=\"\" width=\"300\" height=\"130\" srcset=\"https:\/\/agora.xtec.cat\/escferreriguardiagranollers\/wp-content\/uploads\/usu988\/2022\/03\/trihumans4-300x130.jpg 300w, https:\/\/agora.xtec.cat\/escferreriguardiagranollers\/wp-content\/uploads\/usu988\/2022\/03\/trihumans4-1024x443.jpg 1024w, https:\/\/agora.xtec.cat\/escferreriguardiagranollers\/wp-content\/uploads\/usu988\/2022\/03\/trihumans4-768x333.jpg 768w, https:\/\/agora.xtec.cat\/escferreriguardiagranollers\/wp-content\/uploads\/usu988\/2022\/03\/trihumans4-1536x665.jpg 1536w, https:\/\/agora.xtec.cat\/escferreriguardiagranollers\/wp-content\/uploads\/usu988\/2022\/03\/trihumans4-2048x887.jpg 2048w\" sizes=\"auto, (max-width: 300px) 100vw, 300px\" \/><\/a><\/p>\n","protected":false},"excerpt":{"rendered":"<p>Aquest dijous 3 de mar\u00e7 els nens i nenes de 6\u00e8\u00a0 han comen\u00e7at els assajos de l\u2019\u00f2pera infantil \u201cGreta i els Trihumans\u201d en el Teatre Auditori.<br \/>\nL&#8217;\u00f2pera infantil \u00e9s una obra original i de creaci\u00f3 pr\u00f2pia, que el teatre porta a terme cada dos anys, i&hellip;  <a href=\"https:\/\/agora.xtec.cat\/escferreriguardiagranollers\/primaria\/greta-i-els-trihumans\/\" title=\"Read GRETA I ELS TRIHUMANS\">Llegeix m\u00e9s\u00bb<\/a><\/p>\n","protected":false},"author":8,"featured_media":5019,"comment_status":"open","ping_status":"closed","sticky":false,"template":"","format":"standard","meta":{"_bbp_topic_count":0,"_bbp_reply_count":0,"_bbp_total_topic_count":0,"_bbp_total_reply_count":0,"_bbp_voice_count":0,"_bbp_anonymous_reply_count":0,"_bbp_topic_count_hidden":0,"_bbp_reply_count_hidden":0,"_bbp_forum_subforum_count":0,"footnotes":""},"categories":[12,5],"tags":[],"class_list":["post-5018","post","type-post","status-publish","format-standard","has-post-thumbnail","hentry","category-5e-i-6e","category-primaria"],"post_mailing_queue_ids":[],"_links":{"self":[{"href":"https:\/\/agora.xtec.cat\/escferreriguardiagranollers\/wp-json\/wp\/v2\/posts\/5018","targetHints":{"allow":["GET"]}}],"collection":[{"href":"https:\/\/agora.xtec.cat\/escferreriguardiagranollers\/wp-json\/wp\/v2\/posts"}],"about":[{"href":"https:\/\/agora.xtec.cat\/escferreriguardiagranollers\/wp-json\/wp\/v2\/types\/post"}],"author":[{"embeddable":true,"href":"https:\/\/agora.xtec.cat\/escferreriguardiagranollers\/wp-json\/wp\/v2\/users\/8"}],"replies":[{"embeddable":true,"href":"https:\/\/agora.xtec.cat\/escferreriguardiagranollers\/wp-json\/wp\/v2\/comments?post=5018"}],"version-history":[{"count":1,"href":"https:\/\/agora.xtec.cat\/escferreriguardiagranollers\/wp-json\/wp\/v2\/posts\/5018\/revisions"}],"predecessor-version":[{"id":5023,"href":"https:\/\/agora.xtec.cat\/escferreriguardiagranollers\/wp-json\/wp\/v2\/posts\/5018\/revisions\/5023"}],"wp:featuredmedia":[{"embeddable":true,"href":"https:\/\/agora.xtec.cat\/escferreriguardiagranollers\/wp-json\/wp\/v2\/media\/5019"}],"wp:attachment":[{"href":"https:\/\/agora.xtec.cat\/escferreriguardiagranollers\/wp-json\/wp\/v2\/media?parent=5018"}],"wp:term":[{"taxonomy":"category","embeddable":true,"href":"https:\/\/agora.xtec.cat\/escferreriguardiagranollers\/wp-json\/wp\/v2\/categories?post=5018"},{"taxonomy":"post_tag","embeddable":true,"href":"https:\/\/agora.xtec.cat\/escferreriguardiagranollers\/wp-json\/wp\/v2\/tags?post=5018"}],"curies":[{"name":"wp","href":"https:\/\/api.w.org\/{rel}","templated":true}]}}