{"id":4934,"date":"2022-02-27T11:47:04","date_gmt":"2022-02-27T10:47:04","guid":{"rendered":"https:\/\/agora.xtec.cat\/escferreriguardiagranollers\/?p=4934"},"modified":"2022-06-09T16:40:02","modified_gmt":"2022-06-09T14:40:02","slug":"carnestoltes-2022","status":"publish","type":"post","link":"https:\/\/agora.xtec.cat\/escferreriguardiagranollers\/general\/carnestoltes-2022\/","title":{"rendered":"Carnestoltes 2022"},"content":{"rendered":"<h5>Aquesta setmana hem celebrat el carnestoltes a l&#8217;escola.<\/h5>\n<h5>Ha sigut la setmana de la disbauxa, seguint les consignes de la cient\u00edfica esbojarrada.<\/h5>\n<p><strong><span style=\"color: #800080;\">Dilluns vam venir amb el cabell esvalotat i despentinat, com fan els cient\u00edfics quan estan molt ocupats&#8230; Quina fila, per\u00f2 est\u00e0vem tots de foto!<\/span> <\/strong><\/p>\n<p><a href=\"https:\/\/agora.xtec.cat\/escferreriguardiagranollers\/wp-content\/uploads\/usu988\/2022\/02\/IMG_6403.jpeg\"><img loading=\"lazy\" decoding=\"async\" class=\"alignleft size-medium wp-image-4938\" src=\"https:\/\/agora.xtec.cat\/escferreriguardiagranollers\/wp-content\/uploads\/usu988\/2022\/02\/IMG_6403-300x225.jpeg\" alt=\"\" width=\"300\" height=\"225\" srcset=\"https:\/\/agora.xtec.cat\/escferreriguardiagranollers\/wp-content\/uploads\/usu988\/2022\/02\/IMG_6403-300x225.jpeg 300w, https:\/\/agora.xtec.cat\/escferreriguardiagranollers\/wp-content\/uploads\/usu988\/2022\/02\/IMG_6403-1024x768.jpeg 1024w, https:\/\/agora.xtec.cat\/escferreriguardiagranollers\/wp-content\/uploads\/usu988\/2022\/02\/IMG_6403-768x576.jpeg 768w, https:\/\/agora.xtec.cat\/escferreriguardiagranollers\/wp-content\/uploads\/usu988\/2022\/02\/IMG_6403-1536x1152.jpeg 1536w, https:\/\/agora.xtec.cat\/escferreriguardiagranollers\/wp-content\/uploads\/usu988\/2022\/02\/IMG_6403-200x150.jpeg 200w, https:\/\/agora.xtec.cat\/escferreriguardiagranollers\/wp-content\/uploads\/usu988\/2022\/02\/IMG_6403.jpeg 1984w\" sizes=\"auto, (max-width: 300px) 100vw, 300px\" \/><\/a><a href=\"https:\/\/agora.xtec.cat\/escferreriguardiagranollers\/wp-content\/uploads\/usu988\/2022\/02\/30a3fa99-a40d-4377-aa39-3e6e35113902.jpg\"><img loading=\"lazy\" decoding=\"async\" class=\"alignleft wp-image-4937\" src=\"https:\/\/agora.xtec.cat\/escferreriguardiagranollers\/wp-content\/uploads\/usu988\/2022\/02\/30a3fa99-a40d-4377-aa39-3e6e35113902-300x225.jpg\" alt=\"\" width=\"296\" height=\"222\" srcset=\"https:\/\/agora.xtec.cat\/escferreriguardiagranollers\/wp-content\/uploads\/usu988\/2022\/02\/30a3fa99-a40d-4377-aa39-3e6e35113902-300x225.jpg 300w, https:\/\/agora.xtec.cat\/escferreriguardiagranollers\/wp-content\/uploads\/usu988\/2022\/02\/30a3fa99-a40d-4377-aa39-3e6e35113902-768x576.jpg 768w, https:\/\/agora.xtec.cat\/escferreriguardiagranollers\/wp-content\/uploads\/usu988\/2022\/02\/30a3fa99-a40d-4377-aa39-3e6e35113902-200x150.jpg 200w, https:\/\/agora.xtec.cat\/escferreriguardiagranollers\/wp-content\/uploads\/usu988\/2022\/02\/30a3fa99-a40d-4377-aa39-3e6e35113902.jpg 945w\" sizes=\"auto, (max-width: 296px) 100vw, 296px\" \/><\/a><a href=\"https:\/\/agora.xtec.cat\/escferreriguardiagranollers\/wp-content\/uploads\/usu988\/2022\/02\/IMG_6404.jpeg\"><img loading=\"lazy\" decoding=\"async\" class=\"alignleft size-medium wp-image-4939\" src=\"https:\/\/agora.xtec.cat\/escferreriguardiagranollers\/wp-content\/uploads\/usu988\/2022\/02\/IMG_6404-225x300.jpeg\" alt=\"\" width=\"225\" height=\"300\" srcset=\"https:\/\/agora.xtec.cat\/escferreriguardiagranollers\/wp-content\/uploads\/usu988\/2022\/02\/IMG_6404-225x300.jpeg 225w, https:\/\/agora.xtec.cat\/escferreriguardiagranollers\/wp-content\/uploads\/usu988\/2022\/02\/IMG_6404-768x1024.jpeg 768w, https:\/\/agora.xtec.cat\/escferreriguardiagranollers\/wp-content\/uploads\/usu988\/2022\/02\/IMG_6404-1152x1536.jpeg 1152w, https:\/\/agora.xtec.cat\/escferreriguardiagranollers\/wp-content\/uploads\/usu988\/2022\/02\/IMG_6404.jpeg 1488w\" sizes=\"auto, (max-width: 225px) 100vw, 225px\" \/><\/a><\/p>\n<p>&nbsp;<\/p>\n<p>&nbsp;<\/p>\n<p>&nbsp;<\/p>\n<p>&nbsp;<\/p>\n<p>&nbsp;<\/p>\n<p>&nbsp;<\/p>\n<p>&nbsp;<\/p>\n<p><strong><span style=\"color: #00ccff;\">Dimarts ens vam maquillar amb detalls m\u00e0gics, mireu mireu les nostres creacions!<\/span> <\/strong><\/p>\n<p><a href=\"https:\/\/agora.xtec.cat\/escferreriguardiagranollers\/wp-content\/uploads\/usu988\/2022\/02\/IMG-6415.jpg\"><img loading=\"lazy\" decoding=\"async\" class=\"alignleft size-medium wp-image-4945\" src=\"https:\/\/agora.xtec.cat\/escferreriguardiagranollers\/wp-content\/uploads\/usu988\/2022\/02\/IMG-6415-300x225.jpg\" alt=\"\" width=\"300\" height=\"225\" srcset=\"https:\/\/agora.xtec.cat\/escferreriguardiagranollers\/wp-content\/uploads\/usu988\/2022\/02\/IMG-6415-300x225.jpg 300w, https:\/\/agora.xtec.cat\/escferreriguardiagranollers\/wp-content\/uploads\/usu988\/2022\/02\/IMG-6415-1024x768.jpg 1024w, https:\/\/agora.xtec.cat\/escferreriguardiagranollers\/wp-content\/uploads\/usu988\/2022\/02\/IMG-6415-768x576.jpg 768w, https:\/\/agora.xtec.cat\/escferreriguardiagranollers\/wp-content\/uploads\/usu988\/2022\/02\/IMG-6415-1536x1152.jpg 1536w, https:\/\/agora.xtec.cat\/escferreriguardiagranollers\/wp-content\/uploads\/usu988\/2022\/02\/IMG-6415-2048x1536.jpg 2048w, https:\/\/agora.xtec.cat\/escferreriguardiagranollers\/wp-content\/uploads\/usu988\/2022\/02\/IMG-6415-200x150.jpg 200w\" sizes=\"auto, (max-width: 300px) 100vw, 300px\" \/><\/a><a href=\"https:\/\/agora.xtec.cat\/escferreriguardiagranollers\/wp-content\/uploads\/usu988\/2022\/02\/IMG-6417-scaled.jpg\"><img loading=\"lazy\" decoding=\"async\" class=\"alignleft size-medium wp-image-4944\" src=\"https:\/\/agora.xtec.cat\/escferreriguardiagranollers\/wp-content\/uploads\/usu988\/2022\/02\/IMG-6417-300x225.jpg\" alt=\"\" width=\"300\" height=\"225\" srcset=\"https:\/\/agora.xtec.cat\/escferreriguardiagranollers\/wp-content\/uploads\/usu988\/2022\/02\/IMG-6417-300x225.jpg 300w, https:\/\/agora.xtec.cat\/escferreriguardiagranollers\/wp-content\/uploads\/usu988\/2022\/02\/IMG-6417-1024x768.jpg 1024w, https:\/\/agora.xtec.cat\/escferreriguardiagranollers\/wp-content\/uploads\/usu988\/2022\/02\/IMG-6417-768x576.jpg 768w, https:\/\/agora.xtec.cat\/escferreriguardiagranollers\/wp-content\/uploads\/usu988\/2022\/02\/IMG-6417-1536x1152.jpg 1536w, https:\/\/agora.xtec.cat\/escferreriguardiagranollers\/wp-content\/uploads\/usu988\/2022\/02\/IMG-6417-2048x1536.jpg 2048w, https:\/\/agora.xtec.cat\/escferreriguardiagranollers\/wp-content\/uploads\/usu988\/2022\/02\/IMG-6417-200x150.jpg 200w\" sizes=\"auto, (max-width: 300px) 100vw, 300px\" \/><\/a><\/p>\n<p>&nbsp;<\/p>\n<p>&nbsp;<\/p>\n<p>&nbsp;<\/p>\n<p>&nbsp;<\/p>\n<p>&nbsp;<\/p>\n<p><a href=\"https:\/\/agora.xtec.cat\/escferreriguardiagranollers\/wp-content\/uploads\/usu988\/2022\/02\/IMG-6414.jpg\"><img loading=\"lazy\" decoding=\"async\" class=\"alignleft size-medium wp-image-4943\" src=\"https:\/\/agora.xtec.cat\/escferreriguardiagranollers\/wp-content\/uploads\/usu988\/2022\/02\/IMG-6414-300x225.jpg\" alt=\"\" width=\"300\" height=\"225\" srcset=\"https:\/\/agora.xtec.cat\/escferreriguardiagranollers\/wp-content\/uploads\/usu988\/2022\/02\/IMG-6414-300x225.jpg 300w, https:\/\/agora.xtec.cat\/escferreriguardiagranollers\/wp-content\/uploads\/usu988\/2022\/02\/IMG-6414-1024x768.jpg 1024w, https:\/\/agora.xtec.cat\/escferreriguardiagranollers\/wp-content\/uploads\/usu988\/2022\/02\/IMG-6414-768x576.jpg 768w, https:\/\/agora.xtec.cat\/escferreriguardiagranollers\/wp-content\/uploads\/usu988\/2022\/02\/IMG-6414-1536x1152.jpg 1536w, https:\/\/agora.xtec.cat\/escferreriguardiagranollers\/wp-content\/uploads\/usu988\/2022\/02\/IMG-6414-2048x1536.jpg 2048w, https:\/\/agora.xtec.cat\/escferreriguardiagranollers\/wp-content\/uploads\/usu988\/2022\/02\/IMG-6414-200x150.jpg 200w\" sizes=\"auto, (max-width: 300px) 100vw, 300px\" \/><\/a><a href=\"https:\/\/agora.xtec.cat\/escferreriguardiagranollers\/wp-content\/uploads\/usu988\/2022\/02\/762c2c71-9c50-4641-a7b9-9704ac4ec751.jpg\"><img loading=\"lazy\" decoding=\"async\" class=\"alignleft size-medium wp-image-4946\" src=\"https:\/\/agora.xtec.cat\/escferreriguardiagranollers\/wp-content\/uploads\/usu988\/2022\/02\/762c2c71-9c50-4641-a7b9-9704ac4ec751-300x225.jpg\" alt=\"\" width=\"300\" height=\"225\" srcset=\"https:\/\/agora.xtec.cat\/escferreriguardiagranollers\/wp-content\/uploads\/usu988\/2022\/02\/762c2c71-9c50-4641-a7b9-9704ac4ec751-300x225.jpg 300w, https:\/\/agora.xtec.cat\/escferreriguardiagranollers\/wp-content\/uploads\/usu988\/2022\/02\/762c2c71-9c50-4641-a7b9-9704ac4ec751-1024x768.jpg 1024w, https:\/\/agora.xtec.cat\/escferreriguardiagranollers\/wp-content\/uploads\/usu988\/2022\/02\/762c2c71-9c50-4641-a7b9-9704ac4ec751-768x576.jpg 768w, https:\/\/agora.xtec.cat\/escferreriguardiagranollers\/wp-content\/uploads\/usu988\/2022\/02\/762c2c71-9c50-4641-a7b9-9704ac4ec751-1536x1152.jpg 1536w, https:\/\/agora.xtec.cat\/escferreriguardiagranollers\/wp-content\/uploads\/usu988\/2022\/02\/762c2c71-9c50-4641-a7b9-9704ac4ec751-200x150.jpg 200w, https:\/\/agora.xtec.cat\/escferreriguardiagranollers\/wp-content\/uploads\/usu988\/2022\/02\/762c2c71-9c50-4641-a7b9-9704ac4ec751.jpg 1600w\" sizes=\"auto, (max-width: 300px) 100vw, 300px\" \/><\/a><\/p>\n<p>&nbsp;<\/p>\n<p>&nbsp;<\/p>\n<p>&nbsp;<\/p>\n<p>&nbsp;<\/p>\n<p>&nbsp;<\/p>\n<p>&nbsp;<\/p>\n<p><span style=\"color: #ff6600;\"><strong>Dimecres no ens va caldre massa estona per vestir-nos, vam saltar del llit i directe a l&#8217;escola amb pijama!! Els bons cient\u00edfics sovint no tenen temps per arreglar-se! <\/strong><\/span><\/p>\n<p><span style=\"color: #000000;\"><a href=\"https:\/\/agora.xtec.cat\/escferreriguardiagranollers\/wp-content\/uploads\/usu988\/2022\/02\/fbffcfc2-7b82-4b19-892a-c3b58336b86d.jpg\"><img loading=\"lazy\" decoding=\"async\" class=\"alignleft size-medium wp-image-4952\" src=\"https:\/\/agora.xtec.cat\/escferreriguardiagranollers\/wp-content\/uploads\/usu988\/2022\/02\/fbffcfc2-7b82-4b19-892a-c3b58336b86d-300x187.jpg\" alt=\"\" width=\"300\" height=\"187\" srcset=\"https:\/\/agora.xtec.cat\/escferreriguardiagranollers\/wp-content\/uploads\/usu988\/2022\/02\/fbffcfc2-7b82-4b19-892a-c3b58336b86d-300x187.jpg 300w, https:\/\/agora.xtec.cat\/escferreriguardiagranollers\/wp-content\/uploads\/usu988\/2022\/02\/fbffcfc2-7b82-4b19-892a-c3b58336b86d-1024x637.jpg 1024w, https:\/\/agora.xtec.cat\/escferreriguardiagranollers\/wp-content\/uploads\/usu988\/2022\/02\/fbffcfc2-7b82-4b19-892a-c3b58336b86d-768x478.jpg 768w, https:\/\/agora.xtec.cat\/escferreriguardiagranollers\/wp-content\/uploads\/usu988\/2022\/02\/fbffcfc2-7b82-4b19-892a-c3b58336b86d-1536x955.jpg 1536w, https:\/\/agora.xtec.cat\/escferreriguardiagranollers\/wp-content\/uploads\/usu988\/2022\/02\/fbffcfc2-7b82-4b19-892a-c3b58336b86d.jpg 1600w\" sizes=\"auto, (max-width: 300px) 100vw, 300px\" \/><\/a><\/span><a href=\"https:\/\/agora.xtec.cat\/escferreriguardiagranollers\/wp-content\/uploads\/usu988\/2022\/02\/IMG-6424.jpg\"><img loading=\"lazy\" decoding=\"async\" class=\"alignleft size-medium wp-image-4953\" src=\"https:\/\/agora.xtec.cat\/escferreriguardiagranollers\/wp-content\/uploads\/usu988\/2022\/02\/IMG-6424-300x225.jpg\" alt=\"\" width=\"300\" height=\"225\" srcset=\"https:\/\/agora.xtec.cat\/escferreriguardiagranollers\/wp-content\/uploads\/usu988\/2022\/02\/IMG-6424-300x225.jpg 300w, https:\/\/agora.xtec.cat\/escferreriguardiagranollers\/wp-content\/uploads\/usu988\/2022\/02\/IMG-6424-1024x768.jpg 1024w, https:\/\/agora.xtec.cat\/escferreriguardiagranollers\/wp-content\/uploads\/usu988\/2022\/02\/IMG-6424-768x576.jpg 768w, https:\/\/agora.xtec.cat\/escferreriguardiagranollers\/wp-content\/uploads\/usu988\/2022\/02\/IMG-6424-1536x1152.jpg 1536w, https:\/\/agora.xtec.cat\/escferreriguardiagranollers\/wp-content\/uploads\/usu988\/2022\/02\/IMG-6424-2048x1536.jpg 2048w, https:\/\/agora.xtec.cat\/escferreriguardiagranollers\/wp-content\/uploads\/usu988\/2022\/02\/IMG-6424-200x150.jpg 200w\" sizes=\"auto, (max-width: 300px) 100vw, 300px\" \/><\/a><\/p>\n<p>&nbsp;<\/p>\n<p>&nbsp;<\/p>\n<p>&nbsp;<\/p>\n<p>&nbsp;<\/p>\n<p>&nbsp;<\/p>\n<p><strong><span style=\"color: #339966;\">Dijous vam arribar i a cadasc\u00fa un encanteri el va transformar. L&#8217;escola semblava el m\u00f3n al rev\u00e9s! Uns amb el cabell pintat, d&#8217;altres amb la roba del rev\u00e9s, sabates diferents, un mitj\u00f3 de cada, convertits en animals, d&#8217;altres amb cua o banyes, personatges estranys&#8230;\u00a0 Quin dia! A m\u00e9s a m\u00e9s,\u00a0 a<\/span><\/strong><span style=\"color: #ff00ff;\"><strong><span style=\"color: #339966;\">profitant que era dijous gras vam sortir al parc que tenim prop de l&#8217;escola a celebrar aquest dia especial, a 24h de la gran festa de carnestoltes. Vam ben esmorzar i jugar amb tots els companys i companyes, gaudint d&#8217;un dia radiant de sol que ens va recordar que la primavera \u00e9s a tocar!<\/span> <\/strong><\/span><\/p>\n<p><a href=\"https:\/\/agora.xtec.cat\/escferreriguardiagranollers\/wp-content\/uploads\/usu988\/2022\/02\/IMG_6428.jpeg\"><img loading=\"lazy\" decoding=\"async\" class=\"alignleft size-medium wp-image-4958\" src=\"https:\/\/agora.xtec.cat\/escferreriguardiagranollers\/wp-content\/uploads\/usu988\/2022\/02\/IMG_6428-225x300.jpeg\" alt=\"\" width=\"225\" height=\"300\" srcset=\"https:\/\/agora.xtec.cat\/escferreriguardiagranollers\/wp-content\/uploads\/usu988\/2022\/02\/IMG_6428-225x300.jpeg 225w, https:\/\/agora.xtec.cat\/escferreriguardiagranollers\/wp-content\/uploads\/usu988\/2022\/02\/IMG_6428-768x1024.jpeg 768w, https:\/\/agora.xtec.cat\/escferreriguardiagranollers\/wp-content\/uploads\/usu988\/2022\/02\/IMG_6428-1152x1536.jpeg 1152w, https:\/\/agora.xtec.cat\/escferreriguardiagranollers\/wp-content\/uploads\/usu988\/2022\/02\/IMG_6428.jpeg 1488w\" sizes=\"auto, (max-width: 225px) 100vw, 225px\" \/><\/a> <a href=\"https:\/\/agora.xtec.cat\/escferreriguardiagranollers\/wp-content\/uploads\/usu988\/2022\/02\/bc9847f7-2c94-4933-81e7-d0b2396a1a12.jpg\"><img loading=\"lazy\" decoding=\"async\" class=\"alignleft size-medium wp-image-4959\" src=\"https:\/\/agora.xtec.cat\/escferreriguardiagranollers\/wp-content\/uploads\/usu988\/2022\/02\/bc9847f7-2c94-4933-81e7-d0b2396a1a12-300x225.jpg\" alt=\"\" width=\"300\" height=\"225\" srcset=\"https:\/\/agora.xtec.cat\/escferreriguardiagranollers\/wp-content\/uploads\/usu988\/2022\/02\/bc9847f7-2c94-4933-81e7-d0b2396a1a12-300x225.jpg 300w, https:\/\/agora.xtec.cat\/escferreriguardiagranollers\/wp-content\/uploads\/usu988\/2022\/02\/bc9847f7-2c94-4933-81e7-d0b2396a1a12-768x576.jpg 768w, https:\/\/agora.xtec.cat\/escferreriguardiagranollers\/wp-content\/uploads\/usu988\/2022\/02\/bc9847f7-2c94-4933-81e7-d0b2396a1a12-200x150.jpg 200w, https:\/\/agora.xtec.cat\/escferreriguardiagranollers\/wp-content\/uploads\/usu988\/2022\/02\/bc9847f7-2c94-4933-81e7-d0b2396a1a12.jpg 1024w\" sizes=\"auto, (max-width: 300px) 100vw, 300px\" \/><\/a><\/p>\n<p>&nbsp;<\/p>\n<p>&nbsp;<\/p>\n<p>&nbsp;<\/p>\n<p>&nbsp;<\/p>\n<p>&nbsp;<\/p>\n<p>&nbsp;<\/p>\n<p><a href=\"https:\/\/agora.xtec.cat\/escferreriguardiagranollers\/wp-content\/uploads\/usu988\/2022\/02\/IMG_6429.jpeg\"><img loading=\"lazy\" decoding=\"async\" class=\"alignleft size-medium wp-image-4962\" src=\"https:\/\/agora.xtec.cat\/escferreriguardiagranollers\/wp-content\/uploads\/usu988\/2022\/02\/IMG_6429-300x225.jpeg\" alt=\"\" width=\"300\" height=\"225\" srcset=\"https:\/\/agora.xtec.cat\/escferreriguardiagranollers\/wp-content\/uploads\/usu988\/2022\/02\/IMG_6429-300x225.jpeg 300w, https:\/\/agora.xtec.cat\/escferreriguardiagranollers\/wp-content\/uploads\/usu988\/2022\/02\/IMG_6429-1024x768.jpeg 1024w, https:\/\/agora.xtec.cat\/escferreriguardiagranollers\/wp-content\/uploads\/usu988\/2022\/02\/IMG_6429-768x576.jpeg 768w, https:\/\/agora.xtec.cat\/escferreriguardiagranollers\/wp-content\/uploads\/usu988\/2022\/02\/IMG_6429-1536x1152.jpeg 1536w, https:\/\/agora.xtec.cat\/escferreriguardiagranollers\/wp-content\/uploads\/usu988\/2022\/02\/IMG_6429-2048x1536.jpeg 2048w, https:\/\/agora.xtec.cat\/escferreriguardiagranollers\/wp-content\/uploads\/usu988\/2022\/02\/IMG_6429-200x150.jpeg 200w\" sizes=\"auto, (max-width: 300px) 100vw, 300px\" \/><\/a><a href=\"https:\/\/agora.xtec.cat\/escferreriguardiagranollers\/wp-content\/uploads\/usu988\/2022\/02\/d8eeaabb-9ff5-49b6-a6d7-f64a802e66a1.jpg\"><img loading=\"lazy\" decoding=\"async\" class=\"alignleft size-medium wp-image-4963\" src=\"https:\/\/agora.xtec.cat\/escferreriguardiagranollers\/wp-content\/uploads\/usu988\/2022\/02\/d8eeaabb-9ff5-49b6-a6d7-f64a802e66a1-300x225.jpg\" alt=\"\" width=\"300\" height=\"225\" srcset=\"https:\/\/agora.xtec.cat\/escferreriguardiagranollers\/wp-content\/uploads\/usu988\/2022\/02\/d8eeaabb-9ff5-49b6-a6d7-f64a802e66a1-300x225.jpg 300w, https:\/\/agora.xtec.cat\/escferreriguardiagranollers\/wp-content\/uploads\/usu988\/2022\/02\/d8eeaabb-9ff5-49b6-a6d7-f64a802e66a1-768x576.jpg 768w, https:\/\/agora.xtec.cat\/escferreriguardiagranollers\/wp-content\/uploads\/usu988\/2022\/02\/d8eeaabb-9ff5-49b6-a6d7-f64a802e66a1-200x150.jpg 200w, https:\/\/agora.xtec.cat\/escferreriguardiagranollers\/wp-content\/uploads\/usu988\/2022\/02\/d8eeaabb-9ff5-49b6-a6d7-f64a802e66a1.jpg 1024w\" sizes=\"auto, (max-width: 300px) 100vw, 300px\" \/><\/a><\/p>\n<p>&nbsp;<\/p>\n<p>&nbsp;<\/p>\n<p>&nbsp;<\/p>\n<p>&nbsp;<\/p>\n<p>&nbsp;<\/p>\n<p><a href=\"https:\/\/agora.xtec.cat\/escferreriguardiagranollers\/wp-content\/uploads\/usu988\/2022\/02\/IMG_6426.jpeg\"><img loading=\"lazy\" decoding=\"async\" class=\"alignleft size-medium wp-image-4961\" src=\"https:\/\/agora.xtec.cat\/escferreriguardiagranollers\/wp-content\/uploads\/usu988\/2022\/02\/IMG_6426-300x225.jpeg\" alt=\"\" width=\"300\" height=\"225\" srcset=\"https:\/\/agora.xtec.cat\/escferreriguardiagranollers\/wp-content\/uploads\/usu988\/2022\/02\/IMG_6426-300x225.jpeg 300w, https:\/\/agora.xtec.cat\/escferreriguardiagranollers\/wp-content\/uploads\/usu988\/2022\/02\/IMG_6426-1024x768.jpeg 1024w, https:\/\/agora.xtec.cat\/escferreriguardiagranollers\/wp-content\/uploads\/usu988\/2022\/02\/IMG_6426-768x576.jpeg 768w, https:\/\/agora.xtec.cat\/escferreriguardiagranollers\/wp-content\/uploads\/usu988\/2022\/02\/IMG_6426-1536x1152.jpeg 1536w, https:\/\/agora.xtec.cat\/escferreriguardiagranollers\/wp-content\/uploads\/usu988\/2022\/02\/IMG_6426-2048x1536.jpeg 2048w, https:\/\/agora.xtec.cat\/escferreriguardiagranollers\/wp-content\/uploads\/usu988\/2022\/02\/IMG_6426-200x150.jpeg 200w\" sizes=\"auto, (max-width: 300px) 100vw, 300px\" \/><\/a><a href=\"https:\/\/agora.xtec.cat\/escferreriguardiagranollers\/wp-content\/uploads\/usu988\/2022\/02\/IMG_6427.jpeg\"><img loading=\"lazy\" decoding=\"async\" class=\"alignleft size-medium wp-image-4960\" src=\"https:\/\/agora.xtec.cat\/escferreriguardiagranollers\/wp-content\/uploads\/usu988\/2022\/02\/IMG_6427-300x225.jpeg\" alt=\"\" width=\"300\" height=\"225\" srcset=\"https:\/\/agora.xtec.cat\/escferreriguardiagranollers\/wp-content\/uploads\/usu988\/2022\/02\/IMG_6427-300x225.jpeg 300w, https:\/\/agora.xtec.cat\/escferreriguardiagranollers\/wp-content\/uploads\/usu988\/2022\/02\/IMG_6427-1024x768.jpeg 1024w, https:\/\/agora.xtec.cat\/escferreriguardiagranollers\/wp-content\/uploads\/usu988\/2022\/02\/IMG_6427-768x576.jpeg 768w, https:\/\/agora.xtec.cat\/escferreriguardiagranollers\/wp-content\/uploads\/usu988\/2022\/02\/IMG_6427-1536x1152.jpeg 1536w, https:\/\/agora.xtec.cat\/escferreriguardiagranollers\/wp-content\/uploads\/usu988\/2022\/02\/IMG_6427-2048x1536.jpeg 2048w, https:\/\/agora.xtec.cat\/escferreriguardiagranollers\/wp-content\/uploads\/usu988\/2022\/02\/IMG_6427-200x150.jpeg 200w\" sizes=\"auto, (max-width: 300px) 100vw, 300px\" \/><\/a><\/p>\n<p>&nbsp;<\/p>\n<p>&nbsp;<\/p>\n<p>&nbsp;<\/p>\n<p>&nbsp;<\/p>\n<p>&nbsp;<\/p>\n<p>&nbsp;<\/p>\n<p><strong><span style=\"color: #ff0000;\">Divendres al mat\u00ed amb un complement vam haver de venir.\u00a0 Una vareta m\u00e0gica o un element cient\u00edfic per evitar la penyora dels alumnes de 6\u00e8!<\/span> <\/strong><\/p>\n<p><strong><span style=\"color: #cc99ff;\">I finalment, divendres a la tarda vam celebrar la gran desfilada de Carnestoltes. Amb les nostres millors gales, disfressats al nostre gust, vam passejar-nos davant els companys i companyes gaudint del dia m\u00e9s divertit de l&#8217;any! Pirates, superherois, mags, follets, personatges fant\u00e0stics&#8230;\u00a0 Vam ballar al ritme de la m\u00fasica i el jurat ens va obsequiar amb uns premis molt merescuts!!\u00a0<\/span> <\/strong><\/p>\n<p>&nbsp;<\/p>\n<p><a href=\"https:\/\/agora.xtec.cat\/escferreriguardiagranollers\/wp-content\/uploads\/usu988\/2022\/02\/IMG_20220225_152131.jpg\"><img loading=\"lazy\" decoding=\"async\" class=\"alignleft wp-image-4969\" src=\"https:\/\/agora.xtec.cat\/escferreriguardiagranollers\/wp-content\/uploads\/usu988\/2022\/02\/IMG_20220225_152131-300x225.jpg\" alt=\"\" width=\"344\" height=\"258\" srcset=\"https:\/\/agora.xtec.cat\/escferreriguardiagranollers\/wp-content\/uploads\/usu988\/2022\/02\/IMG_20220225_152131-300x225.jpg 300w, https:\/\/agora.xtec.cat\/escferreriguardiagranollers\/wp-content\/uploads\/usu988\/2022\/02\/IMG_20220225_152131-1024x768.jpg 1024w, https:\/\/agora.xtec.cat\/escferreriguardiagranollers\/wp-content\/uploads\/usu988\/2022\/02\/IMG_20220225_152131-768x576.jpg 768w, https:\/\/agora.xtec.cat\/escferreriguardiagranollers\/wp-content\/uploads\/usu988\/2022\/02\/IMG_20220225_152131-1536x1152.jpg 1536w, https:\/\/agora.xtec.cat\/escferreriguardiagranollers\/wp-content\/uploads\/usu988\/2022\/02\/IMG_20220225_152131-200x150.jpg 200w, https:\/\/agora.xtec.cat\/escferreriguardiagranollers\/wp-content\/uploads\/usu988\/2022\/02\/IMG_20220225_152131.jpg 1672w\" sizes=\"auto, (max-width: 344px) 100vw, 344px\" \/><\/a> <a href=\"https:\/\/agora.xtec.cat\/escferreriguardiagranollers\/wp-content\/uploads\/usu988\/2022\/02\/IMG_20220225_152415.jpg\"><img loading=\"lazy\" decoding=\"async\" class=\"alignleft wp-image-4970\" src=\"https:\/\/agora.xtec.cat\/escferreriguardiagranollers\/wp-content\/uploads\/usu988\/2022\/02\/IMG_20220225_152415-300x225.jpg\" alt=\"\" width=\"344\" height=\"258\" srcset=\"https:\/\/agora.xtec.cat\/escferreriguardiagranollers\/wp-content\/uploads\/usu988\/2022\/02\/IMG_20220225_152415-300x225.jpg 300w, https:\/\/agora.xtec.cat\/escferreriguardiagranollers\/wp-content\/uploads\/usu988\/2022\/02\/IMG_20220225_152415-1024x768.jpg 1024w, https:\/\/agora.xtec.cat\/escferreriguardiagranollers\/wp-content\/uploads\/usu988\/2022\/02\/IMG_20220225_152415-768x576.jpg 768w, https:\/\/agora.xtec.cat\/escferreriguardiagranollers\/wp-content\/uploads\/usu988\/2022\/02\/IMG_20220225_152415-1536x1152.jpg 1536w, https:\/\/agora.xtec.cat\/escferreriguardiagranollers\/wp-content\/uploads\/usu988\/2022\/02\/IMG_20220225_152415-200x150.jpg 200w, https:\/\/agora.xtec.cat\/escferreriguardiagranollers\/wp-content\/uploads\/usu988\/2022\/02\/IMG_20220225_152415.jpg 1672w\" sizes=\"auto, (max-width: 344px) 100vw, 344px\" \/><\/a><\/p>\n<p>&nbsp;<\/p>\n<p>&nbsp;<\/p>\n<h3><\/h3>\n<h3><\/h3>\n<h3><\/h3>\n<h3><\/h3>\n<h3><\/h3>\n<h3><\/h3>\n<h3><strong><span style=\"color: #db42c9;\">&#8220;L&#8217;\u00fanic deure \u00e9s el deure de divertir-se terriblement&#8221;<\/span> <\/strong><\/h3>\n<h3><strong>Oscar<\/strong> Wilde<\/h3>\n<p>&nbsp;<\/p>\n<p>&nbsp;<\/p>\n<p>&nbsp;<\/p>\n<p>&nbsp;<\/p>\n<p>&nbsp;<\/p>\n","protected":false},"excerpt":{"rendered":"<p>Aquesta setmana hem celebrat el carnestoltes a l&#8217;escola.<br \/>\nHa sigut la setmana de la disbauxa, seguint les consignes de la cient\u00edfica esbojarrada.<br \/>\nDilluns vam venir amb el cabell esvalotat i despentinat, com fan els cient\u00edfics quan estan molt ocupats&#8230; Quina fila, per\u00f2 est\u00e0vem tots de foto!<br \/>\n<a&hellip;  <a href=\"https:\/\/agora.xtec.cat\/escferreriguardiagranollers\/general\/carnestoltes-2022\/\" title=\"Read Carnestoltes 2022\">Llegeix m\u00e9s\u00bb<\/a><\/p>\n","protected":false},"author":7,"featured_media":4935,"comment_status":"open","ping_status":"closed","sticky":false,"template":"","format":"standard","meta":{"_bbp_topic_count":0,"_bbp_reply_count":0,"_bbp_total_topic_count":0,"_bbp_total_reply_count":0,"_bbp_voice_count":0,"_bbp_anonymous_reply_count":0,"_bbp_topic_count_hidden":0,"_bbp_reply_count_hidden":0,"_bbp_forum_subforum_count":0,"footnotes":""},"categories":[74,1,5],"tags":[],"class_list":["post-4934","post","type-post","status-publish","format-standard","has-post-thumbnail","hentry","category-3r-4t","category-general","category-primaria"],"post_mailing_queue_ids":[],"_links":{"self":[{"href":"https:\/\/agora.xtec.cat\/escferreriguardiagranollers\/wp-json\/wp\/v2\/posts\/4934","targetHints":{"allow":["GET"]}}],"collection":[{"href":"https:\/\/agora.xtec.cat\/escferreriguardiagranollers\/wp-json\/wp\/v2\/posts"}],"about":[{"href":"https:\/\/agora.xtec.cat\/escferreriguardiagranollers\/wp-json\/wp\/v2\/types\/post"}],"author":[{"embeddable":true,"href":"https:\/\/agora.xtec.cat\/escferreriguardiagranollers\/wp-json\/wp\/v2\/users\/7"}],"replies":[{"embeddable":true,"href":"https:\/\/agora.xtec.cat\/escferreriguardiagranollers\/wp-json\/wp\/v2\/comments?post=4934"}],"version-history":[{"count":3,"href":"https:\/\/agora.xtec.cat\/escferreriguardiagranollers\/wp-json\/wp\/v2\/posts\/4934\/revisions"}],"predecessor-version":[{"id":5031,"href":"https:\/\/agora.xtec.cat\/escferreriguardiagranollers\/wp-json\/wp\/v2\/posts\/4934\/revisions\/5031"}],"wp:featuredmedia":[{"embeddable":true,"href":"https:\/\/agora.xtec.cat\/escferreriguardiagranollers\/wp-json\/wp\/v2\/media\/4935"}],"wp:attachment":[{"href":"https:\/\/agora.xtec.cat\/escferreriguardiagranollers\/wp-json\/wp\/v2\/media?parent=4934"}],"wp:term":[{"taxonomy":"category","embeddable":true,"href":"https:\/\/agora.xtec.cat\/escferreriguardiagranollers\/wp-json\/wp\/v2\/categories?post=4934"},{"taxonomy":"post_tag","embeddable":true,"href":"https:\/\/agora.xtec.cat\/escferreriguardiagranollers\/wp-json\/wp\/v2\/tags?post=4934"}],"curies":[{"name":"wp","href":"https:\/\/api.w.org\/{rel}","templated":true}]}}