{"id":4863,"date":"2021-12-08T13:23:17","date_gmt":"2021-12-08T12:23:17","guid":{"rendered":"https:\/\/agora.xtec.cat\/escferreriguardiagranollers\/?p=4863"},"modified":"2021-12-08T13:23:17","modified_gmt":"2021-12-08T12:23:17","slug":"sortida-de-tardor-a-gualba","status":"publish","type":"post","link":"https:\/\/agora.xtec.cat\/escferreriguardiagranollers\/general\/sortida-de-tardor-a-gualba\/","title":{"rendered":"Sortida de tardor a Gualba"},"content":{"rendered":"<p>Aquest primer trimestre els nens i nenes de la classe dels Lleons i les Lleones i els \u00d3ssos i les \u00d3sses Panda hem anat d&#8217;excursi\u00f3 al Parc Mediambiental de Gualba. All\u00e0 hem pogut gaudir dels colors de la natura quan \u00e9s la tardor. Hem anat recollint pistes per poder ajudar a en Tico, un eri\u00e7\u00f3 que ens va visitar a l&#8217;escola demanant que hi an\u00e9ssim a Gualba per ajudar-lo a trobar a la seva fam\u00edlia. Ens ho vam passar d&#8217;all\u00f2 m\u00e9s b\u00e9!!!<\/p>\n<p><a href=\"https:\/\/agora.xtec.cat\/escferreriguardiagranollers\/wp-content\/uploads\/usu988\/2021\/12\/IMG_20211119_111814-COLLAGE.jpg\"><img loading=\"lazy\" decoding=\"async\" class=\" wp-image-4864 aligncenter\" src=\"https:\/\/agora.xtec.cat\/escferreriguardiagranollers\/wp-content\/uploads\/usu988\/2021\/12\/IMG_20211119_111814-COLLAGE-300x300.jpg\" alt=\"\" width=\"525\" height=\"525\" srcset=\"https:\/\/agora.xtec.cat\/escferreriguardiagranollers\/wp-content\/uploads\/usu988\/2021\/12\/IMG_20211119_111814-COLLAGE-300x300.jpg 300w, https:\/\/agora.xtec.cat\/escferreriguardiagranollers\/wp-content\/uploads\/usu988\/2021\/12\/IMG_20211119_111814-COLLAGE-1024x1024.jpg 1024w, https:\/\/agora.xtec.cat\/escferreriguardiagranollers\/wp-content\/uploads\/usu988\/2021\/12\/IMG_20211119_111814-COLLAGE-150x150.jpg 150w, https:\/\/agora.xtec.cat\/escferreriguardiagranollers\/wp-content\/uploads\/usu988\/2021\/12\/IMG_20211119_111814-COLLAGE-768x768.jpg 768w, https:\/\/agora.xtec.cat\/escferreriguardiagranollers\/wp-content\/uploads\/usu988\/2021\/12\/IMG_20211119_111814-COLLAGE-1536x1536.jpg 1536w, https:\/\/agora.xtec.cat\/escferreriguardiagranollers\/wp-content\/uploads\/usu988\/2021\/12\/IMG_20211119_111814-COLLAGE.jpg 1880w\" sizes=\"auto, (max-width: 525px) 100vw, 525px\" \/><\/a><\/p>\n","protected":false},"excerpt":{"rendered":"<p>Aquest primer trimestre els nens i nenes de la classe dels Lleons i les Lleones i els \u00d3ssos i les \u00d3sses Panda hem anat d&#8217;excursi\u00f3 al Parc Mediambiental de Gualba. All\u00e0 hem pogut gaudir dels colors de la natura quan \u00e9s la tardor. Hem anat&hellip;  <a href=\"https:\/\/agora.xtec.cat\/escferreriguardiagranollers\/general\/sortida-de-tardor-a-gualba\/\" title=\"Read Sortida de tardor a Gualba\">Llegeix m\u00e9s\u00bb<\/a><\/p>\n","protected":false},"author":1,"featured_media":4717,"comment_status":"open","ping_status":"closed","sticky":false,"template":"","format":"standard","meta":{"_bbp_topic_count":0,"_bbp_reply_count":0,"_bbp_total_topic_count":0,"_bbp_total_reply_count":0,"_bbp_voice_count":0,"_bbp_anonymous_reply_count":0,"_bbp_topic_count_hidden":0,"_bbp_reply_count_hidden":0,"_bbp_forum_subforum_count":0,"footnotes":""},"categories":[1,2,8,9],"tags":[],"class_list":["post-4863","post","type-post","status-publish","format-standard","has-post-thumbnail","hentry","category-general","category-infantil","category-p4","category-p5"],"post_mailing_queue_ids":[],"_links":{"self":[{"href":"https:\/\/agora.xtec.cat\/escferreriguardiagranollers\/wp-json\/wp\/v2\/posts\/4863","targetHints":{"allow":["GET"]}}],"collection":[{"href":"https:\/\/agora.xtec.cat\/escferreriguardiagranollers\/wp-json\/wp\/v2\/posts"}],"about":[{"href":"https:\/\/agora.xtec.cat\/escferreriguardiagranollers\/wp-json\/wp\/v2\/types\/post"}],"author":[{"embeddable":true,"href":"https:\/\/agora.xtec.cat\/escferreriguardiagranollers\/wp-json\/wp\/v2\/users\/1"}],"replies":[{"embeddable":true,"href":"https:\/\/agora.xtec.cat\/escferreriguardiagranollers\/wp-json\/wp\/v2\/comments?post=4863"}],"version-history":[{"count":1,"href":"https:\/\/agora.xtec.cat\/escferreriguardiagranollers\/wp-json\/wp\/v2\/posts\/4863\/revisions"}],"predecessor-version":[{"id":4865,"href":"https:\/\/agora.xtec.cat\/escferreriguardiagranollers\/wp-json\/wp\/v2\/posts\/4863\/revisions\/4865"}],"wp:featuredmedia":[{"embeddable":true,"href":"https:\/\/agora.xtec.cat\/escferreriguardiagranollers\/wp-json\/wp\/v2\/media\/4717"}],"wp:attachment":[{"href":"https:\/\/agora.xtec.cat\/escferreriguardiagranollers\/wp-json\/wp\/v2\/media?parent=4863"}],"wp:term":[{"taxonomy":"category","embeddable":true,"href":"https:\/\/agora.xtec.cat\/escferreriguardiagranollers\/wp-json\/wp\/v2\/categories?post=4863"},{"taxonomy":"post_tag","embeddable":true,"href":"https:\/\/agora.xtec.cat\/escferreriguardiagranollers\/wp-json\/wp\/v2\/tags?post=4863"}],"curies":[{"name":"wp","href":"https:\/\/api.w.org\/{rel}","templated":true}]}}