{"id":4632,"date":"2021-06-25T17:40:14","date_gmt":"2021-06-25T15:40:14","guid":{"rendered":"http:\/\/agora.xtec.cat\/escferreriguardiagranollers\/?p=4632"},"modified":"2021-06-25T17:51:47","modified_gmt":"2021-06-25T15:51:47","slug":"vacances-destiu-2","status":"publish","type":"post","link":"https:\/\/agora.xtec.cat\/escferreriguardiagranollers\/general\/vacances-destiu-2\/","title":{"rendered":"VACANCES D&#8217;ESTIU!!"},"content":{"rendered":"<p>\u00daltima parada.<\/p>\n<p>Aqu\u00ed s&#8217;acaba aquest viatge, intens i especial que hem superat junts.<\/p>\n<p>Han sigut 10 mesos d&#8217;aprenentatges, viv\u00e8ncies, converses, riures i molts moments que quedaran per sempre amb nosaltres.<\/p>\n<p>Dir-vos que ha estat un aut\u00e8ntic plaer compartir el curs amb tots vosaltres, que ens quedem amb l&#8217;ess\u00e8ncia\u00a0 de cadasc\u00fa de vosaltres. Hem crescut plegats i s\u00e9 que no som els mateixos que vam comen\u00e7ar el curs el setembre de 2020, ja que un any com el que hem passat ens ha fet millors persones.<\/p>\n<p>Nom\u00e9s dir-vos que no deixeu mai de confiar en vosaltres, que tots teniu alguna cosa que us fa brillar. Ja heu vist i comprovat que a vegades la vida ens posa a prova per\u00f2 que som prou valents per superar-ho i alhora gaudir del trajecte, ja que sempre ens porta a un lloc millor.<\/p>\n<p>Gaudiu molt de l&#8217;estiu, del mar o la muntanya. I sobretot, dels que m\u00e9s estimeu, no us deixeu mai cap abra\u00e7ada pel cam\u00ed.<\/p>\n<p>Sempre sereu les nostres bombolles.<\/p>\n<p>A reveure pirates!<\/p>\n<p>Les capitanes de cicle mitj\u00e0<\/p>\n<p><a href=\"https:\/\/agora.xtec.cat\/escferreriguardiagranollers\/wp-content\/uploads\/usu988\/2021\/06\/CMA.jpg\"><img loading=\"lazy\" decoding=\"async\" class=\"alignleft wp-image-4633 size-medium\" title=\"CLASSE CMA\" src=\"https:\/\/agora.xtec.cat\/escferreriguardiagranollers\/wp-content\/uploads\/usu988\/2021\/06\/CMA-300x225.jpg\" alt=\"\" width=\"300\" height=\"225\" srcset=\"https:\/\/agora.xtec.cat\/escferreriguardiagranollers\/wp-content\/uploads\/usu988\/2021\/06\/CMA-300x225.jpg 300w, https:\/\/agora.xtec.cat\/escferreriguardiagranollers\/wp-content\/uploads\/usu988\/2021\/06\/CMA-768x576.jpg 768w, https:\/\/agora.xtec.cat\/escferreriguardiagranollers\/wp-content\/uploads\/usu988\/2021\/06\/CMA-1024x768.jpg 1024w, https:\/\/agora.xtec.cat\/escferreriguardiagranollers\/wp-content\/uploads\/usu988\/2021\/06\/CMA-200x150.jpg 200w, https:\/\/agora.xtec.cat\/escferreriguardiagranollers\/wp-content\/uploads\/usu988\/2021\/06\/CMA.jpg 1249w\" sizes=\"auto, (max-width: 300px) 100vw, 300px\" \/><\/a><a href=\"https:\/\/agora.xtec.cat\/escferreriguardiagranollers\/wp-content\/uploads\/usu988\/2021\/06\/CMB.jpg\"><img loading=\"lazy\" decoding=\"async\" class=\"size-medium wp-image-4634 alignleft\" src=\"https:\/\/agora.xtec.cat\/escferreriguardiagranollers\/wp-content\/uploads\/usu988\/2021\/06\/CMB-300x288.jpg\" alt=\"\" width=\"300\" height=\"288\" srcset=\"https:\/\/agora.xtec.cat\/escferreriguardiagranollers\/wp-content\/uploads\/usu988\/2021\/06\/CMB-300x288.jpg 300w, https:\/\/agora.xtec.cat\/escferreriguardiagranollers\/wp-content\/uploads\/usu988\/2021\/06\/CMB-768x736.jpg 768w, https:\/\/agora.xtec.cat\/escferreriguardiagranollers\/wp-content\/uploads\/usu988\/2021\/06\/CMB-1024x982.jpg 1024w\" sizes=\"auto, (max-width: 300px) 100vw, 300px\" \/><\/a><a href=\"https:\/\/agora.xtec.cat\/escferreriguardiagranollers\/wp-content\/uploads\/usu988\/2021\/06\/CMC.jpg\"><img loading=\"lazy\" decoding=\"async\" class=\"size-medium wp-image-4635 alignleft\" src=\"https:\/\/agora.xtec.cat\/escferreriguardiagranollers\/wp-content\/uploads\/usu988\/2021\/06\/CMC-225x300.jpg\" alt=\"\" width=\"225\" height=\"300\" srcset=\"https:\/\/agora.xtec.cat\/escferreriguardiagranollers\/wp-content\/uploads\/usu988\/2021\/06\/CMC-225x300.jpg 225w, https:\/\/agora.xtec.cat\/escferreriguardiagranollers\/wp-content\/uploads\/usu988\/2021\/06\/CMC.jpg 703w\" sizes=\"auto, (max-width: 225px) 100vw, 225px\" \/><\/a><\/p>\n","protected":false},"excerpt":{"rendered":"<p>\u00daltima parada.<br \/>\nAqu\u00ed s&#8217;acaba aquest viatge, intens i especial que hem superat junts.<br \/>\nHan sigut 10 mesos d&#8217;aprenentatges, viv\u00e8ncies, converses, riures i molts moments que quedaran per sempre amb nosaltres.<br \/>\nDir-vos que ha estat un aut\u00e8ntic plaer compartir el curs amb tots vosaltres, que ens quedem amb l&#8217;ess\u00e8ncia\u00a0&hellip;  <a href=\"https:\/\/agora.xtec.cat\/escferreriguardiagranollers\/general\/vacances-destiu-2\/\" title=\"Read VACANCES D&#8217;ESTIU!!\">Llegeix m\u00e9s\u00bb<\/a><\/p>\n","protected":false},"author":7,"featured_media":4640,"comment_status":"open","ping_status":"closed","sticky":false,"template":"","format":"standard","meta":{"_bbp_topic_count":0,"_bbp_reply_count":0,"_bbp_total_topic_count":0,"_bbp_total_reply_count":0,"_bbp_voice_count":0,"_bbp_anonymous_reply_count":0,"_bbp_topic_count_hidden":0,"_bbp_reply_count_hidden":0,"_bbp_forum_subforum_count":0,"footnotes":""},"categories":[1],"tags":[],"class_list":["post-4632","post","type-post","status-publish","format-standard","has-post-thumbnail","hentry","category-general"],"post_mailing_queue_ids":[],"_links":{"self":[{"href":"https:\/\/agora.xtec.cat\/escferreriguardiagranollers\/wp-json\/wp\/v2\/posts\/4632","targetHints":{"allow":["GET"]}}],"collection":[{"href":"https:\/\/agora.xtec.cat\/escferreriguardiagranollers\/wp-json\/wp\/v2\/posts"}],"about":[{"href":"https:\/\/agora.xtec.cat\/escferreriguardiagranollers\/wp-json\/wp\/v2\/types\/post"}],"author":[{"embeddable":true,"href":"https:\/\/agora.xtec.cat\/escferreriguardiagranollers\/wp-json\/wp\/v2\/users\/7"}],"replies":[{"embeddable":true,"href":"https:\/\/agora.xtec.cat\/escferreriguardiagranollers\/wp-json\/wp\/v2\/comments?post=4632"}],"version-history":[{"count":2,"href":"https:\/\/agora.xtec.cat\/escferreriguardiagranollers\/wp-json\/wp\/v2\/posts\/4632\/revisions"}],"predecessor-version":[{"id":4638,"href":"https:\/\/agora.xtec.cat\/escferreriguardiagranollers\/wp-json\/wp\/v2\/posts\/4632\/revisions\/4638"}],"wp:featuredmedia":[{"embeddable":true,"href":"https:\/\/agora.xtec.cat\/escferreriguardiagranollers\/wp-json\/wp\/v2\/media\/4640"}],"wp:attachment":[{"href":"https:\/\/agora.xtec.cat\/escferreriguardiagranollers\/wp-json\/wp\/v2\/media?parent=4632"}],"wp:term":[{"taxonomy":"category","embeddable":true,"href":"https:\/\/agora.xtec.cat\/escferreriguardiagranollers\/wp-json\/wp\/v2\/categories?post=4632"},{"taxonomy":"post_tag","embeddable":true,"href":"https:\/\/agora.xtec.cat\/escferreriguardiagranollers\/wp-json\/wp\/v2\/tags?post=4632"}],"curies":[{"name":"wp","href":"https:\/\/api.w.org\/{rel}","templated":true}]}}