{"id":4628,"date":"2021-06-25T13:07:07","date_gmt":"2021-06-25T11:07:07","guid":{"rendered":"http:\/\/agora.xtec.cat\/escferreriguardiagranollers\/?p=4628"},"modified":"2021-06-25T13:08:00","modified_gmt":"2021-06-25T11:08:00","slug":"vacances-destiu","status":"publish","type":"post","link":"https:\/\/agora.xtec.cat\/escferreriguardiagranollers\/general\/vacances-destiu\/","title":{"rendered":"VACANCES D&#8217;ESTIU!!"},"content":{"rendered":"<p>Despr\u00e9s d&#8217;un curs escolar especial i intens, per fi han arribat les merescudes vacances d&#8217;estiu.<\/p>\n<p>Al cicle superior hem realitzat moltes activitats i hem viscut experi\u00e8ncies inolvidables. Tamb\u00e9 hem treballat de valent i ara toca descansar i gaudir de la platja, de la muntanya i el m\u00e9s important de la fam\u00edlia.<\/p>\n<p>Desitgem als alumnes de sis\u00e8 tot el millor del m\u00f3n en aquesta nova etapa escolar a l&#8217;institut. L&#8217;escola sempre us acollir\u00e0. A la resta, us esperem amb els bra\u00e7os ben oberts al setembre.<\/p>\n<p>Una abra\u00e7ada molt i molt gran!<\/p>\n","protected":false},"excerpt":{"rendered":"<p>Despr\u00e9s d&#8217;un curs escolar especial i intens, per fi han arribat les merescudes vacances d&#8217;estiu.<br \/>\nAl cicle superior hem realitzat moltes activitats i hem viscut experi\u00e8ncies inolvidables. Tamb\u00e9 hem treballat de valent i ara toca descansar i gaudir de la platja, de la muntanya i el&hellip;  <a href=\"https:\/\/agora.xtec.cat\/escferreriguardiagranollers\/general\/vacances-destiu\/\" title=\"Read VACANCES D&#8217;ESTIU!!\">Llegeix m\u00e9s\u00bb<\/a><\/p>\n","protected":false},"author":8,"featured_media":4629,"comment_status":"open","ping_status":"closed","sticky":false,"template":"","format":"standard","meta":{"_bbp_topic_count":0,"_bbp_reply_count":0,"_bbp_total_topic_count":0,"_bbp_total_reply_count":0,"_bbp_voice_count":0,"_bbp_anonymous_reply_count":0,"_bbp_topic_count_hidden":0,"_bbp_reply_count_hidden":0,"_bbp_forum_subforum_count":0,"footnotes":""},"categories":[12,1],"tags":[],"class_list":["post-4628","post","type-post","status-publish","format-standard","has-post-thumbnail","hentry","category-5e-i-6e","category-general"],"post_mailing_queue_ids":[],"_links":{"self":[{"href":"https:\/\/agora.xtec.cat\/escferreriguardiagranollers\/wp-json\/wp\/v2\/posts\/4628","targetHints":{"allow":["GET"]}}],"collection":[{"href":"https:\/\/agora.xtec.cat\/escferreriguardiagranollers\/wp-json\/wp\/v2\/posts"}],"about":[{"href":"https:\/\/agora.xtec.cat\/escferreriguardiagranollers\/wp-json\/wp\/v2\/types\/post"}],"author":[{"embeddable":true,"href":"https:\/\/agora.xtec.cat\/escferreriguardiagranollers\/wp-json\/wp\/v2\/users\/8"}],"replies":[{"embeddable":true,"href":"https:\/\/agora.xtec.cat\/escferreriguardiagranollers\/wp-json\/wp\/v2\/comments?post=4628"}],"version-history":[{"count":2,"href":"https:\/\/agora.xtec.cat\/escferreriguardiagranollers\/wp-json\/wp\/v2\/posts\/4628\/revisions"}],"predecessor-version":[{"id":4631,"href":"https:\/\/agora.xtec.cat\/escferreriguardiagranollers\/wp-json\/wp\/v2\/posts\/4628\/revisions\/4631"}],"wp:featuredmedia":[{"embeddable":true,"href":"https:\/\/agora.xtec.cat\/escferreriguardiagranollers\/wp-json\/wp\/v2\/media\/4629"}],"wp:attachment":[{"href":"https:\/\/agora.xtec.cat\/escferreriguardiagranollers\/wp-json\/wp\/v2\/media?parent=4628"}],"wp:term":[{"taxonomy":"category","embeddable":true,"href":"https:\/\/agora.xtec.cat\/escferreriguardiagranollers\/wp-json\/wp\/v2\/categories?post=4628"},{"taxonomy":"post_tag","embeddable":true,"href":"https:\/\/agora.xtec.cat\/escferreriguardiagranollers\/wp-json\/wp\/v2\/tags?post=4628"}],"curies":[{"name":"wp","href":"https:\/\/api.w.org\/{rel}","templated":true}]}}