{"id":4579,"date":"2021-06-20T18:16:22","date_gmt":"2021-06-20T16:16:22","guid":{"rendered":"http:\/\/agora.xtec.cat\/escferreriguardiagranollers\/?p=4579"},"modified":"2021-06-20T18:20:05","modified_gmt":"2021-06-20T16:20:05","slug":"mostra-dart-urba-mau","status":"publish","type":"post","link":"https:\/\/agora.xtec.cat\/escferreriguardiagranollers\/general\/mostra-dart-urba-mau\/","title":{"rendered":"MOSTRA D&#8217;ART URB\u00c0 (MAU)"},"content":{"rendered":"<p>Al maig l&#8217;escola, concretament el cicle superior, ha participat en un projecte col\u00b7laboratiu d&#8217;art entre artistes i alumnes dins la jormada de la M.A.U. a la F\u00e0brica d&#8217;Arts de la Roca Umbert.<\/p>\n<p>La creaci\u00f3 art\u00edstica, centrada en <strong>la mecanitzaci\u00f3<\/strong>, l&#8217;han portat a terme els artistes residents l&#8217;Eduard Sacrest i el Josep F. Margalef. Els alumnes de cicle superior han gaudit un cop m\u00e9s d&#8217;aquesta gran experi\u00e8ncia i han apr\u00e8s molt\u00edssim.<\/p>\n<p>&nbsp;<\/p>\n<p><a href=\"https:\/\/agora.xtec.cat\/escferreriguardiagranollers\/wp-content\/uploads\/usu988\/2021\/06\/WhatsApp-Image-2021-05-27-at-21.33.33-1.jpeg\"><img loading=\"lazy\" decoding=\"async\" class=\"aligncenter size-medium wp-image-4580\" src=\"https:\/\/agora.xtec.cat\/escferreriguardiagranollers\/wp-content\/uploads\/usu988\/2021\/06\/WhatsApp-Image-2021-05-27-at-21.33.33-1-224x300.jpeg\" alt=\"\" width=\"224\" height=\"300\" srcset=\"https:\/\/agora.xtec.cat\/escferreriguardiagranollers\/wp-content\/uploads\/usu988\/2021\/06\/WhatsApp-Image-2021-05-27-at-21.33.33-1-224x300.jpeg 224w, https:\/\/agora.xtec.cat\/escferreriguardiagranollers\/wp-content\/uploads\/usu988\/2021\/06\/WhatsApp-Image-2021-05-27-at-21.33.33-1-768x1027.jpeg 768w, https:\/\/agora.xtec.cat\/escferreriguardiagranollers\/wp-content\/uploads\/usu988\/2021\/06\/WhatsApp-Image-2021-05-27-at-21.33.33-1-766x1024.jpeg 766w, https:\/\/agora.xtec.cat\/escferreriguardiagranollers\/wp-content\/uploads\/usu988\/2021\/06\/WhatsApp-Image-2021-05-27-at-21.33.33-1.jpeg 1532w\" sizes=\"auto, (max-width: 224px) 100vw, 224px\" \/><\/a> <a href=\"https:\/\/agora.xtec.cat\/escferreriguardiagranollers\/wp-content\/uploads\/usu988\/2021\/06\/WhatsApp-Image-2021-05-27-at-21.33.33.jpeg\"><img loading=\"lazy\" decoding=\"async\" class=\"aligncenter size-large wp-image-4581\" src=\"https:\/\/agora.xtec.cat\/escferreriguardiagranollers\/wp-content\/uploads\/usu988\/2021\/06\/WhatsApp-Image-2021-05-27-at-21.33.33-1024x766.jpeg\" alt=\"\" width=\"1024\" height=\"766\" srcset=\"https:\/\/agora.xtec.cat\/escferreriguardiagranollers\/wp-content\/uploads\/usu988\/2021\/06\/WhatsApp-Image-2021-05-27-at-21.33.33-1024x766.jpeg 1024w, https:\/\/agora.xtec.cat\/escferreriguardiagranollers\/wp-content\/uploads\/usu988\/2021\/06\/WhatsApp-Image-2021-05-27-at-21.33.33-300x224.jpeg 300w, https:\/\/agora.xtec.cat\/escferreriguardiagranollers\/wp-content\/uploads\/usu988\/2021\/06\/WhatsApp-Image-2021-05-27-at-21.33.33-768x575.jpeg 768w, https:\/\/agora.xtec.cat\/escferreriguardiagranollers\/wp-content\/uploads\/usu988\/2021\/06\/WhatsApp-Image-2021-05-27-at-21.33.33-200x150.jpeg 200w, https:\/\/agora.xtec.cat\/escferreriguardiagranollers\/wp-content\/uploads\/usu988\/2021\/06\/WhatsApp-Image-2021-05-27-at-21.33.33.jpeg 2048w\" sizes=\"auto, (max-width: 1024px) 100vw, 1024px\" \/><\/a> <a href=\"https:\/\/agora.xtec.cat\/escferreriguardiagranollers\/wp-content\/uploads\/usu988\/2021\/06\/WhatsApp-Image-2021-05-27-at-21.34.58.jpeg\"><img loading=\"lazy\" decoding=\"async\" class=\"aligncenter size-large wp-image-4582\" src=\"https:\/\/agora.xtec.cat\/escferreriguardiagranollers\/wp-content\/uploads\/usu988\/2021\/06\/WhatsApp-Image-2021-05-27-at-21.34.58-1024x577.jpeg\" alt=\"\" width=\"1024\" height=\"577\" srcset=\"https:\/\/agora.xtec.cat\/escferreriguardiagranollers\/wp-content\/uploads\/usu988\/2021\/06\/WhatsApp-Image-2021-05-27-at-21.34.58-1024x577.jpeg 1024w, https:\/\/agora.xtec.cat\/escferreriguardiagranollers\/wp-content\/uploads\/usu988\/2021\/06\/WhatsApp-Image-2021-05-27-at-21.34.58-300x169.jpeg 300w, https:\/\/agora.xtec.cat\/escferreriguardiagranollers\/wp-content\/uploads\/usu988\/2021\/06\/WhatsApp-Image-2021-05-27-at-21.34.58-768x433.jpeg 768w, https:\/\/agora.xtec.cat\/escferreriguardiagranollers\/wp-content\/uploads\/usu988\/2021\/06\/WhatsApp-Image-2021-05-27-at-21.34.58.jpeg 1600w\" sizes=\"auto, (max-width: 1024px) 100vw, 1024px\" \/><\/a><\/p>\n","protected":false},"excerpt":{"rendered":"<p>Al maig l&#8217;escola, concretament el cicle superior, ha participat en un projecte col\u00b7laboratiu d&#8217;art entre artistes i alumnes dins la jormada de la M.A.U. a la F\u00e0brica d&#8217;Arts de la Roca Umbert.<br \/>\nLa creaci\u00f3 art\u00edstica, centrada en la mecanitzaci\u00f3, l&#8217;han portat a terme els artistes residents&hellip;  <a href=\"https:\/\/agora.xtec.cat\/escferreriguardiagranollers\/general\/mostra-dart-urba-mau\/\" title=\"Read MOSTRA D&#8217;ART URB\u00c0 (MAU)\">Llegeix m\u00e9s\u00bb<\/a><\/p>\n","protected":false},"author":8,"featured_media":4584,"comment_status":"open","ping_status":"closed","sticky":false,"template":"","format":"standard","meta":{"_bbp_topic_count":0,"_bbp_reply_count":0,"_bbp_total_topic_count":0,"_bbp_total_reply_count":0,"_bbp_voice_count":0,"_bbp_anonymous_reply_count":0,"_bbp_topic_count_hidden":0,"_bbp_reply_count_hidden":0,"_bbp_forum_subforum_count":0,"footnotes":""},"categories":[12,1],"tags":[],"class_list":["post-4579","post","type-post","status-publish","format-standard","has-post-thumbnail","hentry","category-5e-i-6e","category-general"],"post_mailing_queue_ids":[],"_links":{"self":[{"href":"https:\/\/agora.xtec.cat\/escferreriguardiagranollers\/wp-json\/wp\/v2\/posts\/4579","targetHints":{"allow":["GET"]}}],"collection":[{"href":"https:\/\/agora.xtec.cat\/escferreriguardiagranollers\/wp-json\/wp\/v2\/posts"}],"about":[{"href":"https:\/\/agora.xtec.cat\/escferreriguardiagranollers\/wp-json\/wp\/v2\/types\/post"}],"author":[{"embeddable":true,"href":"https:\/\/agora.xtec.cat\/escferreriguardiagranollers\/wp-json\/wp\/v2\/users\/8"}],"replies":[{"embeddable":true,"href":"https:\/\/agora.xtec.cat\/escferreriguardiagranollers\/wp-json\/wp\/v2\/comments?post=4579"}],"version-history":[{"count":2,"href":"https:\/\/agora.xtec.cat\/escferreriguardiagranollers\/wp-json\/wp\/v2\/posts\/4579\/revisions"}],"predecessor-version":[{"id":4585,"href":"https:\/\/agora.xtec.cat\/escferreriguardiagranollers\/wp-json\/wp\/v2\/posts\/4579\/revisions\/4585"}],"wp:featuredmedia":[{"embeddable":true,"href":"https:\/\/agora.xtec.cat\/escferreriguardiagranollers\/wp-json\/wp\/v2\/media\/4584"}],"wp:attachment":[{"href":"https:\/\/agora.xtec.cat\/escferreriguardiagranollers\/wp-json\/wp\/v2\/media?parent=4579"}],"wp:term":[{"taxonomy":"category","embeddable":true,"href":"https:\/\/agora.xtec.cat\/escferreriguardiagranollers\/wp-json\/wp\/v2\/categories?post=4579"},{"taxonomy":"post_tag","embeddable":true,"href":"https:\/\/agora.xtec.cat\/escferreriguardiagranollers\/wp-json\/wp\/v2\/tags?post=4579"}],"curies":[{"name":"wp","href":"https:\/\/api.w.org\/{rel}","templated":true}]}}