{"id":4204,"date":"2021-02-14T17:46:09","date_gmt":"2021-02-14T16:46:09","guid":{"rendered":"http:\/\/agora.xtec.cat\/escferreriguardiagranollers\/?p=4204"},"modified":"2021-02-14T17:48:12","modified_gmt":"2021-02-14T16:48:12","slug":"carnastoltes","status":"publish","type":"post","link":"https:\/\/agora.xtec.cat\/escferreriguardiagranollers\/general\/carnastoltes\/","title":{"rendered":"CARNASTOLTES"},"content":{"rendered":"<p>La setmana del 8 al 12 de febrer hem celebrat el carnestoltes i l\u2019english day a l\u2019escola.<\/p>\n<p>Primer vam con\u00e8ixer les consignes en angl\u00e8s que hauriem de portar cada dia en mans dels nens i nenes de 6\u00e8: Dilluns amb pijama, dimarts amb un pentinat divertit, dimecres vestits d\u2019un sol color, dijous maquillats i divendres amb disfressa lliure. Una vegada vam saber com venir cada dia vam donar tret de sortida a la setmana de la disbauxa i l\u2019alegria.<\/p>\n<p>Dijous vam sortir al parc a celebrar dijous llarder i vam aprofitar el sol i el dia fant\u00e0stic que ens va fer, ara que sembla que el fred va marxant.<\/p>\n<p>Divendres vam combinar l\u2019english day i el carnestoltes. El mat\u00ed vam practicar angl\u00e8s fent jocs interactius i vam gaudir d\u2019un escape room, les pistes del qual ens van ajudar a descobrir el cofre del tresor: Unes fant\u00e0stiques entrades per fer cinema a l\u2019aula!<\/p>\n<p>A la tarda va arribar el moment de la desfilada de disfresses: Pirates, super herois, mags, princeses i cavallers. Despr\u00e9s d\u2019una bona ballaruca vam fer gana per fer un pica pica fant\u00e0stic per tancar una setmana divertida i diferent. Fins l\u2019any que v\u00e9 Rei Carnestoltes!<\/p>\n<p><a href=\"https:\/\/agora.xtec.cat\/escferreriguardiagranollers\/wp-content\/uploads\/usu988\/2021\/02\/CMA.jpg\"><img loading=\"lazy\" decoding=\"async\" class=\"wp-image-4220 \" src=\"https:\/\/agora.xtec.cat\/escferreriguardiagranollers\/wp-content\/uploads\/usu988\/2021\/02\/CMA-300x225.jpg\" alt=\"\" width=\"325\" height=\"244\" srcset=\"https:\/\/agora.xtec.cat\/escferreriguardiagranollers\/wp-content\/uploads\/usu988\/2021\/02\/CMA-300x225.jpg 300w, https:\/\/agora.xtec.cat\/escferreriguardiagranollers\/wp-content\/uploads\/usu988\/2021\/02\/CMA-768x576.jpg 768w, https:\/\/agora.xtec.cat\/escferreriguardiagranollers\/wp-content\/uploads\/usu988\/2021\/02\/CMA-1024x768.jpg 1024w, https:\/\/agora.xtec.cat\/escferreriguardiagranollers\/wp-content\/uploads\/usu988\/2021\/02\/CMA-200x150.jpg 200w, https:\/\/agora.xtec.cat\/escferreriguardiagranollers\/wp-content\/uploads\/usu988\/2021\/02\/CMA.jpg 1134w\" sizes=\"auto, (max-width: 325px) 100vw, 325px\" \/><\/a><\/p>\n<p><a href=\"https:\/\/agora.xtec.cat\/escferreriguardiagranollers\/wp-content\/uploads\/usu988\/2021\/02\/CMC.jpg\"><img loading=\"lazy\" decoding=\"async\" class=\"size-medium wp-image-4210\" src=\"https:\/\/agora.xtec.cat\/escferreriguardiagranollers\/wp-content\/uploads\/usu988\/2021\/02\/CMC-300x225.jpg\" alt=\"\" width=\"300\" height=\"225\" srcset=\"https:\/\/agora.xtec.cat\/escferreriguardiagranollers\/wp-content\/uploads\/usu988\/2021\/02\/CMC-300x225.jpg 300w, https:\/\/agora.xtec.cat\/escferreriguardiagranollers\/wp-content\/uploads\/usu988\/2021\/02\/CMC-768x576.jpg 768w, https:\/\/agora.xtec.cat\/escferreriguardiagranollers\/wp-content\/uploads\/usu988\/2021\/02\/CMC-1024x768.jpg 1024w, https:\/\/agora.xtec.cat\/escferreriguardiagranollers\/wp-content\/uploads\/usu988\/2021\/02\/CMC-200x150.jpg 200w\" sizes=\"auto, (max-width: 300px) 100vw, 300px\" \/><\/a><\/p>\n<p><a href=\"https:\/\/agora.xtec.cat\/escferreriguardiagranollers\/wp-content\/uploads\/usu988\/2021\/02\/CMB3.jpg\"><img loading=\"lazy\" decoding=\"async\" class=\" wp-image-4211 alignleft\" src=\"https:\/\/agora.xtec.cat\/escferreriguardiagranollers\/wp-content\/uploads\/usu988\/2021\/02\/CMB3-300x212.jpg\" alt=\"\" width=\"316\" height=\"223\" srcset=\"https:\/\/agora.xtec.cat\/escferreriguardiagranollers\/wp-content\/uploads\/usu988\/2021\/02\/CMB3-300x212.jpg 300w, https:\/\/agora.xtec.cat\/escferreriguardiagranollers\/wp-content\/uploads\/usu988\/2021\/02\/CMB3-768x543.jpg 768w, https:\/\/agora.xtec.cat\/escferreriguardiagranollers\/wp-content\/uploads\/usu988\/2021\/02\/CMB3-1024x724.jpg 1024w, https:\/\/agora.xtec.cat\/escferreriguardiagranollers\/wp-content\/uploads\/usu988\/2021\/02\/CMB3.jpg 1137w\" sizes=\"auto, (max-width: 316px) 100vw, 316px\" \/><\/a><\/p>\n","protected":false},"excerpt":{"rendered":"<p>La setmana del 8 al 12 de febrer hem celebrat el carnestoltes i l\u2019english day a l\u2019escola.<br \/>\nPrimer vam con\u00e8ixer les consignes en angl\u00e8s que hauriem de portar cada dia en mans dels nens i nenes de 6\u00e8: Dilluns amb pijama, dimarts amb un pentinat divertit,&hellip;  <a href=\"https:\/\/agora.xtec.cat\/escferreriguardiagranollers\/general\/carnastoltes\/\" title=\"Read CARNASTOLTES\">Llegeix m\u00e9s\u00bb<\/a><\/p>\n","protected":false},"author":7,"featured_media":4209,"comment_status":"open","ping_status":"closed","sticky":false,"template":"","format":"standard","meta":{"_bbp_topic_count":0,"_bbp_reply_count":0,"_bbp_total_topic_count":0,"_bbp_total_reply_count":0,"_bbp_voice_count":0,"_bbp_anonymous_reply_count":0,"_bbp_topic_count_hidden":0,"_bbp_reply_count_hidden":0,"_bbp_forum_subforum_count":0,"footnotes":""},"categories":[1],"tags":[],"class_list":["post-4204","post","type-post","status-publish","format-standard","has-post-thumbnail","hentry","category-general"],"post_mailing_queue_ids":[],"_links":{"self":[{"href":"https:\/\/agora.xtec.cat\/escferreriguardiagranollers\/wp-json\/wp\/v2\/posts\/4204","targetHints":{"allow":["GET"]}}],"collection":[{"href":"https:\/\/agora.xtec.cat\/escferreriguardiagranollers\/wp-json\/wp\/v2\/posts"}],"about":[{"href":"https:\/\/agora.xtec.cat\/escferreriguardiagranollers\/wp-json\/wp\/v2\/types\/post"}],"author":[{"embeddable":true,"href":"https:\/\/agora.xtec.cat\/escferreriguardiagranollers\/wp-json\/wp\/v2\/users\/7"}],"replies":[{"embeddable":true,"href":"https:\/\/agora.xtec.cat\/escferreriguardiagranollers\/wp-json\/wp\/v2\/comments?post=4204"}],"version-history":[{"count":3,"href":"https:\/\/agora.xtec.cat\/escferreriguardiagranollers\/wp-json\/wp\/v2\/posts\/4204\/revisions"}],"predecessor-version":[{"id":4223,"href":"https:\/\/agora.xtec.cat\/escferreriguardiagranollers\/wp-json\/wp\/v2\/posts\/4204\/revisions\/4223"}],"wp:featuredmedia":[{"embeddable":true,"href":"https:\/\/agora.xtec.cat\/escferreriguardiagranollers\/wp-json\/wp\/v2\/media\/4209"}],"wp:attachment":[{"href":"https:\/\/agora.xtec.cat\/escferreriguardiagranollers\/wp-json\/wp\/v2\/media?parent=4204"}],"wp:term":[{"taxonomy":"category","embeddable":true,"href":"https:\/\/agora.xtec.cat\/escferreriguardiagranollers\/wp-json\/wp\/v2\/categories?post=4204"},{"taxonomy":"post_tag","embeddable":true,"href":"https:\/\/agora.xtec.cat\/escferreriguardiagranollers\/wp-json\/wp\/v2\/tags?post=4204"}],"curies":[{"name":"wp","href":"https:\/\/api.w.org\/{rel}","templated":true}]}}