{"id":4185,"date":"2021-02-13T09:54:25","date_gmt":"2021-02-13T08:54:25","guid":{"rendered":"http:\/\/agora.xtec.cat\/escferreriguardiagranollers\/?p=4185"},"modified":"2021-02-13T20:40:36","modified_gmt":"2021-02-13T19:40:36","slug":"cicle-mitja-expressio-corporal-projecte-onades","status":"publish","type":"post","link":"https:\/\/agora.xtec.cat\/escferreriguardiagranollers\/general\/cicle-mitja-expressio-corporal-projecte-onades\/","title":{"rendered":"Expressi\u00f3 corporal &#8211; Projecte Onades"},"content":{"rendered":"<p>Al llarg d\u2019aquest 2n trimestre, els alumnes de cicle mitj\u00e0 estem portant a terme unes sessions d\u2019expressi\u00f3 corporal dins l\u2019\u00e0rea d\u2019educaci\u00f3 f\u00edsica. Estem treballant el <em>projecte Onades<\/em> des del moviment i l\u2019emoci\u00f3, la dansa i la coordinaci\u00f3 del nostre cos inspirant-nos en el mar i el moviment de les onades.<\/p>\n<p>Ens hem convertit en aigua, reproduint el moviment que fa dins d\u2019una ampolla. Hem fet dansa amb globus de colors, seguint el ritme que marca el seu vol lent per l\u2019espai, desafiant la gravetat. I tamb\u00e9 hem jugat a crear onades i a imitar-ne el so, utilitzant un pl\u00e0stic de gran format que ens ha donat molt de joc, regalant-nos la sensaci\u00f3 d\u2019estar asseguts vora el mar, contemplant-lo.<\/p>\n<p>Sovint, amb el material m\u00e9s q\u00fcotidi\u00e0 \u00e9s d\u2019on sorgeixen les propostes m\u00e9s boniques i aquestes setmanes estem descobrint que ens podem expressar, sentir el moviment i reproduir-lo amb objectes que sempre tenim a l\u2019abast.<\/p>\n<p>Aquestes activitats ens acosten al nostre objectiu: Treballar les emocions\u00a0 mitjan\u00e7ant el moviment del cos i la seva capacitat de transmetre sensacions als altres.<\/p>\n<p>Cal afegir que l&#8217;equip de mestres comptem amb l&#8217;assessorament i formaci\u00f3 de l&#8217;escola de dansa de Roca Umbert, qui ens facilitat els recursos per portar a terme aquestes activitats del Projecte Onades, especialment agra\u00efr l&#8217;acompanyament de Nora Baylach.<\/p>\n<p><a href=\"https:\/\/agora.xtec.cat\/escferreriguardiagranollers\/wp-content\/uploads\/usu988\/2021\/02\/IMG_7319.jpeg\"><img loading=\"lazy\" decoding=\"async\" class=\"alignleft wp-image-4186 size-medium\" src=\"https:\/\/agora.xtec.cat\/escferreriguardiagranollers\/wp-content\/uploads\/usu988\/2021\/02\/IMG_7319-300x225.jpeg\" alt=\"\" width=\"300\" height=\"225\" srcset=\"https:\/\/agora.xtec.cat\/escferreriguardiagranollers\/wp-content\/uploads\/usu988\/2021\/02\/IMG_7319-300x225.jpeg 300w, https:\/\/agora.xtec.cat\/escferreriguardiagranollers\/wp-content\/uploads\/usu988\/2021\/02\/IMG_7319-768x576.jpeg 768w, https:\/\/agora.xtec.cat\/escferreriguardiagranollers\/wp-content\/uploads\/usu988\/2021\/02\/IMG_7319-1024x768.jpeg 1024w, https:\/\/agora.xtec.cat\/escferreriguardiagranollers\/wp-content\/uploads\/usu988\/2021\/02\/IMG_7319-200x150.jpeg 200w\" sizes=\"auto, (max-width: 300px) 100vw, 300px\" \/><\/a><\/p>\n<h2><a href=\"https:\/\/agora.xtec.cat\/escferreriguardiagranollers\/wp-content\/uploads\/usu988\/2021\/02\/IMG_7320.jpeg\"><img loading=\"lazy\" decoding=\"async\" class=\"size-medium wp-image-4187 alignleft\" src=\"https:\/\/agora.xtec.cat\/escferreriguardiagranollers\/wp-content\/uploads\/usu988\/2021\/02\/IMG_7320-300x225.jpeg\" alt=\"\" width=\"300\" height=\"225\" srcset=\"https:\/\/agora.xtec.cat\/escferreriguardiagranollers\/wp-content\/uploads\/usu988\/2021\/02\/IMG_7320-300x225.jpeg 300w, https:\/\/agora.xtec.cat\/escferreriguardiagranollers\/wp-content\/uploads\/usu988\/2021\/02\/IMG_7320-768x576.jpeg 768w, https:\/\/agora.xtec.cat\/escferreriguardiagranollers\/wp-content\/uploads\/usu988\/2021\/02\/IMG_7320-1024x768.jpeg 1024w, https:\/\/agora.xtec.cat\/escferreriguardiagranollers\/wp-content\/uploads\/usu988\/2021\/02\/IMG_7320-200x150.jpeg 200w\" sizes=\"auto, (max-width: 300px) 100vw, 300px\" \/><\/a><\/h2>\n<h2><\/h2>\n<h2><\/h2>\n<h2><\/h2>\n<p>&nbsp;<\/p>\n<p>&nbsp;<\/p>\n<h2><a href=\"https:\/\/agora.xtec.cat\/escferreriguardiagranollers\/wp-content\/uploads\/usu988\/2021\/02\/IMG_7400.jpeg\"><img loading=\"lazy\" decoding=\"async\" class=\"size-medium wp-image-4189 alignleft\" src=\"https:\/\/agora.xtec.cat\/escferreriguardiagranollers\/wp-content\/uploads\/usu988\/2021\/02\/IMG_7400-300x225.jpeg\" alt=\"\" width=\"300\" height=\"225\" srcset=\"https:\/\/agora.xtec.cat\/escferreriguardiagranollers\/wp-content\/uploads\/usu988\/2021\/02\/IMG_7400-300x225.jpeg 300w, https:\/\/agora.xtec.cat\/escferreriguardiagranollers\/wp-content\/uploads\/usu988\/2021\/02\/IMG_7400-768x576.jpeg 768w, https:\/\/agora.xtec.cat\/escferreriguardiagranollers\/wp-content\/uploads\/usu988\/2021\/02\/IMG_7400-1024x768.jpeg 1024w, https:\/\/agora.xtec.cat\/escferreriguardiagranollers\/wp-content\/uploads\/usu988\/2021\/02\/IMG_7400-200x150.jpeg 200w\" sizes=\"auto, (max-width: 300px) 100vw, 300px\" \/><\/a> <a href=\"https:\/\/agora.xtec.cat\/escferreriguardiagranollers\/wp-content\/uploads\/usu988\/2021\/02\/IMG_7424.jpeg\"><img loading=\"lazy\" decoding=\"async\" class=\"size-medium wp-image-4190 alignleft\" src=\"https:\/\/agora.xtec.cat\/escferreriguardiagranollers\/wp-content\/uploads\/usu988\/2021\/02\/IMG_7424-300x225.jpeg\" alt=\"\" width=\"300\" height=\"225\" srcset=\"https:\/\/agora.xtec.cat\/escferreriguardiagranollers\/wp-content\/uploads\/usu988\/2021\/02\/IMG_7424-300x225.jpeg 300w, https:\/\/agora.xtec.cat\/escferreriguardiagranollers\/wp-content\/uploads\/usu988\/2021\/02\/IMG_7424-768x576.jpeg 768w, https:\/\/agora.xtec.cat\/escferreriguardiagranollers\/wp-content\/uploads\/usu988\/2021\/02\/IMG_7424-1024x768.jpeg 1024w, https:\/\/agora.xtec.cat\/escferreriguardiagranollers\/wp-content\/uploads\/usu988\/2021\/02\/IMG_7424-200x150.jpeg 200w\" sizes=\"auto, (max-width: 300px) 100vw, 300px\" \/><\/a><\/h2>\n<h2><\/h2>\n<h2><\/h2>\n<h2><\/h2>\n<p>&nbsp;<\/p>\n<p>&nbsp;<\/p>\n<h2><a href=\"https:\/\/agora.xtec.cat\/escferreriguardiagranollers\/wp-content\/uploads\/usu988\/2021\/02\/IMG_7431.jpeg\"><img loading=\"lazy\" decoding=\"async\" class=\"size-medium wp-image-4191 alignleft\" src=\"https:\/\/agora.xtec.cat\/escferreriguardiagranollers\/wp-content\/uploads\/usu988\/2021\/02\/IMG_7431-300x225.jpeg\" alt=\"\" width=\"300\" height=\"225\" srcset=\"https:\/\/agora.xtec.cat\/escferreriguardiagranollers\/wp-content\/uploads\/usu988\/2021\/02\/IMG_7431-300x225.jpeg 300w, https:\/\/agora.xtec.cat\/escferreriguardiagranollers\/wp-content\/uploads\/usu988\/2021\/02\/IMG_7431-768x576.jpeg 768w, https:\/\/agora.xtec.cat\/escferreriguardiagranollers\/wp-content\/uploads\/usu988\/2021\/02\/IMG_7431-1024x768.jpeg 1024w, https:\/\/agora.xtec.cat\/escferreriguardiagranollers\/wp-content\/uploads\/usu988\/2021\/02\/IMG_7431-200x150.jpeg 200w\" sizes=\"auto, (max-width: 300px) 100vw, 300px\" \/><\/a> <a href=\"https:\/\/agora.xtec.cat\/escferreriguardiagranollers\/wp-content\/uploads\/usu988\/2021\/02\/IMG_7435.jpeg\"><img loading=\"lazy\" decoding=\"async\" class=\"size-medium wp-image-4192 alignleft\" src=\"https:\/\/agora.xtec.cat\/escferreriguardiagranollers\/wp-content\/uploads\/usu988\/2021\/02\/IMG_7435-300x225.jpeg\" alt=\"\" width=\"300\" height=\"225\" srcset=\"https:\/\/agora.xtec.cat\/escferreriguardiagranollers\/wp-content\/uploads\/usu988\/2021\/02\/IMG_7435-300x225.jpeg 300w, https:\/\/agora.xtec.cat\/escferreriguardiagranollers\/wp-content\/uploads\/usu988\/2021\/02\/IMG_7435-768x576.jpeg 768w, https:\/\/agora.xtec.cat\/escferreriguardiagranollers\/wp-content\/uploads\/usu988\/2021\/02\/IMG_7435-1024x768.jpeg 1024w, https:\/\/agora.xtec.cat\/escferreriguardiagranollers\/wp-content\/uploads\/usu988\/2021\/02\/IMG_7435-200x150.jpeg 200w\" sizes=\"auto, (max-width: 300px) 100vw, 300px\" \/><\/a><\/h2>\n<p>&nbsp;<\/p>\n","protected":false},"excerpt":{"rendered":"<p>Al llarg d\u2019aquest 2n trimestre, els alumnes de cicle mitj\u00e0 estem portant a terme unes sessions d\u2019expressi\u00f3 corporal dins l\u2019\u00e0rea d\u2019educaci\u00f3 f\u00edsica. Estem treballant el projecte Onades des del moviment i l\u2019emoci\u00f3, la dansa i la coordinaci\u00f3 del nostre cos inspirant-nos en el mar i&hellip;  <a href=\"https:\/\/agora.xtec.cat\/escferreriguardiagranollers\/general\/cicle-mitja-expressio-corporal-projecte-onades\/\" title=\"Read Expressi\u00f3 corporal &#8211; Projecte Onades\">Llegeix m\u00e9s\u00bb<\/a><\/p>\n","protected":false},"author":7,"featured_media":4193,"comment_status":"open","ping_status":"closed","sticky":false,"template":"","format":"standard","meta":{"_bbp_topic_count":0,"_bbp_reply_count":0,"_bbp_total_topic_count":0,"_bbp_total_reply_count":0,"_bbp_voice_count":0,"_bbp_anonymous_reply_count":0,"_bbp_topic_count_hidden":0,"_bbp_reply_count_hidden":0,"_bbp_forum_subforum_count":0,"footnotes":""},"categories":[1],"tags":[],"class_list":["post-4185","post","type-post","status-publish","format-standard","has-post-thumbnail","hentry","category-general"],"post_mailing_queue_ids":[],"_links":{"self":[{"href":"https:\/\/agora.xtec.cat\/escferreriguardiagranollers\/wp-json\/wp\/v2\/posts\/4185","targetHints":{"allow":["GET"]}}],"collection":[{"href":"https:\/\/agora.xtec.cat\/escferreriguardiagranollers\/wp-json\/wp\/v2\/posts"}],"about":[{"href":"https:\/\/agora.xtec.cat\/escferreriguardiagranollers\/wp-json\/wp\/v2\/types\/post"}],"author":[{"embeddable":true,"href":"https:\/\/agora.xtec.cat\/escferreriguardiagranollers\/wp-json\/wp\/v2\/users\/7"}],"replies":[{"embeddable":true,"href":"https:\/\/agora.xtec.cat\/escferreriguardiagranollers\/wp-json\/wp\/v2\/comments?post=4185"}],"version-history":[{"count":3,"href":"https:\/\/agora.xtec.cat\/escferreriguardiagranollers\/wp-json\/wp\/v2\/posts\/4185\/revisions"}],"predecessor-version":[{"id":4208,"href":"https:\/\/agora.xtec.cat\/escferreriguardiagranollers\/wp-json\/wp\/v2\/posts\/4185\/revisions\/4208"}],"wp:featuredmedia":[{"embeddable":true,"href":"https:\/\/agora.xtec.cat\/escferreriguardiagranollers\/wp-json\/wp\/v2\/media\/4193"}],"wp:attachment":[{"href":"https:\/\/agora.xtec.cat\/escferreriguardiagranollers\/wp-json\/wp\/v2\/media?parent=4185"}],"wp:term":[{"taxonomy":"category","embeddable":true,"href":"https:\/\/agora.xtec.cat\/escferreriguardiagranollers\/wp-json\/wp\/v2\/categories?post=4185"},{"taxonomy":"post_tag","embeddable":true,"href":"https:\/\/agora.xtec.cat\/escferreriguardiagranollers\/wp-json\/wp\/v2\/tags?post=4185"}],"curies":[{"name":"wp","href":"https:\/\/api.w.org\/{rel}","templated":true}]}}