{"id":4146,"date":"2021-01-27T21:50:17","date_gmt":"2021-01-27T20:50:17","guid":{"rendered":"http:\/\/agora.xtec.cat\/escferreriguardiagranollers\/?p=4146"},"modified":"2021-03-11T10:01:20","modified_gmt":"2021-03-11T09:01:20","slug":"portes-obertes-i-preinscripcio-2021","status":"publish","type":"post","link":"https:\/\/agora.xtec.cat\/escferreriguardiagranollers\/portada\/portes-obertes-i-preinscripcio-2021\/","title":{"rendered":"PREINSCRIPCI\u00d3 2021"},"content":{"rendered":"<p><strong>Les dates de les preinscripci\u00f3 per al curs 2021-2022 s\u00f3n del 15 al 24 de mar\u00e7.\u00a0<\/strong><\/p>\n<p>Podeu fer la preinscripci\u00f3 telem\u00e0ticament. Aqu\u00ed teniu informaci\u00f3 sobre com realitzar-la:<\/p>\n<p><a href=\"http:\/\/educacio.gencat.cat\/ca\/inici\/nota-premsa\/20210218-nou-web-responsiu\">http:\/\/educacio.gencat.cat\/ca\/inici\/nota-premsa\/20210218-nou-web-responsiu<\/a><\/p>\n<p><a href=\"https:\/\/agora.xtec.cat\/escferreriguardiagranollers\/wp-content\/uploads\/usu988\/2021\/01\/guia-preinscripcio.pdf\">guia-preinscripcio<\/a><\/p>\n<p>Tamb\u00e9 us podem ajudar a realitzar\u00a0 la sol\u00b7licitud des de l&#8217;escola. Podeu demanar cita pr\u00e8via trucant al 936934802 o escrivint un correu electr\u00f2nic al a8017712@xtec.cat<\/p>\n<p>&nbsp;<\/p>\n<p><strong>OFERTA DE PLACES<\/strong><\/p>\n<p><a href=\"https:\/\/agora.xtec.cat\/escferreriguardiagranollers\/wp-content\/uploads\/usu988\/2021\/01\/INFORME_OFERTA_OME_INFORME_OFERTA-FiG.pdf\">INFORME_OFERTA_OME_INFORME_OFERTA (FiG)<\/a><\/p>\n<p>&nbsp;<\/p>\n<p><strong>INFORMACI\u00d3 &#8211; PORTES OBERTES VIRTUALS:<\/strong><\/p>\n<p><iframe loading=\"lazy\" src=\"\/\/www.youtube.com\/embed\/Hps8HKo_wEA\" width=\"560\" height=\"314\"><\/iframe><\/p>\n<p><a href=\"https:\/\/agora.xtec.cat\/escferreriguardiagranollers\/wp-content\/uploads\/usu988\/2021\/01\/1.png\"><img loading=\"lazy\" decoding=\"async\" class=\"alignnone wp-image-4147\" src=\"https:\/\/agora.xtec.cat\/escferreriguardiagranollers\/wp-content\/uploads\/usu988\/2021\/01\/1-212x300.png\" alt=\"\" width=\"412\" height=\"583\" srcset=\"https:\/\/agora.xtec.cat\/escferreriguardiagranollers\/wp-content\/uploads\/usu988\/2021\/01\/1-212x300.png 212w, https:\/\/agora.xtec.cat\/escferreriguardiagranollers\/wp-content\/uploads\/usu988\/2021\/01\/1-768x1086.png 768w, https:\/\/agora.xtec.cat\/escferreriguardiagranollers\/wp-content\/uploads\/usu988\/2021\/01\/1-724x1024.png 724w, https:\/\/agora.xtec.cat\/escferreriguardiagranollers\/wp-content\/uploads\/usu988\/2021\/01\/1.png 1414w\" sizes=\"auto, (max-width: 412px) 100vw, 412px\" \/><\/a><\/p>\n<p><a href=\"https:\/\/agora.xtec.cat\/escferreriguardiagranollers\/wp-content\/uploads\/usu988\/2021\/01\/2.png\"><img loading=\"lazy\" decoding=\"async\" class=\"alignnone wp-image-4148\" src=\"https:\/\/agora.xtec.cat\/escferreriguardiagranollers\/wp-content\/uploads\/usu988\/2021\/01\/2-212x300.png\" alt=\"\" width=\"397\" height=\"562\" srcset=\"https:\/\/agora.xtec.cat\/escferreriguardiagranollers\/wp-content\/uploads\/usu988\/2021\/01\/2-212x300.png 212w, https:\/\/agora.xtec.cat\/escferreriguardiagranollers\/wp-content\/uploads\/usu988\/2021\/01\/2-768x1086.png 768w, https:\/\/agora.xtec.cat\/escferreriguardiagranollers\/wp-content\/uploads\/usu988\/2021\/01\/2-724x1024.png 724w, https:\/\/agora.xtec.cat\/escferreriguardiagranollers\/wp-content\/uploads\/usu988\/2021\/01\/2.png 1414w\" sizes=\"auto, (max-width: 397px) 100vw, 397px\" \/><\/a><\/p>\n<p>&nbsp;<\/p>\n<p>Aqu\u00ed teniu imatges de la nostra escola:<\/p>\n<p><iframe loading=\"lazy\" src=\"\/\/www.youtube.com\/embed\/_DyBNgEJMyg\" width=\"560\" height=\"314\"><\/iframe><\/p>\n<p>&nbsp;<\/p>\n<p><iframe loading=\"lazy\" src=\"\/\/www.youtube.com\/embed\/uXJGN2Yj8yc?t=34s\" width=\"560\" height=\"314\"><\/iframe><\/p>\n<p>&nbsp;<\/p>\n<p>&nbsp;<\/p>\n","protected":false},"excerpt":{"rendered":"<p>Les dates de les preinscripci\u00f3 per al curs 2021-2022 s\u00f3n del 15 al 24 de mar\u00e7.\u00a0<br \/>\nPodeu fer la preinscripci\u00f3 telem\u00e0ticament. Aqu\u00ed teniu informaci\u00f3 sobre com realitzar-la:<br \/>\n<a href=\"http:\/\/educacio.gencat.cat\/ca\/inici\/nota-premsa\/20210218-nou-web-responsiu\">http:\/\/educacio.gencat.cat\/ca\/inici\/nota-premsa\/20210218-nou-web-responsiu<\/a><br \/>\n<a href=\"https:\/\/agora.xtec.cat\/escferreriguardiagranollers\/wp-content\/uploads\/usu988\/2021\/01\/guia-preinscripcio.pdf\">guia-preinscripcio<\/a><br \/>\nTamb\u00e9 us podem ajudar a realitzar\u00a0 la sol\u00b7licitud des de l&#8217;escola. Podeu demanar cita pr\u00e8via trucant al 936934802&hellip;  <a href=\"https:\/\/agora.xtec.cat\/escferreriguardiagranollers\/portada\/portes-obertes-i-preinscripcio-2021\/\" title=\"Read PREINSCRIPCI\u00d3 2021\">Llegeix m\u00e9s\u00bb<\/a><\/p>\n","protected":false},"author":1,"featured_media":0,"comment_status":"open","ping_status":"closed","sticky":false,"template":"","format":"standard","meta":{"_bbp_topic_count":0,"_bbp_reply_count":0,"_bbp_total_topic_count":0,"_bbp_total_reply_count":0,"_bbp_voice_count":0,"_bbp_anonymous_reply_count":0,"_bbp_topic_count_hidden":0,"_bbp_reply_count_hidden":0,"_bbp_forum_subforum_count":0,"footnotes":""},"categories":[4],"tags":[],"class_list":["post-4146","post","type-post","status-publish","format-standard","hentry","category-portada"],"post_mailing_queue_ids":[],"_links":{"self":[{"href":"https:\/\/agora.xtec.cat\/escferreriguardiagranollers\/wp-json\/wp\/v2\/posts\/4146","targetHints":{"allow":["GET"]}}],"collection":[{"href":"https:\/\/agora.xtec.cat\/escferreriguardiagranollers\/wp-json\/wp\/v2\/posts"}],"about":[{"href":"https:\/\/agora.xtec.cat\/escferreriguardiagranollers\/wp-json\/wp\/v2\/types\/post"}],"author":[{"embeddable":true,"href":"https:\/\/agora.xtec.cat\/escferreriguardiagranollers\/wp-json\/wp\/v2\/users\/1"}],"replies":[{"embeddable":true,"href":"https:\/\/agora.xtec.cat\/escferreriguardiagranollers\/wp-json\/wp\/v2\/comments?post=4146"}],"version-history":[{"count":4,"href":"https:\/\/agora.xtec.cat\/escferreriguardiagranollers\/wp-json\/wp\/v2\/posts\/4146\/revisions"}],"predecessor-version":[{"id":4350,"href":"https:\/\/agora.xtec.cat\/escferreriguardiagranollers\/wp-json\/wp\/v2\/posts\/4146\/revisions\/4350"}],"wp:attachment":[{"href":"https:\/\/agora.xtec.cat\/escferreriguardiagranollers\/wp-json\/wp\/v2\/media?parent=4146"}],"wp:term":[{"taxonomy":"category","embeddable":true,"href":"https:\/\/agora.xtec.cat\/escferreriguardiagranollers\/wp-json\/wp\/v2\/categories?post=4146"},{"taxonomy":"post_tag","embeddable":true,"href":"https:\/\/agora.xtec.cat\/escferreriguardiagranollers\/wp-json\/wp\/v2\/tags?post=4146"}],"curies":[{"name":"wp","href":"https:\/\/api.w.org\/{rel}","templated":true}]}}