{"id":4090,"date":"2020-12-03T12:05:37","date_gmt":"2020-12-03T11:05:37","guid":{"rendered":"http:\/\/agora.xtec.cat\/escferreriguardiagranollers\/?p=4090"},"modified":"2020-12-03T12:10:07","modified_gmt":"2020-12-03T11:10:07","slug":"els-pirates-de-cicle","status":"publish","type":"post","link":"https:\/\/agora.xtec.cat\/escferreriguardiagranollers\/general\/els-pirates-de-cicle\/","title":{"rendered":"ELS PIRATES DE CICLE"},"content":{"rendered":"<p><strong>Hem arribat a bon port!!<\/strong><\/p>\n<p>Fam\u00edlies,<\/p>\n<p>Han estat quatres setmanes de molta feina, per\u00f2 les portes de cicle mitj\u00e0 llueixin com mai. Totes tenen el seu propi pirata i fa molt de goig, perqu\u00e8 els resultats aconseguits s\u00f3n magn\u00edfics.<\/p>\n<p>Teniu grans artistes a casa.<\/p>\n<p>Us presentem:<\/p>\n<figure class=\"figure wp-caption alignnone\"><a style=\"font-weight: bold; font-family: inherit; font-size: 1em;\" href=\"https:\/\/agora.xtec.cat\/escferreriguardiagranollers\/wp-content\/uploads\/usu988\/2020\/12\/Pirata-CMC.jpg\"><img loading=\"lazy\" decoding=\"async\" class=\"wp-image-4091 size-medium\" src=\"https:\/\/agora.xtec.cat\/escferreriguardiagranollers\/wp-content\/uploads\/usu988\/2020\/12\/Pirata-CMC-158x300.jpg\" alt=\"\" width=\"158\" height=\"300\" srcset=\"https:\/\/agora.xtec.cat\/escferreriguardiagranollers\/wp-content\/uploads\/usu988\/2020\/12\/Pirata-CMC-158x300.jpg 158w, https:\/\/agora.xtec.cat\/escferreriguardiagranollers\/wp-content\/uploads\/usu988\/2020\/12\/Pirata-CMC.jpg 439w\" sizes=\"auto, (max-width: 158px) 100vw, 158px\" \/><\/a><figcaption class=\"wp-caption-text\"><strong>Sara Bonny &#8211; CM C<\/strong><\/figcaption><\/figure>\n<figure class=\"figure wp-caption alignleft\"><a href=\"https:\/\/agora.xtec.cat\/escferreriguardiagranollers\/wp-content\/uploads\/usu988\/2020\/12\/pORTA-CMB.jpg\"><img loading=\"lazy\" decoding=\"async\" class=\"wp-image-4093 size-medium\" src=\"https:\/\/agora.xtec.cat\/escferreriguardiagranollers\/wp-content\/uploads\/usu988\/2020\/12\/pORTA-CMB-172x300.jpg\" alt=\"\" width=\"172\" height=\"300\" srcset=\"https:\/\/agora.xtec.cat\/escferreriguardiagranollers\/wp-content\/uploads\/usu988\/2020\/12\/pORTA-CMB-172x300.jpg 172w, https:\/\/agora.xtec.cat\/escferreriguardiagranollers\/wp-content\/uploads\/usu988\/2020\/12\/pORTA-CMB.jpg 474w\" sizes=\"auto, (max-width: 172px) 100vw, 172px\" \/><\/a><figcaption class=\"wp-caption-text\"><strong>El pirata Roig -CM B<\/strong><\/figcaption><\/figure>\n<p>&nbsp;<\/p>\n<p>&nbsp;<\/p>\n<p>&nbsp;<\/p>\n<p>&nbsp;<\/p>\n<p>&nbsp;<\/p>\n<p>&nbsp;<\/p>\n<p>&nbsp;<\/p>\n<p>&nbsp;<\/p>\n<figure class=\"figure wp-caption alignleft\"><a href=\"https:\/\/agora.xtec.cat\/escferreriguardiagranollers\/wp-content\/uploads\/usu988\/2020\/12\/PORTAA.jpg\"><img loading=\"lazy\" decoding=\"async\" class=\"wp-image-4092 size-medium\" src=\"https:\/\/agora.xtec.cat\/escferreriguardiagranollers\/wp-content\/uploads\/usu988\/2020\/12\/PORTAA-166x300.jpg\" alt=\"\" width=\"166\" height=\"300\" srcset=\"https:\/\/agora.xtec.cat\/escferreriguardiagranollers\/wp-content\/uploads\/usu988\/2020\/12\/PORTAA-166x300.jpg 166w, https:\/\/agora.xtec.cat\/escferreriguardiagranollers\/wp-content\/uploads\/usu988\/2020\/12\/PORTAA.jpg 509w\" sizes=\"auto, (max-width: 166px) 100vw, 166px\" \/><\/a><figcaption class=\"wp-caption-text\"><strong>Jack Wabon &#8211; CM A<\/strong><\/figcaption><\/figure>\n<p>&nbsp;<\/p>\n<p>&nbsp;<\/p>\n<p>&nbsp;<\/p>\n<p>&nbsp;<\/p>\n<p>&nbsp;<\/p>\n<p>&nbsp;<\/p>\n<p>&nbsp;<\/p>\n<p>&nbsp;<\/p>\n<p>Continuem navegant! Felicitats!!<\/p>\n","protected":false},"excerpt":{"rendered":"<p>Hem arribat a bon port!!<br \/>\nFam\u00edlies,<br \/>\nHan estat quatres setmanes de molta feina, per\u00f2 les portes de cicle mitj\u00e0 llueixin com mai. Totes tenen el seu propi pirata i fa molt de goig, perqu\u00e8 els resultats aconseguits s\u00f3n magn\u00edfics.<br \/>\nTeniu grans artistes a casa.<br \/>\nUs presentem:<br \/>\n<a style=\"font-weight: bold; font-family:&hellip;  <a href=\"https:\/\/agora.xtec.cat\/escferreriguardiagranollers\/general\/els-pirates-de-cicle\/\" title=\"Read ELS PIRATES DE CICLE\">Llegeix m\u00e9s\u00bb<\/a><\/p>\n","protected":false},"author":7,"featured_media":4097,"comment_status":"open","ping_status":"closed","sticky":false,"template":"","format":"standard","meta":{"_bbp_topic_count":0,"_bbp_reply_count":0,"_bbp_total_topic_count":0,"_bbp_total_reply_count":0,"_bbp_voice_count":0,"_bbp_anonymous_reply_count":0,"_bbp_topic_count_hidden":0,"_bbp_reply_count_hidden":0,"_bbp_forum_subforum_count":0,"footnotes":""},"categories":[1],"tags":[],"class_list":["post-4090","post","type-post","status-publish","format-standard","has-post-thumbnail","hentry","category-general"],"post_mailing_queue_ids":[],"_links":{"self":[{"href":"https:\/\/agora.xtec.cat\/escferreriguardiagranollers\/wp-json\/wp\/v2\/posts\/4090","targetHints":{"allow":["GET"]}}],"collection":[{"href":"https:\/\/agora.xtec.cat\/escferreriguardiagranollers\/wp-json\/wp\/v2\/posts"}],"about":[{"href":"https:\/\/agora.xtec.cat\/escferreriguardiagranollers\/wp-json\/wp\/v2\/types\/post"}],"author":[{"embeddable":true,"href":"https:\/\/agora.xtec.cat\/escferreriguardiagranollers\/wp-json\/wp\/v2\/users\/7"}],"replies":[{"embeddable":true,"href":"https:\/\/agora.xtec.cat\/escferreriguardiagranollers\/wp-json\/wp\/v2\/comments?post=4090"}],"version-history":[{"count":2,"href":"https:\/\/agora.xtec.cat\/escferreriguardiagranollers\/wp-json\/wp\/v2\/posts\/4090\/revisions"}],"predecessor-version":[{"id":4098,"href":"https:\/\/agora.xtec.cat\/escferreriguardiagranollers\/wp-json\/wp\/v2\/posts\/4090\/revisions\/4098"}],"wp:featuredmedia":[{"embeddable":true,"href":"https:\/\/agora.xtec.cat\/escferreriguardiagranollers\/wp-json\/wp\/v2\/media\/4097"}],"wp:attachment":[{"href":"https:\/\/agora.xtec.cat\/escferreriguardiagranollers\/wp-json\/wp\/v2\/media?parent=4090"}],"wp:term":[{"taxonomy":"category","embeddable":true,"href":"https:\/\/agora.xtec.cat\/escferreriguardiagranollers\/wp-json\/wp\/v2\/categories?post=4090"},{"taxonomy":"post_tag","embeddable":true,"href":"https:\/\/agora.xtec.cat\/escferreriguardiagranollers\/wp-json\/wp\/v2\/tags?post=4090"}],"curies":[{"name":"wp","href":"https:\/\/api.w.org\/{rel}","templated":true}]}}