{"id":3992,"date":"2020-11-22T18:24:17","date_gmt":"2020-11-22T17:24:17","guid":{"rendered":"http:\/\/agora.xtec.cat\/escferreriguardiagranollers\/?p=3992"},"modified":"2020-11-22T18:24:17","modified_gmt":"2020-11-22T17:24:17","slug":"el-nom-de-la-classe","status":"publish","type":"post","link":"https:\/\/agora.xtec.cat\/escferreriguardiagranollers\/infantil\/el-nom-de-la-classe\/","title":{"rendered":"El nom de la classe"},"content":{"rendered":"<p>Aprofitant que aquest curs treballarem el mar a trav\u00e9s del projecte Onades, que millor que el nom de la classe sigui el d&#8217;un animal del mar!<\/p>\n<p>Aix\u00ed que despr\u00e9s de molt pensar i d&#8217;una llarga votaci\u00f3 els nens i nenes de la classe de P3 seran les ORQUES<\/p>\n<p><a href=\"https:\/\/agora.xtec.cat\/escferreriguardiagranollers\/wp-content\/uploads\/usu988\/2020\/11\/IMG-20201120-WA0020-1.jpg\"><img loading=\"lazy\" decoding=\"async\" class=\"wp-image-3993 aligncenter\" src=\"https:\/\/agora.xtec.cat\/escferreriguardiagranollers\/wp-content\/uploads\/usu988\/2020\/11\/IMG-20201120-WA0020-1-1024x722.jpg\" alt=\"\" width=\"645\" height=\"455\" srcset=\"https:\/\/agora.xtec.cat\/escferreriguardiagranollers\/wp-content\/uploads\/usu988\/2020\/11\/IMG-20201120-WA0020-1-1024x722.jpg 1024w, https:\/\/agora.xtec.cat\/escferreriguardiagranollers\/wp-content\/uploads\/usu988\/2020\/11\/IMG-20201120-WA0020-1-300x212.jpg 300w, https:\/\/agora.xtec.cat\/escferreriguardiagranollers\/wp-content\/uploads\/usu988\/2020\/11\/IMG-20201120-WA0020-1-768x541.jpg 768w, https:\/\/agora.xtec.cat\/escferreriguardiagranollers\/wp-content\/uploads\/usu988\/2020\/11\/IMG-20201120-WA0020-1.jpg 1600w\" sizes=\"auto, (max-width: 645px) 100vw, 645px\" \/><\/a><\/p>\n","protected":false},"excerpt":{"rendered":"<p>Aprofitant que aquest curs treballarem el mar a trav\u00e9s del projecte Onades, que millor que el nom de la classe sigui el d&#8217;un animal del mar!<br \/>\nAix\u00ed que despr\u00e9s de molt pensar i d&#8217;una llarga votaci\u00f3 els nens i nenes de la classe de P3 seran&hellip;  <a href=\"https:\/\/agora.xtec.cat\/escferreriguardiagranollers\/infantil\/el-nom-de-la-classe\/\" title=\"Read El nom de la classe\">Llegeix m\u00e9s\u00bb<\/a><\/p>\n","protected":false},"author":3,"featured_media":3268,"comment_status":"open","ping_status":"closed","sticky":false,"template":"","format":"standard","meta":{"_bbp_topic_count":0,"_bbp_reply_count":0,"_bbp_total_topic_count":0,"_bbp_total_reply_count":0,"_bbp_voice_count":0,"_bbp_anonymous_reply_count":0,"_bbp_topic_count_hidden":0,"_bbp_reply_count_hidden":0,"_bbp_forum_subforum_count":0,"footnotes":""},"categories":[2,3],"tags":[],"class_list":["post-3992","post","type-post","status-publish","format-standard","has-post-thumbnail","hentry","category-infantil","category-p3"],"post_mailing_queue_ids":[],"_links":{"self":[{"href":"https:\/\/agora.xtec.cat\/escferreriguardiagranollers\/wp-json\/wp\/v2\/posts\/3992","targetHints":{"allow":["GET"]}}],"collection":[{"href":"https:\/\/agora.xtec.cat\/escferreriguardiagranollers\/wp-json\/wp\/v2\/posts"}],"about":[{"href":"https:\/\/agora.xtec.cat\/escferreriguardiagranollers\/wp-json\/wp\/v2\/types\/post"}],"author":[{"embeddable":true,"href":"https:\/\/agora.xtec.cat\/escferreriguardiagranollers\/wp-json\/wp\/v2\/users\/3"}],"replies":[{"embeddable":true,"href":"https:\/\/agora.xtec.cat\/escferreriguardiagranollers\/wp-json\/wp\/v2\/comments?post=3992"}],"version-history":[{"count":1,"href":"https:\/\/agora.xtec.cat\/escferreriguardiagranollers\/wp-json\/wp\/v2\/posts\/3992\/revisions"}],"predecessor-version":[{"id":3994,"href":"https:\/\/agora.xtec.cat\/escferreriguardiagranollers\/wp-json\/wp\/v2\/posts\/3992\/revisions\/3994"}],"wp:featuredmedia":[{"embeddable":true,"href":"https:\/\/agora.xtec.cat\/escferreriguardiagranollers\/wp-json\/wp\/v2\/media\/3268"}],"wp:attachment":[{"href":"https:\/\/agora.xtec.cat\/escferreriguardiagranollers\/wp-json\/wp\/v2\/media?parent=3992"}],"wp:term":[{"taxonomy":"category","embeddable":true,"href":"https:\/\/agora.xtec.cat\/escferreriguardiagranollers\/wp-json\/wp\/v2\/categories?post=3992"},{"taxonomy":"post_tag","embeddable":true,"href":"https:\/\/agora.xtec.cat\/escferreriguardiagranollers\/wp-json\/wp\/v2\/tags?post=3992"}],"curies":[{"name":"wp","href":"https:\/\/api.w.org\/{rel}","templated":true}]}}