{"id":3986,"date":"2020-11-22T18:16:17","date_gmt":"2020-11-22T17:16:17","guid":{"rendered":"http:\/\/agora.xtec.cat\/escferreriguardiagranollers\/?p=3986"},"modified":"2020-11-22T18:16:17","modified_gmt":"2020-11-22T17:16:17","slug":"el-nom-de-les-classes-2","status":"publish","type":"post","link":"https:\/\/agora.xtec.cat\/escferreriguardiagranollers\/infantil\/el-nom-de-les-classes-2\/","title":{"rendered":"El nom de les classes"},"content":{"rendered":"<p>Aprofitant que aquest curs treballarem el mar a trav\u00e9s del projecte Onades que millor que els noms de les classes tinguin noms d&#8217;animals del mar.<\/p>\n<p>Aix\u00ed que despr\u00e9s de molt pensar i d&#8217;una llarga votaci\u00f3 els noms que han estat triats s\u00f3n:<\/p>\n<p style=\"text-align: center;\"><strong>EI A: Taurons\u00a0 \u00a0 EI B: Peixos\u00a0 \u00a0 EI C: Tortugues marines<\/strong><\/p>\n<p><a href=\"https:\/\/agora.xtec.cat\/escferreriguardiagranollers\/wp-content\/uploads\/usu988\/2020\/11\/TRIEM-EL-NOM-DE-LA-CLASSE-COLLAGE.jpg\"><img loading=\"lazy\" decoding=\"async\" class=\"alignnone  wp-image-3987\" src=\"https:\/\/agora.xtec.cat\/escferreriguardiagranollers\/wp-content\/uploads\/usu988\/2020\/11\/TRIEM-EL-NOM-DE-LA-CLASSE-COLLAGE-768x1024.jpg\" alt=\"\" width=\"420\" height=\"560\" srcset=\"https:\/\/agora.xtec.cat\/escferreriguardiagranollers\/wp-content\/uploads\/usu988\/2020\/11\/TRIEM-EL-NOM-DE-LA-CLASSE-COLLAGE-768x1024.jpg 768w, https:\/\/agora.xtec.cat\/escferreriguardiagranollers\/wp-content\/uploads\/usu988\/2020\/11\/TRIEM-EL-NOM-DE-LA-CLASSE-COLLAGE-225x300.jpg 225w, https:\/\/agora.xtec.cat\/escferreriguardiagranollers\/wp-content\/uploads\/usu988\/2020\/11\/TRIEM-EL-NOM-DE-LA-CLASSE-COLLAGE.jpg 966w\" sizes=\"auto, (max-width: 420px) 100vw, 420px\" \/><\/a><a href=\"https:\/\/agora.xtec.cat\/escferreriguardiagranollers\/wp-content\/uploads\/usu988\/2020\/11\/IMG_20200928_094504-COLLAGE-1.jpg\"><img loading=\"lazy\" decoding=\"async\" class=\"wp-image-3988 alignnone\" src=\"https:\/\/agora.xtec.cat\/escferreriguardiagranollers\/wp-content\/uploads\/usu988\/2020\/11\/IMG_20200928_094504-COLLAGE-1-769x1024.jpg\" alt=\"\" width=\"420\" height=\"559\" srcset=\"https:\/\/agora.xtec.cat\/escferreriguardiagranollers\/wp-content\/uploads\/usu988\/2020\/11\/IMG_20200928_094504-COLLAGE-1-769x1024.jpg 769w, https:\/\/agora.xtec.cat\/escferreriguardiagranollers\/wp-content\/uploads\/usu988\/2020\/11\/IMG_20200928_094504-COLLAGE-1-225x300.jpg 225w, https:\/\/agora.xtec.cat\/escferreriguardiagranollers\/wp-content\/uploads\/usu988\/2020\/11\/IMG_20200928_094504-COLLAGE-1-768x1023.jpg 768w, https:\/\/agora.xtec.cat\/escferreriguardiagranollers\/wp-content\/uploads\/usu988\/2020\/11\/IMG_20200928_094504-COLLAGE-1.jpg 912w\" sizes=\"auto, (max-width: 420px) 100vw, 420px\" \/><\/a><a href=\"https:\/\/agora.xtec.cat\/escferreriguardiagranollers\/wp-content\/uploads\/usu988\/2020\/11\/Screenshot_20201121_213624-1.jpg\"><img loading=\"lazy\" decoding=\"async\" class=\"alignnone  wp-image-3990\" src=\"https:\/\/agora.xtec.cat\/escferreriguardiagranollers\/wp-content\/uploads\/usu988\/2020\/11\/Screenshot_20201121_213624-1-1024x576.jpg\" alt=\"\" width=\"836\" height=\"470\" srcset=\"https:\/\/agora.xtec.cat\/escferreriguardiagranollers\/wp-content\/uploads\/usu988\/2020\/11\/Screenshot_20201121_213624-1-1024x576.jpg 1024w, https:\/\/agora.xtec.cat\/escferreriguardiagranollers\/wp-content\/uploads\/usu988\/2020\/11\/Screenshot_20201121_213624-1-300x169.jpg 300w, https:\/\/agora.xtec.cat\/escferreriguardiagranollers\/wp-content\/uploads\/usu988\/2020\/11\/Screenshot_20201121_213624-1-768x432.jpg 768w, https:\/\/agora.xtec.cat\/escferreriguardiagranollers\/wp-content\/uploads\/usu988\/2020\/11\/Screenshot_20201121_213624-1.jpg 1027w\" sizes=\"auto, (max-width: 836px) 100vw, 836px\" \/><\/a><\/p>\n","protected":false},"excerpt":{"rendered":"<p>Aprofitant que aquest curs treballarem el mar a trav\u00e9s del projecte Onades que millor que els noms de les classes tinguin noms d&#8217;animals del mar.<br \/>\nAix\u00ed que despr\u00e9s de molt pensar i d&#8217;una llarga votaci\u00f3 els noms que han estat triats s\u00f3n:<br \/>\nEI A: Taurons\u00a0 \u00a0 EI&hellip;  <a href=\"https:\/\/agora.xtec.cat\/escferreriguardiagranollers\/infantil\/el-nom-de-les-classes-2\/\" title=\"Read El nom de les classes\">Llegeix m\u00e9s\u00bb<\/a><\/p>\n","protected":false},"author":3,"featured_media":3268,"comment_status":"open","ping_status":"closed","sticky":false,"template":"","format":"standard","meta":{"_bbp_topic_count":0,"_bbp_reply_count":0,"_bbp_total_topic_count":0,"_bbp_total_reply_count":0,"_bbp_voice_count":0,"_bbp_anonymous_reply_count":0,"_bbp_topic_count_hidden":0,"_bbp_reply_count_hidden":0,"_bbp_forum_subforum_count":0,"footnotes":""},"categories":[2,8,9],"tags":[],"class_list":["post-3986","post","type-post","status-publish","format-standard","has-post-thumbnail","hentry","category-infantil","category-p4","category-p5"],"post_mailing_queue_ids":[],"_links":{"self":[{"href":"https:\/\/agora.xtec.cat\/escferreriguardiagranollers\/wp-json\/wp\/v2\/posts\/3986","targetHints":{"allow":["GET"]}}],"collection":[{"href":"https:\/\/agora.xtec.cat\/escferreriguardiagranollers\/wp-json\/wp\/v2\/posts"}],"about":[{"href":"https:\/\/agora.xtec.cat\/escferreriguardiagranollers\/wp-json\/wp\/v2\/types\/post"}],"author":[{"embeddable":true,"href":"https:\/\/agora.xtec.cat\/escferreriguardiagranollers\/wp-json\/wp\/v2\/users\/3"}],"replies":[{"embeddable":true,"href":"https:\/\/agora.xtec.cat\/escferreriguardiagranollers\/wp-json\/wp\/v2\/comments?post=3986"}],"version-history":[{"count":1,"href":"https:\/\/agora.xtec.cat\/escferreriguardiagranollers\/wp-json\/wp\/v2\/posts\/3986\/revisions"}],"predecessor-version":[{"id":3991,"href":"https:\/\/agora.xtec.cat\/escferreriguardiagranollers\/wp-json\/wp\/v2\/posts\/3986\/revisions\/3991"}],"wp:featuredmedia":[{"embeddable":true,"href":"https:\/\/agora.xtec.cat\/escferreriguardiagranollers\/wp-json\/wp\/v2\/media\/3268"}],"wp:attachment":[{"href":"https:\/\/agora.xtec.cat\/escferreriguardiagranollers\/wp-json\/wp\/v2\/media?parent=3986"}],"wp:term":[{"taxonomy":"category","embeddable":true,"href":"https:\/\/agora.xtec.cat\/escferreriguardiagranollers\/wp-json\/wp\/v2\/categories?post=3986"},{"taxonomy":"post_tag","embeddable":true,"href":"https:\/\/agora.xtec.cat\/escferreriguardiagranollers\/wp-json\/wp\/v2\/tags?post=3986"}],"curies":[{"name":"wp","href":"https:\/\/api.w.org\/{rel}","templated":true}]}}