{"id":3977,"date":"2020-11-22T11:27:51","date_gmt":"2020-11-22T10:27:51","guid":{"rendered":"http:\/\/agora.xtec.cat\/escferreriguardiagranollers\/?p=3977"},"modified":"2020-11-24T18:30:18","modified_gmt":"2020-11-24T17:30:18","slug":"prova","status":"publish","type":"post","link":"https:\/\/agora.xtec.cat\/escferreriguardiagranollers\/general\/prova\/","title":{"rendered":"CELEBREM SANTA CEC\u00cdLIA"},"content":{"rendered":"<p>El passat\u00a0 20 de novembre vam celebrar Santa Cec\u00edlia, la patrona de la m\u00fasica. La celebraci\u00f3 van ser una mica diferent, perqu\u00e8 aquest any no he pogut gaudir del concert dels alumnes del Institut Vallbona. Per\u00f2, vam tenir un dia molt musical!!<\/p>\n<p>Durant el mat\u00ed els alumnes que estudien musica fora de l\u2019escola, han portat de casa seva el seu instrument musical. Ho van presentar i ens va tocar alguna can\u00e7\u00f3. Ens va fer molta il\u00b7lusi\u00f3!!<\/p>\n<p>Despr\u00e8s, vam seguir ritmes de percussi\u00f3 i vam ballar.<\/p>\n<p>La festa de Santa Cec\u00edlia va ser diferent, per\u00f2 molt i molt divertida!!<\/p>\n<p>Si voleu veure el v\u00eddeo dels alumnes de CM-C, heu de clicar en \u201cSanta Cec\u00edlia\u201d. Esperem que us agradi!!\ud83d\ude17<\/p>\n<p><a href=\"https:\/\/agora.xtec.cat\/escferreriguardiagranollers\/wp-content\/uploads\/usu988\/2020\/11\/NOTA.jpg\"><img loading=\"lazy\" decoding=\"async\" class=\"alignleft wp-image-3984 size-thumbnail\" src=\"https:\/\/agora.xtec.cat\/escferreriguardiagranollers\/wp-content\/uploads\/usu988\/2020\/11\/NOTA-150x150.jpg\" alt=\"\" width=\"150\" height=\"150\" srcset=\"https:\/\/agora.xtec.cat\/escferreriguardiagranollers\/wp-content\/uploads\/usu988\/2020\/11\/NOTA-150x150.jpg 150w, https:\/\/agora.xtec.cat\/escferreriguardiagranollers\/wp-content\/uploads\/usu988\/2020\/11\/NOTA-300x300.jpg 300w, https:\/\/agora.xtec.cat\/escferreriguardiagranollers\/wp-content\/uploads\/usu988\/2020\/11\/NOTA.jpg 600w\" sizes=\"auto, (max-width: 150px) 100vw, 150px\" \/><\/a><\/p>\n<p>&nbsp;<\/p>\n<p><a href=\"https:\/\/drive.google.com\/file\/d\/1FpUb58BjGf9JwaCcCzuYGPGA-Ixuhdi6\/view?usp=sharing\">Santa Cec\u00edlia<\/a><\/p>\n","protected":false},"excerpt":{"rendered":"<p>El passat\u00a0 20 de novembre vam celebrar Santa Cec\u00edlia, la patrona de la m\u00fasica. La celebraci\u00f3 van ser una mica diferent, perqu\u00e8 aquest any no he pogut gaudir del concert dels alumnes del Institut Vallbona. Per\u00f2, vam tenir un dia molt musical!!<br \/>\nDurant el mat\u00ed els&hellip;  <a href=\"https:\/\/agora.xtec.cat\/escferreriguardiagranollers\/general\/prova\/\" title=\"Read CELEBREM SANTA CEC\u00cdLIA\">Llegeix m\u00e9s\u00bb<\/a><\/p>\n","protected":false},"author":7,"featured_media":3979,"comment_status":"open","ping_status":"closed","sticky":false,"template":"","format":"standard","meta":{"_bbp_topic_count":0,"_bbp_reply_count":0,"_bbp_total_topic_count":0,"_bbp_total_reply_count":0,"_bbp_voice_count":0,"_bbp_anonymous_reply_count":0,"_bbp_topic_count_hidden":0,"_bbp_reply_count_hidden":0,"_bbp_forum_subforum_count":0,"footnotes":""},"categories":[1],"tags":[],"class_list":["post-3977","post","type-post","status-publish","format-standard","has-post-thumbnail","hentry","category-general"],"post_mailing_queue_ids":[],"_links":{"self":[{"href":"https:\/\/agora.xtec.cat\/escferreriguardiagranollers\/wp-json\/wp\/v2\/posts\/3977","targetHints":{"allow":["GET"]}}],"collection":[{"href":"https:\/\/agora.xtec.cat\/escferreriguardiagranollers\/wp-json\/wp\/v2\/posts"}],"about":[{"href":"https:\/\/agora.xtec.cat\/escferreriguardiagranollers\/wp-json\/wp\/v2\/types\/post"}],"author":[{"embeddable":true,"href":"https:\/\/agora.xtec.cat\/escferreriguardiagranollers\/wp-json\/wp\/v2\/users\/7"}],"replies":[{"embeddable":true,"href":"https:\/\/agora.xtec.cat\/escferreriguardiagranollers\/wp-json\/wp\/v2\/comments?post=3977"}],"version-history":[{"count":3,"href":"https:\/\/agora.xtec.cat\/escferreriguardiagranollers\/wp-json\/wp\/v2\/posts\/3977\/revisions"}],"predecessor-version":[{"id":4019,"href":"https:\/\/agora.xtec.cat\/escferreriguardiagranollers\/wp-json\/wp\/v2\/posts\/3977\/revisions\/4019"}],"wp:featuredmedia":[{"embeddable":true,"href":"https:\/\/agora.xtec.cat\/escferreriguardiagranollers\/wp-json\/wp\/v2\/media\/3979"}],"wp:attachment":[{"href":"https:\/\/agora.xtec.cat\/escferreriguardiagranollers\/wp-json\/wp\/v2\/media?parent=3977"}],"wp:term":[{"taxonomy":"category","embeddable":true,"href":"https:\/\/agora.xtec.cat\/escferreriguardiagranollers\/wp-json\/wp\/v2\/categories?post=3977"},{"taxonomy":"post_tag","embeddable":true,"href":"https:\/\/agora.xtec.cat\/escferreriguardiagranollers\/wp-json\/wp\/v2\/tags?post=3977"}],"curies":[{"name":"wp","href":"https:\/\/api.w.org\/{rel}","templated":true}]}}