{"id":3813,"date":"2020-10-19T09:38:45","date_gmt":"2020-10-19T07:38:45","guid":{"rendered":"http:\/\/agora.xtec.cat\/escferreriguardiagranollers\/?p=3813"},"modified":"2020-10-25T20:03:07","modified_gmt":"2020-10-25T19:03:07","slug":"octubre2020","status":"publish","type":"post","link":"https:\/\/agora.xtec.cat\/escferreriguardiagranollers\/general\/octubre2020\/","title":{"rendered":"OCTUBRE&#8217;2020"},"content":{"rendered":"<table style=\"width: 700px; height: 1348px;\">\n<tbody>\n<tr style=\"height: 369px;\">\n<td style=\"width: 694px; height: 369px;\">\n<ul>\n<li><strong>Dimecres, 21 d&#8217;octubre<\/strong>: Reuni\u00f3 pedag\u00f2gica virtual de Fam\u00edlies de Cicle Mitj\u00e0. Hora: 17,15h<\/li>\n<\/ul>\n<p><a href=\"https:\/\/agora.xtec.cat\/escferreriguardiagranollers\/wp-content\/uploads\/usu988\/2020\/01\/reunio_families1.png\"><img loading=\"lazy\" decoding=\"async\" class=\"size-medium wp-image-3160 aligncenter\" src=\"https:\/\/agora.xtec.cat\/escferreriguardiagranollers\/wp-content\/uploads\/usu988\/2020\/01\/reunio_families1-300x300.png\" alt=\"\" width=\"300\" height=\"300\" data-wp-editing=\"1\" srcset=\"https:\/\/agora.xtec.cat\/escferreriguardiagranollers\/wp-content\/uploads\/usu988\/2020\/01\/reunio_families1-300x300.png 300w, https:\/\/agora.xtec.cat\/escferreriguardiagranollers\/wp-content\/uploads\/usu988\/2020\/01\/reunio_families1-150x150.png 150w, https:\/\/agora.xtec.cat\/escferreriguardiagranollers\/wp-content\/uploads\/usu988\/2020\/01\/reunio_families1.png 529w\" sizes=\"auto, (max-width: 300px) 100vw, 300px\" \/><\/a><\/td>\n<\/tr>\n<tr style=\"height: 432px;\">\n<td style=\"width: 694px; height: 432px;\">\n<ul>\n<li><strong>Dijous, 22 d&#8217;octubre<\/strong>: Els nens\/es de Cicle Mitj\u00e0 aniran a l&#8217;espai exterior de Roca Umbert a gaudir de l&#8217;espectacle musical &#8220;<strong>Pirates, bruixots i altres bitxos<\/strong>&#8220;. Companyia: Pep L\u00f3pez.<\/li>\n<\/ul>\n<p><a href=\"https:\/\/agora.xtec.cat\/escferreriguardiagranollers\/wp-content\/uploads\/usu988\/2020\/10\/pirates-bruixots.jpg\"><img loading=\"lazy\" decoding=\"async\" class=\"wp-image-3818 size-full aligncenter\" src=\"https:\/\/agora.xtec.cat\/escferreriguardiagranollers\/wp-content\/uploads\/usu988\/2020\/10\/pirates-bruixots.jpg\" alt=\"\" width=\"512\" height=\"341\" srcset=\"https:\/\/agora.xtec.cat\/escferreriguardiagranollers\/wp-content\/uploads\/usu988\/2020\/10\/pirates-bruixots.jpg 512w, https:\/\/agora.xtec.cat\/escferreriguardiagranollers\/wp-content\/uploads\/usu988\/2020\/10\/pirates-bruixots-300x200.jpg 300w\" sizes=\"auto, (max-width: 512px) 100vw, 512px\" \/><\/a><\/td>\n<\/tr>\n<tr>\n<td style=\"width: 694px;\">\n<ul>\n<li><strong>Dimecres, 28 d&#8217;octubre<\/strong>:\u00a0 Els alumnes de CM A I CM B faran de nou tallers &#8220;Ars\u00e8nic&#8221;amb els alumnes del Institut Celest\u00ed Bellera, que estan realitzant el Cicle Formatiu de Grau Superior en T\u00e8cniques d&#8217;Actuaci\u00f3. Espai: Roca Umbert.<\/li>\n<\/ul>\n<p><a href=\"https:\/\/agora.xtec.cat\/escferreriguardiagranollers\/wp-content\/uploads\/usu988\/2020\/10\/ARSENI.jpg\"><img loading=\"lazy\" decoding=\"async\" class=\"aligncenter size-medium wp-image-3866\" src=\"https:\/\/agora.xtec.cat\/escferreriguardiagranollers\/wp-content\/uploads\/usu988\/2020\/10\/ARSENI-300x300.jpg\" alt=\"\" width=\"300\" height=\"300\" \/><\/a><\/td>\n<\/tr>\n<tr style=\"height: 361px;\">\n<td style=\"width: 694px; height: 361px;\">\n<ul>\n<li><strong>Dijous, 29 d&#8217;octubre<\/strong>:\u00a0 Festa de la castanyada\/ Festa de Halloween. A gaudir d&#8217;un dia molt especial!!<\/li>\n<\/ul>\n<p><a href=\"https:\/\/agora.xtec.cat\/escferreriguardiagranollers\/wp-content\/uploads\/usu988\/2020\/10\/hallayon.jpg\"><img loading=\"lazy\" decoding=\"async\" class=\"size-medium wp-image-3820 alignright\" src=\"https:\/\/agora.xtec.cat\/escferreriguardiagranollers\/wp-content\/uploads\/usu988\/2020\/10\/hallayon-300x225.jpg\" alt=\"\" width=\"300\" height=\"225\" srcset=\"https:\/\/agora.xtec.cat\/escferreriguardiagranollers\/wp-content\/uploads\/usu988\/2020\/10\/hallayon-300x225.jpg 300w, https:\/\/agora.xtec.cat\/escferreriguardiagranollers\/wp-content\/uploads\/usu988\/2020\/10\/hallayon-200x150.jpg 200w, https:\/\/agora.xtec.cat\/escferreriguardiagranollers\/wp-content\/uploads\/usu988\/2020\/10\/hallayon.jpg 600w\" sizes=\"auto, (max-width: 300px) 100vw, 300px\" \/><\/a><a href=\"https:\/\/agora.xtec.cat\/escferreriguardiagranollers\/wp-content\/uploads\/usu988\/2020\/10\/castanyada.jpg\"><img loading=\"lazy\" decoding=\"async\" class=\"size-medium wp-image-3819 alignleft\" src=\"https:\/\/agora.xtec.cat\/escferreriguardiagranollers\/wp-content\/uploads\/usu988\/2020\/10\/castanyada-300x270.jpg\" alt=\"\" width=\"300\" height=\"270\" srcset=\"https:\/\/agora.xtec.cat\/escferreriguardiagranollers\/wp-content\/uploads\/usu988\/2020\/10\/castanyada-300x270.jpg 300w, https:\/\/agora.xtec.cat\/escferreriguardiagranollers\/wp-content\/uploads\/usu988\/2020\/10\/castanyada.jpg 512w\" sizes=\"auto, (max-width: 300px) 100vw, 300px\" \/><\/a><\/td>\n<\/tr>\n<\/tbody>\n<\/table>\n","protected":false},"excerpt":{"rendered":"<p>Activitats que farem els alumnes de Cicle Mitj\u00e0 al llarg d&#8217;aquest mes.&hellip;  <a href=\"https:\/\/agora.xtec.cat\/escferreriguardiagranollers\/general\/octubre2020\/\" title=\"Read OCTUBRE&#8217;2020\">Llegeix m\u00e9s\u00bb<\/a><\/p>\n","protected":false},"author":7,"featured_media":1413,"comment_status":"open","ping_status":"closed","sticky":false,"template":"","format":"standard","meta":{"_bbp_topic_count":0,"_bbp_reply_count":0,"_bbp_total_topic_count":0,"_bbp_total_reply_count":0,"_bbp_voice_count":0,"_bbp_anonymous_reply_count":0,"_bbp_topic_count_hidden":0,"_bbp_reply_count_hidden":0,"_bbp_forum_subforum_count":0,"footnotes":""},"categories":[1],"tags":[],"class_list":["post-3813","post","type-post","status-publish","format-standard","has-post-thumbnail","hentry","category-general"],"post_mailing_queue_ids":[],"_links":{"self":[{"href":"https:\/\/agora.xtec.cat\/escferreriguardiagranollers\/wp-json\/wp\/v2\/posts\/3813","targetHints":{"allow":["GET"]}}],"collection":[{"href":"https:\/\/agora.xtec.cat\/escferreriguardiagranollers\/wp-json\/wp\/v2\/posts"}],"about":[{"href":"https:\/\/agora.xtec.cat\/escferreriguardiagranollers\/wp-json\/wp\/v2\/types\/post"}],"author":[{"embeddable":true,"href":"https:\/\/agora.xtec.cat\/escferreriguardiagranollers\/wp-json\/wp\/v2\/users\/7"}],"replies":[{"embeddable":true,"href":"https:\/\/agora.xtec.cat\/escferreriguardiagranollers\/wp-json\/wp\/v2\/comments?post=3813"}],"version-history":[{"count":3,"href":"https:\/\/agora.xtec.cat\/escferreriguardiagranollers\/wp-json\/wp\/v2\/posts\/3813\/revisions"}],"predecessor-version":[{"id":3867,"href":"https:\/\/agora.xtec.cat\/escferreriguardiagranollers\/wp-json\/wp\/v2\/posts\/3813\/revisions\/3867"}],"wp:featuredmedia":[{"embeddable":true,"href":"https:\/\/agora.xtec.cat\/escferreriguardiagranollers\/wp-json\/wp\/v2\/media\/1413"}],"wp:attachment":[{"href":"https:\/\/agora.xtec.cat\/escferreriguardiagranollers\/wp-json\/wp\/v2\/media?parent=3813"}],"wp:term":[{"taxonomy":"category","embeddable":true,"href":"https:\/\/agora.xtec.cat\/escferreriguardiagranollers\/wp-json\/wp\/v2\/categories?post=3813"},{"taxonomy":"post_tag","embeddable":true,"href":"https:\/\/agora.xtec.cat\/escferreriguardiagranollers\/wp-json\/wp\/v2\/tags?post=3813"}],"curies":[{"name":"wp","href":"https:\/\/api.w.org\/{rel}","templated":true}]}}